{"id":594184,"date":"2025-11-22T12:14:24","date_gmt":"2025-11-22T12:14:24","guid":{"rendered":"https:\/\/www.europesays.com\/de\/594184\/"},"modified":"2025-11-22T12:14:24","modified_gmt":"2025-11-22T12:14:24","slug":"fichte-aus-thueringen-der-sieger-im-weihnachtsbaum-casting-faehrt-nach-berlin-bayern","status":"publish","type":"post","link":"https:\/\/www.europesays.com\/de\/594184\/","title":{"rendered":"Fichte aus Th\u00fcringen &#8211; Der Sieger im Weihnachtsbaum-Casting f\u00e4hrt nach Berlin &#8211; Bayern"},"content":{"rendered":"<p data-manual=\"paragraph\" data-schema-org-speakable=\"true\" class=\"css-1eosz7k\">Erfurt (dpa) &#8211; Er ist 16 Meter gro\u00df, hat sich gegen harte Konkurrenz durchgesetzt und verbringt seinen Lebensabend vor einem der ber\u00fchmtesten Wahrzeichen Deutschlands: In S\u00f6mmerda in <a href=\"https:\/\/www.sueddeutsche.de\/thema\/Th%C3%BCringen\" target=\"_blank\" rel=\"noopener\">Th\u00fcringen<\/a> ist der Weihnachtsbaum f\u00fcr das Brandenburger Tor gef\u00e4llt worden. Die Fichte wurde bei bitterkalten Temperaturen mit Hilfe eines Schwerlastkrans auf einen Tieflader verladen und tritt nun die Reise nach <a href=\"https:\/\/www.sueddeutsche.de\/thema\/Berlin\" target=\"_blank\" rel=\"noopener\">Berlin<\/a> an, wie ein Sprecher der Th\u00fcringer Landesforstanstalt sagte.<\/p>\n<p><img decoding=\"async\" src=\"https:\/\/www.europesays.com\/de\/wp-content\/uploads\/2025\/11\/f631867f-30ad-4e73-b74d-7688f2d06e1c.jpg\"   alt=\"Wichtig ist eine perfekte Kegelform.\" loading=\"lazy\" class=\"css-8atqhb\"\/>Wichtig ist eine perfekte Kegelform. (Foto: Tobias Junghann\u00df\/dpa)<\/p>\n<p data-manual=\"paragraph\" data-schema-org-speakable=\"true\" class=\"css-1eosz7k\">Die Anforderungen an den Baum seien hoch: \u201eEs ist eine Art Casting. Wir suchen das ganze Jahr \u00fcber geeignete Weihnachtsb\u00e4ume\u201c, sagte der Sprecher weiter. Wichtig sei eine perfekte Kegelform, \u00c4ste bis zum Boden und dichte Nadeln. Wenn das erf\u00fcllt sei, sei noch wichtig, dass die Spezialfahrzeuge gut an den Baum heranfahren k\u00f6nnen.<\/p>\n<p data-manual=\"paragraph\" data-schema-org-speakable=\"true\" class=\"css-1eosz7k\">Bereits zum elften Mal komme der Baum f\u00fcr das Brandenburger Tor aus Th\u00fcringen, so der Sprecher. \u201eWir freuen uns, dass wir damit den Berlinerinnen und Berlinern und den vielen G\u00e4sten eine Freude bereiten k\u00f6nnen.\u201c Der Baum soll am Montag in Berlin aufgestellt werden.<\/p>\n<p data-manual=\"paragraph\" data-schema-org-speakable=\"true\" class=\"css-1eosz7k\">\u00a9 dpa-infocom, dpa:251122-930-326056\/1<\/p>\n","protected":false},"excerpt":{"rendered":"Erfurt (dpa) &#8211; Er ist 16 Meter gro\u00df, hat sich gegen harte Konkurrenz durchgesetzt und verbringt seinen Lebensabend&hellip;\n","protected":false},"author":2,"featured_media":594185,"comment_status":"","ping_status":"","sticky":false,"template":"","format":"standard","meta":{"footnotes":""},"categories":[1825],"tags":[17274,141992,141991,772,296,29,55672,30,149,861,12289],"class_list":{"0":"post-594184","1":"post","2":"type-post","3":"status-publish","4":"format-standard","5":"has-post-thumbnail","7":"category-berlin","8":"tag-brauchtum","9":"tag-99610-soemmerda","10":"tag-am-hanfland-1","11":"tag-bayern","12":"tag-berlin","13":"tag-deutschland","14":"tag-forst","15":"tag-germany","16":"tag-sueddeutsche-zeitung","17":"tag-thueringen","18":"tag-weihnachten"},"share_on_mastodon":{"url":"https:\/\/pubeurope.com\/@de\/115593299463516411","error":""},"_links":{"self":[{"href":"https:\/\/www.europesays.com\/de\/wp-json\/wp\/v2\/posts\/594184","targetHints":{"allow":["GET"]}}],"collection":[{"href":"https:\/\/www.europesays.com\/de\/wp-json\/wp\/v2\/posts"}],"about":[{"href":"https:\/\/www.europesays.com\/de\/wp-json\/wp\/v2\/types\/post"}],"author":[{"embeddable":true,"href":"https:\/\/www.europesays.com\/de\/wp-json\/wp\/v2\/users\/2"}],"replies":[{"embeddable":true,"href":"https:\/\/www.europesays.com\/de\/wp-json\/wp\/v2\/comments?post=594184"}],"version-history":[{"count":0,"href":"https:\/\/www.europesays.com\/de\/wp-json\/wp\/v2\/posts\/594184\/revisions"}],"wp:featuredmedia":[{"embeddable":true,"href":"https:\/\/www.europesays.com\/de\/wp-json\/wp\/v2\/media\/594185"}],"wp:attachment":[{"href":"https:\/\/www.europesays.com\/de\/wp-json\/wp\/v2\/media?parent=594184"}],"wp:term":[{"taxonomy":"category","embeddable":true,"href":"https:\/\/www.europesays.com\/de\/wp-json\/wp\/v2\/categories?post=594184"},{"taxonomy":"post_tag","embeddable":true,"href":"https:\/\/www.europesays.com\/de\/wp-json\/wp\/v2\/tags?post=594184"}],"curies":[{"name":"wp","href":"https:\/\/api.w.org\/{rel}","templated":true}]}}