{"id":594190,"date":"2025-11-22T12:18:26","date_gmt":"2025-11-22T12:18:26","guid":{"rendered":"https:\/\/www.europesays.com\/de\/594190\/"},"modified":"2025-11-22T12:18:26","modified_gmt":"2025-11-22T12:18:26","slug":"rtl-star-frauke-ludowig-meidet-morgenmagazine-aus-diesem-grund","status":"publish","type":"post","link":"https:\/\/www.europesays.com\/de\/594190\/","title":{"rendered":"RTL-Star Frauke Ludowig meidet Morgenmagazine aus diesem Grund"},"content":{"rendered":"<ol class=\"id-DonaldBreadcrumb lp_west_breadcrumb id-DonaldBreadcrumb--default\" data-k5a-pos=\"west_breadcrumb\">\n<li class=\"id-Breadcrumb-item\"><a href=\"https:\/\/www.hna.de\/\" class=\"id-Breadcrumb-link\" data-id-ec=\"{\" shn=\"\" textlink=\"\" data-k5a-pos=\"1_startseite\" rel=\"nofollow noopener\" target=\"_blank\">Startseite<\/a><\/li>\n<li class=\"id-Breadcrumb-item\"><a href=\"https:\/\/www.hna.de\/leute\/\" class=\"id-Breadcrumb-link\" data-id-ec=\"{\" shn=\"\" textlink=\"\" tv=\"\" data-k5a-pos=\"2_starsTv\" rel=\"nofollow noopener\" target=\"_blank\">Stars &amp; TV<\/a><\/li>\n<\/ol>\n<p class=\"id-Story-timestamp id-Story-timestamp--default\">Stand: 22.11.2025, 04:54 Uhr<\/p>\n<p class=\"id-Story-interactionBar id-Story-interactionBar--default\">DruckenTeilen<\/p>\n<p class=\"id-StoryElement-leadText\">Frauke Ludowig verzichtet bewusst auf Moderationen am fr\u00fchen Morgen. Den Grund hierf\u00fcr teilt sie aktuell in einer neuen Folge ihres Podcasts mit.<\/p>\n<p class=\"id-StoryElement-paragraph\">K\u00f6ln \u2013\u00a0Wer im Fernsehen oder Radio arbeitet, muss meistens fr\u00fch aufstehen. Doch obwohl Frauke Ludowig (61) schon seit Jahren als Moderatorin t\u00e4tig ist, kann sie den Morgenstunden nichts abgewinnen. Mit wenig Schlaf hat die TV-Ikone nicht nur mit M\u00fcdigkeit, sondern auch mit \u00dcbelkeit zu k\u00e4mpfen.<\/p>\n<p><img decoding=\"async\" class=\"id-RatioPlaceholder-element wv_story_el_image\" src=\"https:\/\/www.europesays.com\/de\/wp-content\/uploads\/2025\/11\/40481827-frauke-ludowig-steht-grundsaetzlich-nicht-fruehmorgens-vor-der-kamera-woran-das-liegt-verra.jpeg\" loading=\"lazy\"   height=\"619\" width=\"1100\" alt=\"Frauke Ludowig steht grunds&#xE4;tzlich nicht fr&#xFC;hmorgens vor der Kamera. Woran das liegt, verr&#xE4;t sie jetzt in einer neuen Folge ihres Podcasts.\"\/>Frauke Ludowig steht grunds\u00e4tzlich nicht fr\u00fchmorgens vor der Kamera. Woran das liegt, verr\u00e4t sie jetzt in einer neuen Folge ihres Podcasts. \u00a9\u00a0IMAGO \/ pictureteam<\/p>\n<p class=\"id-StoryElement-paragraph\">In einer neuen Podcast-Folge von \u201eFrau Keludowig und Tine \u2013 exklusiv und ungeschminkt\u201c spricht Ludowig \u00fcber eine Zeit, die ihr buchst\u00e4blich den Magen umdrehte: ihre fr\u00fchen Arbeitsschichten im Radio. Denn: Die RTL-Moderatorin leidet noch heute unter \u00dcbelkeit, sobald es ums fr\u00fche Aufstehen geht.<\/p>\n<p>Kein Glamour am Morgen: Frauke Ludowig fand die Fr\u00fchschicht zum Kotzen<\/p>\n<p class=\"id-StoryElement-paragraph\">Frauke Ludowig erinnert sich daran, wie sie bereits um 3 Uhr morgens losfahren musste, um ihre Radio-Moderationen zu \u00fcbernehmen. \u201eMir war so schlecht, dass ich immer an einem Feldweg anhalten musste, habe mich einmal \u00fcbergeben und bin dann weitergefahren\u201c, berichtet sie in ihrem Podcast.<\/p>\n<p class=\"id-StoryElement-paragraph\">Nach zwei Jahren war f\u00fcr sie klar: Dieser Rhythmus ist nichts f\u00fcr sie. \u201eIch bin einfach nicht gemacht f\u00fcr die Morgenschiene\u201c, sagt sie offen. \u201eDurch das fr\u00fche Aufstehen bin ich \u00fcbern\u00e4chtigt und mir wird davon immer so schlecht.\u201c Doch nicht nur \u00dcbelkeit verdirbt Frauke die Arbeit am Morgen. \u201eIch meine, ich verspreche mich dann auch immer, wenn ich so m\u00fcde bin\u201c, verr\u00e4t sie w\u00e4hrend der Podcast-Aufnahme, vor der sie ebenfalls nur drei Stunden geschlafen hat, weiter.<\/p>\n<p>Von Frauke Ludowig bis G\u00fcnther Jauch: So sahen die RTL-Moderatoren zu Beginn ihrer Karriere aus<img decoding=\"async\" class=\"id-RatioPlaceholder-element wv_story_el_interstitialImage\" src=\"https:\/\/www.europesays.com\/de\/wp-content\/uploads\/2025\/04\/35471083-rtl-moderatoren-frauke-ludowig-guenther-jauch-sonja-zietlow-2piPcqrdoEfe.jpg\" loading=\"lazy\"   height=\"2160\" width=\"3240\" alt=\"RTL-Moderatoren Frauke Ludowig (l.), G&#xFC;nther Jauch (m.) und Sonja Zietlow (r.)\"\/><a href=\"https:\/\/www.hna.de\/leute\/frauke-ludowig-guenther-jauch-aussehen-rtl-moderatoren-beginn-tv-karriere-zr-93276213.html\" class=\"id-StoryElement-intestitialLink-link\" data-id-ec=\"{\" shn=\"\" ansehen=\"\" data-k5a-pos=\"west_story_16_photoGalleryLink\" title=\"Zur Fotostrecke: Von Frauke Ludowig bis G&#xFC;nther Jauch: So sahen die RTL-Moderatoren zu Beginn ihrer Karriere aus\" rel=\"nofollow noopener\" target=\"_blank\">Fotostrecke ansehen<\/a><\/p>\n<p class=\"id-StoryElement-paragraph\">Die k\u00f6rperliche Reaktion auf wenig Schlaf war Gl\u00fcck im Ungl\u00fcck, denn statt weiter morgens im Radio zu arbeiten, wechselte Ludowig sp\u00e4ter ins Fernsehen und wurde zu einem pr\u00e4genden Gesicht bei RTL. Vor allem als Moderatorin von \u201eExclusiv \u2013 Das Starmagazin\u201c, <a href=\"https:\/\/www.hna.de\/leute\/wunschkandidatin-neuer-job-tv-moderatorin-wechselt-von-prosieben-zu-rtl-meine-zr-94010815.html\" class=\"id-import-Link\" data-id-ec=\"{&quot;sht&quot;:&quot;Container&quot;,&quot;shn&quot;:&quot;Story&quot;,&quot;p&quot;:{&quot;containerType&quot;:&quot;Paragraph&quot;,&quot;displayType&quot;:&quot;Paragraph InlineLink&quot;,&quot;type&quot;:&quot;INLINE_LINK&quot;,&quot;value&quot;:&quot;wof&#xFC;r Frauke Ludowig schon bald eine neue Kollegin bekommt&quot;,&quot;variant&quot;:&quot;standardLink&quot;,&quot;sponsored&quot;:false,&quot;linkHref&quot;:&quot;https:\/\/www.hna.de\/leute\/wunschkandidatin-neuer-job-tv-moderatorin-wechselt-von-prosieben-zu-rtl-meine-zr-94010815.html&quot;,&quot;storyElementPosition&quot;:18,&quot;storyElementCount&quot;:18}}\" rel=\"nofollow noopener\" target=\"_blank\">wof\u00fcr Frauke Ludowig schon bald eine neue Kollegin bekommt<\/a>. Im Interview mit dem Mallorca Magazin sagte sie vor einer Weile \u00fcber ihre Karriere: \u201eIn den vergangenen Jahren gab es viele Momente, an die ich mich gern erinnere. Ich mache das jetzt seit \u00fcber 30 Jahren \u2013 da erlebt man nat\u00fcrlich eine ganze Menge.\u201c <strong>Verwendete Quellen:<\/strong> Frau Keludowig und Tine \u2013 exklusiv und ungeschminkt, Mallorca Magazin<\/p>\n","protected":false},"excerpt":{"rendered":"Startseite Stars &amp; TV Stand: 22.11.2025, 04:54 Uhr DruckenTeilen Frauke Ludowig verzichtet bewusst auf Moderationen am fr\u00fchen Morgen.&hellip;\n","protected":false},"author":2,"featured_media":594191,"comment_status":"","ping_status":"","sticky":false,"template":"","format":"standard","meta":{"footnotes":""},"categories":[1776],"tags":[1801,29,214,30,1802,215],"class_list":{"0":"post-594190","1":"post","2":"type-post","3":"status-publish","4":"format-standard","5":"has-post-thumbnail","7":"category-prominente","8":"tag-celebrities","9":"tag-deutschland","10":"tag-entertainment","11":"tag-germany","12":"tag-prominente","13":"tag-unterhaltung"},"share_on_mastodon":{"url":"https:\/\/pubeurope.com\/@de\/115593315185840253","error":""},"_links":{"self":[{"href":"https:\/\/www.europesays.com\/de\/wp-json\/wp\/v2\/posts\/594190","targetHints":{"allow":["GET"]}}],"collection":[{"href":"https:\/\/www.europesays.com\/de\/wp-json\/wp\/v2\/posts"}],"about":[{"href":"https:\/\/www.europesays.com\/de\/wp-json\/wp\/v2\/types\/post"}],"author":[{"embeddable":true,"href":"https:\/\/www.europesays.com\/de\/wp-json\/wp\/v2\/users\/2"}],"replies":[{"embeddable":true,"href":"https:\/\/www.europesays.com\/de\/wp-json\/wp\/v2\/comments?post=594190"}],"version-history":[{"count":0,"href":"https:\/\/www.europesays.com\/de\/wp-json\/wp\/v2\/posts\/594190\/revisions"}],"wp:featuredmedia":[{"embeddable":true,"href":"https:\/\/www.europesays.com\/de\/wp-json\/wp\/v2\/media\/594191"}],"wp:attachment":[{"href":"https:\/\/www.europesays.com\/de\/wp-json\/wp\/v2\/media?parent=594190"}],"wp:term":[{"taxonomy":"category","embeddable":true,"href":"https:\/\/www.europesays.com\/de\/wp-json\/wp\/v2\/categories?post=594190"},{"taxonomy":"post_tag","embeddable":true,"href":"https:\/\/www.europesays.com\/de\/wp-json\/wp\/v2\/tags?post=594190"}],"curies":[{"name":"wp","href":"https:\/\/api.w.org\/{rel}","templated":true}]}}