{"id":594193,"date":"2025-11-22T12:21:14","date_gmt":"2025-11-22T12:21:14","guid":{"rendered":"https:\/\/www.europesays.com\/de\/594193\/"},"modified":"2025-11-22T12:21:14","modified_gmt":"2025-11-22T12:21:14","slug":"bewerber-bricht-hofwoche-fruehzeitig-ab","status":"publish","type":"post","link":"https:\/\/www.europesays.com\/de\/594193\/","title":{"rendered":"Bewerber bricht Hofwoche fr\u00fchzeitig ab"},"content":{"rendered":"<p>                                                                        &#8222;Bauer sucht Frau&#8220;-Doppelkorb: Schwieriger Start f\u00fcr Insa<\/p>\n<p>Schon der Start bei &#8222;Bauer sucht Frau&#8220; lief f\u00fcr Insa alles andere als erfolgreich. Denn die B\u00e4uerin hat gleich einen Doppel-Korb bekommen \u2013 f\u00fcr Christoph war es die zweite Chance. Nachdem Daniel abgesprungen ist, sagte sie zu Christoph: &#8222;Du warst tats\u00e4chlich von Anfang an mein Favorit und deshalb war ich auch vorhin so ein bisschen schockiert und traurig, dass du gesagt hast, dass du nicht mitkommen m\u00f6chtest.&#8220;<\/p>\n<p>Schlie\u00dflich fragte sie: &#8222;Und da wollte ich dich fragen, ob du bereit w\u00e4rst mitzukommen, wenn nur du mitkommst zur Hofwoche?&#8220; Nachdem Insa zun\u00e4chst einen Korb von Christoph bekommen hatte, zog dieser auf ihrem Hof ein \u2013 aber nun ist der Funke endg\u00fcltig nicht \u00fcbergesprungen.<\/p>\n<p>Die Folge von &#8222;Bauer sucht Frau&#8220; zeigt RTL am 24. November 2025 um 20.15 Uhr und ist schon bei RTL+ abrufbar.<\/p>\n<p>Nach Rauswurf:\u00a0<a href=\"https:\/\/www.tvspielfilm.de\/news\/tv\/rauswurf-bei-bauer-sucht-frau-landwirt-armin-uebt-scharfe-kritik-an-rtl,13193457,ApplicationArticle.html\" target=\"_blank\" rel=\"noopener\">&#8222;Bauer sucht Frau&#8220;-Kandidat\u00a0Armin \u00fcbt scharfe Kritik an RTL.<\/a><\/p>\n","protected":false},"excerpt":{"rendered":"&#8222;Bauer sucht Frau&#8220;-Doppelkorb: Schwieriger Start f\u00fcr Insa Schon der Start bei &#8222;Bauer sucht Frau&#8220; lief f\u00fcr Insa alles&hellip;\n","protected":false},"author":2,"featured_media":594194,"comment_status":"","ping_status":"","sticky":false,"template":"","format":"standard","meta":{"footnotes":""},"categories":[1773],"tags":[6631,29,214,30,89989,640,471,1780,215],"class_list":{"0":"post-594193","1":"post","2":"type-post","3":"status-publish","4":"format-standard","5":"has-post-thumbnail","7":"category-serien","8":"tag-bauer-sucht-frau","9":"tag-deutschland","10":"tag-entertainment","11":"tag-germany","12":"tag-insa","13":"tag-rtl","14":"tag-serien","15":"tag-series","16":"tag-unterhaltung"},"share_on_mastodon":{"url":"https:\/\/pubeurope.com\/@de\/115593326541030559","error":""},"_links":{"self":[{"href":"https:\/\/www.europesays.com\/de\/wp-json\/wp\/v2\/posts\/594193","targetHints":{"allow":["GET"]}}],"collection":[{"href":"https:\/\/www.europesays.com\/de\/wp-json\/wp\/v2\/posts"}],"about":[{"href":"https:\/\/www.europesays.com\/de\/wp-json\/wp\/v2\/types\/post"}],"author":[{"embeddable":true,"href":"https:\/\/www.europesays.com\/de\/wp-json\/wp\/v2\/users\/2"}],"replies":[{"embeddable":true,"href":"https:\/\/www.europesays.com\/de\/wp-json\/wp\/v2\/comments?post=594193"}],"version-history":[{"count":0,"href":"https:\/\/www.europesays.com\/de\/wp-json\/wp\/v2\/posts\/594193\/revisions"}],"wp:featuredmedia":[{"embeddable":true,"href":"https:\/\/www.europesays.com\/de\/wp-json\/wp\/v2\/media\/594194"}],"wp:attachment":[{"href":"https:\/\/www.europesays.com\/de\/wp-json\/wp\/v2\/media?parent=594193"}],"wp:term":[{"taxonomy":"category","embeddable":true,"href":"https:\/\/www.europesays.com\/de\/wp-json\/wp\/v2\/categories?post=594193"},{"taxonomy":"post_tag","embeddable":true,"href":"https:\/\/www.europesays.com\/de\/wp-json\/wp\/v2\/tags?post=594193"}],"curies":[{"name":"wp","href":"https:\/\/api.w.org\/{rel}","templated":true}]}}