{"id":594195,"date":"2025-11-22T12:22:19","date_gmt":"2025-11-22T12:22:19","guid":{"rendered":"https:\/\/www.europesays.com\/de\/594195\/"},"modified":"2025-11-22T12:22:19","modified_gmt":"2025-11-22T12:22:19","slug":"haftbefehl-beendet-konzert-nach-18-minuten","status":"publish","type":"post","link":"https:\/\/www.europesays.com\/de\/594195\/","title":{"rendered":"Haftbefehl beendet Konzert nach 18 Minuten"},"content":{"rendered":"<p style=\"order:0\" class=\"spanFix max-w-[750px] leading-[30px] sm:text-[22px] sm:leading-[38px] sm:text-[22px] sm:leading-[38px]\">Und schon wieder \u00fcberrascht <a target=\"_self\" data-google-interstitial=\"true\" href=\"https:\/\/www.promiflash.de\/thema\/haftbefehl\/\" rel=\"nofollow noopener\">Haftbefehl<\/a> (39) seine Fans mit einem \u00fcberaus kurzen Auftritt. Der Rapper feierte am gestrigen Freitagabend seinen <a target=\"_self\" data-google-interstitial=\"true\" href=\"https:\/\/www.promiflash.de\/news\/2025\/11\/15\/ich-bin-clean-haftbefehl-gibt-erstes-konzert-nach-doku.html\" rel=\"nofollow noopener\">dritten Auftritt<\/a>, nachdem zuvor im Rahmen seiner Doku &#8222;Babo \u2013 Die Haftbefehl-Story&#8220; die grausame Realit\u00e4t seines Alltags im Drogenrausch ans Licht gebracht worden war. Doch seine Anwesenheit auf der B\u00fchne in einem Regensburger Klub war kurz. <b>Nachdem er laut Bild versp\u00e4tet um circa halb eins nachts vor sein Publikum getreten war, einige seiner erfolgreichsten Hits rappte und die Menge zum Toben brachte, verschwand er 18 Minuten sp\u00e4ter wieder aus dem Rampenlicht<\/b>. Ohne weitere Worte, ohne einen Abschied.<\/p>\n<p style=\"order:3\" class=\"spanFix max-w-[750px] leading-[30px] sm:text-[22px] sm:leading-[38px] sm:text-[22px] sm:leading-[38px]\">W\u00e4hrend seines keine 20 Minuten andauernden Auftritts lie\u00df Aykut Anhan, wie die lebende Legende mit b\u00fcrgerlichem Namen hei\u00dft, zwischenzeitlich einen anderen Rapper die Menge unterhalten. W\u00e4hrenddessen ruht er sich im Hintergrund bei einem aus dem Team aus und holt Luft. Doch zur Verk\u00fcndung seines aktuell drogenfreien Zustands bleibt ihm noch genug Atem. <b>&#8222;Ich bin wieder clean, ich bin sauber, ich nehme keine Drogen mehr&#8220;<\/b>, erkl\u00e4rt er seinen Fans stolz.<\/p>\n<p style=\"order:6\" class=\"spanFix max-w-[750px] leading-[30px] sm:text-[22px] sm:leading-[38px] sm:text-[22px] sm:leading-[38px]\">Seine Fans, Freunde und Familie \u2013 und vor allem Aykut selbst \u2013 werden es ihm danken. Der &#8222;Lass die Affen aus&#8217;m Zoo&#8220;-Interpret schwebte aufgrund seiner langj\u00e4hrigen Kokainsucht in Lebensgefahr. Wie er in der Dokumentation verk\u00fcndete, <a target=\"_self\" data-google-interstitial=\"true\" href=\"https:\/\/www.promiflash.de\/news\/2025\/10\/29\/aerztin-erklaert-das-veraenderte-aussehen-von-rapper-haftbefehl.html\" rel=\"nofollow noopener\">konsumierte er die Droge<\/a> seitdem er 13 Jahre alt war. Heute ist Haftbefehl 39 Jahre alt. <b>Rund 23 Jahre sp\u00e4ter erlitt er eine Nahtoderfahrung \u2013 sein K\u00f6rper verkraftete den immensen Konsum nicht, er musste im Krankenhaus wiederbelebt werden.<\/b> Nachdem ihn auch das nicht vor dem Koksen abgehalten hatte, half nur noch die heimliche Zwangseinweisung in die Entzugsklinik durch seinen Bruder Capo.<\/p>\n<p><img class=\"top-0  absolute h-full w-full object-cover\" alt=\"Rapper Haftbefehl in seiner Dokumentation &quot;Babo \u2013 Die Haftbefehl-Story&quot;.\" width=\"854\" height=\"480\" decoding=\"async\"  loading=\"lazy\" style=\"background-size:cover;background-position:50% 50%;background-repeat:no-repeat;background-image:url(&quot;data:image\/svg+xml;charset=utf-8,%3Csvg xmlns='http:\/\/www.w3.org\/2000\/svg' viewBox='0 0 640 640'%3E%3Cfilter id='b' color-interpolation-filters='sRGB'%3E%3CfeGaussianBlur stdDeviation='20'\/%3E%3CfeColorMatrix values='1 0 0 0 0 0 1 0 0 0 0 0 1 0 0 0 0 0 100 -1' result='s'\/%3E%3CfeFlood x='0' y='0' width='100%25' height='100%25'\/%3E%3CfeComposite operator='out' in='s'\/%3E%3CfeComposite in2='SourceGraphic'\/%3E%3CfeGaussianBlur stdDeviation='20'\/%3E%3C\/filter%3E%3Cimage width='100%25' height='100%25' x='0' y='0' preserveAspectRatio='none' style='filter: url(%23b);' href='data:image\/png;base64,iVBORw0KGgoAAAANSUhEUgAAABAAAAAQCAYAAAAf8\/9hAAAEG0lEQVR4AQEQBO\/7AAAAAP8AAAD\/AAAA\/wAMBv8DFQ7\/CBkS\/wcZE\/8AFBH\/AAsN\/wAABv8AAAD\/AAAA\/wAAAP8AAAH\/AAAG\/wAACv8AAAAA\/wAAAP8AAAD\/AA4I\/w0XEP8SGxT\/ExsW\/w8YFP8EEBD\/AAQK\/wAABP8AAAD\/AAAA\/wAAA\/8AAAf\/AAAK\/wAAAAD\/AAAA\/wAFA\/8REw7\/HBsV\/yIgGv8kIRv\/Ix8b\/x8bGP8YExP\/DQgN\/wEACP8AAAb\/AAAH\/wAACf8AAQv\/AAAAAP8AAAD\/DwwJ\/x4YE\/8oIBv\/LyUf\/zIoIf8zJyH\/MCQf\/ywfHP8lGRf\/HRIS\/xULD\/8MBg3\/BQUM\/wEFDf8AAAAA\/wgEBP8YEA7\/JRsX\/zAkH\/83KiT\/PC0m\/z4tJ\/89LCb\/OSgj\/zMjHv8sHRr\/JBcV\/xsREv8SDA\/\/CwkO\/wAFAwT\/DQgH\/xsTEf8oHRn\/MyUh\/zssJv9BLyn\/RDEq\/0QxKv9BLif\/PCok\/zYlH\/8tHxv\/JBgW\/xoSEv8RDA\/\/AAUHB\/8MCwr\/GhQS\/ycdGv8yJSH\/Oism\/0EwKv9EMiz\/RjIs\/0QxKv9BLif\/Oikj\/zIjHv8pHBn\/HhUU\/xQPEP8AAQgJ\/wcMC\/8VExL\/IRwZ\/ywjH\/81KSX\/PC4p\/0EwK\/9DMSz\/QzEr\/0EuKP88KiX\/NCUg\/yseG\/8gGBb\/FhIS\/wAACgv\/AQ0N\/w0TEv8aGhj\/JCEe\/y0nI\/81Kyb\/Oi4p\/z4vKv8\/Lir\/PSwo\/zkpJf8zJCH\/Kh8c\/yEaGP8YFhT\/AAAMDf8ADg\/\/CBQT\/xQbGP8eIR3\/JyYi\/y4pJf8zKyf\/Nyso\/zgrJ\/83KSb\/NCYj\/y8iIP8pHx3\/IhwZ\/x0aF\/8AAA8Q\/wMSEv8OGBb\/GB4b\/yEkIP8nKCP\/LCol\/y8qJv8xKSb\/MSck\/y8kIv8tISD\/Kh8e\/ygeHf8lHhz\/Ix8b\/wAMExT\/ERYW\/xsdG\/8lJSD\/LCol\/zEuKP8zLyn\/My0o\/zApJf8sJCL\/KB4e\/yUbHP8lGxv\/Jx4c\/ykhHv8rJCD\/ABgYGP8dGxv\/KCQg\/zMsJ\/87Myz\/PzYu\/z82Lv88Miv\/NSwm\/ysjIP8iGhr\/HRUW\/yAXGP8nHhz\/LiUh\/zQpJP8AIhwc\/yggH\/80Kib\/QDMt\/0k7Mv9NPjX\/TD00\/0c4MP88MCn\/LiQf\/yAXFv8XDxD\/HBMU\/ygeHP80KCP\/Oy4p\/wAqHx\/\/MCQi\/z0vKv9KOTL\/VEE4\/1hFOv9XRDn\/UD40\/0Q0K\/8zJh\/\/IBYS\/xILCv8aERD\/Kh8c\/zgqJf9BMiz\/AC4hIf81JyT\/QjIt\/1A9Nf9bRTv\/X0k+\/15IPf9XQjf\/STct\/zYoIP8hFhD\/EAgG\/xkPDv8sHxz\/Oywn\/0U0Lv96n1s\/zZ6eSwAAAABJRU5ErkJggg=='\/%3E%3C\/svg%3E&quot;)\" src=\"https:\/\/www.europesays.com\/de\/wp-content\/uploads\/2025\/11\/haftbefehl-sitzt.jpg\" fetchpriority=\"auto\"\/>Netflix<img decoding=\"async\" alt=\"Bilder Gallerie Button\" class=\"absolute bottom-[7px] right-[3px] w-[54px] h-[54px] group-hover:scale-110 transition-transform duration-300\" src=\"https:\/\/www.europesays.com\/de\/wp-content\/uploads\/2025\/11\/galerie_button.png\" loading=\"lazy\"\/>Rapper Haftbefehl in seiner Dokumentation &#8222;Babo \u2013 Die Haftbefehl-Story&#8220;.<img class=\"top-0  absolute h-full w-full object-cover\" alt=\"Haftbefehl im Dezember 2018\" width=\"854\" height=\"480\" decoding=\"async\"  loading=\"lazy\" style=\"background-size:cover;background-position:50% 50%;background-repeat:no-repeat;background-image:url(&quot;data:image\/svg+xml;charset=utf-8,%3Csvg xmlns='http:\/\/www.w3.org\/2000\/svg' viewBox='0 0 640 640'%3E%3Cfilter id='b' color-interpolation-filters='sRGB'%3E%3CfeGaussianBlur stdDeviation='20'\/%3E%3CfeColorMatrix values='1 0 0 0 0 0 1 0 0 0 0 0 1 0 0 0 0 0 100 -1' result='s'\/%3E%3CfeFlood x='0' y='0' width='100%25' height='100%25'\/%3E%3CfeComposite operator='out' in='s'\/%3E%3CfeComposite in2='SourceGraphic'\/%3E%3CfeGaussianBlur stdDeviation='20'\/%3E%3C\/filter%3E%3Cimage width='100%25' height='100%25' x='0' y='0' preserveAspectRatio='none' style='filter: url(%23b);' href='data:image\/png;base64,iVBORw0KGgoAAAANSUhEUgAAABAAAAAQCAYAAAAf8\/9hAAAEG0lEQVR4AQEQBO\/7AJ+mt\/+fpbb\/naS0\/5qisP+Xnqv\/lZql\/5OVn\/+SkJj\/kouT\/5GHkP+QhZD\/j4WT\/42Gl\/+LiZ3\/iIui\/4eNpf8AnqS1\/56ktf+co7P\/mqGv\/5ieqv+VmaT\/lJSd\/5KPl\/+SipH\/koaO\/5GEjv+QhJH\/j4aW\/42Knf+LjaL\/ipCm\/wCcn7H\/nJ+x\/5ufr\/+anaz\/mJun\/5aXof+Vkpn\/lIyR\/5OHiv+Tg4b\/k4KH\/5ODjP+TiJP\/ko2c\/5KSpP+Slqr\/AJqZrP+amav\/mZmq\/5mZqP+Yl6P\/l5Sc\/5aPlP+ViYr\/lIOB\/5R\/fP+Vf33\/loKE\/5iJj\/+ZkZz\/m5in\/5ydrv8Al5Om\/5eTpv+YlKX\/mJSi\/5iTnv+YkJb\/mIuM\/5eFgf+Wf3b\/lnxw\/5h9cv+agnz\/nYuL\/6CVm\/+jnqn\/paSx\/wCWj6L\/lpCi\/5eQof+YkJ7\/mY+Y\/5mMkP+Zh4T\/mYF3\/5h8a\/+ZemX\/mnxp\/52Cdv+gjIj\/pJea\/6ehqf+qp7L\/AJWPov+Wj6H\/l4+e\/5iOmv+ZjJP\/mYmJ\/5qEff+af3D\/mntl\/5t6YP+cfWb\/n4R1\/6KOh\/+lmJj\/qKGm\/6qmr\/8Al5Kj\/5eSov+XkJ7\/mI6X\/5iLjv+ZhoP\/moJ2\/5t+av+ce2L\/nXth\/55\/af+ghnf\/oY6G\/6OWlv+knaL\/paKp\/wCYlqb\/mJWk\/5iTnv+Yj5X\/mIqK\/5iEff+ZgHH\/m31n\/518Y\/+efmb\/n4Ju\/6CHev+fjYf\/npKS\/52Wm\/+cmaD\/AJqap\/+amaX\/mJWe\/5ePk\/+WiIb\/loJ4\/5h+bP+afGX\/nX1l\/6B\/av+gg3P\/n4d9\/5yKhv+YjI3\/lI6S\/5GPlf8Am5un\/5qapP+YlZz\/lY6Q\/5SGgv+UgHP\/lnto\/5l6Y\/+dfGX\/oH9s\/6GDdf+fhX3\/moaD\/5OGiP+MhYr\/hoSL\/wCamaL\/mZeg\/5aSmP+Ti4z\/kYN9\/5F8bv+TeGP\/mHde\/515Yf+hfGj\/on9x\/5+Bef+ZgX7\/kH+B\/4Z9g\/9+eoP\/AJiSmv+XkZj\/lIyR\/5CGhv+Nfnj\/jXhq\/5FzXv+Wclj\/nXRZ\/6F2X\/+jeWf\/oHpv\/5l6dv+PeXr\/hHd9\/3t1f\/8AlYmQ\/5SHjv+RhIj\/jX5\/\/4p4c\/+Kc2b\/jm5Z\/5VsUP+cbUz\/oW5P\/6NxV\/+hc2H\/m3Rr\/5F0dP+GdHr\/fXR+\/wCSfoT\/kX2D\/457f\/+Jd3j\/h3Ju\/4huYv+MalX\/k2dH\/5tlPP+hZjr\/pGhC\/6NrUP+dbmD\/lHFu\/4pzef+CdYD\/AJB1e\/+OdXr\/i3N3\/4dxc\/+Fbmv\/hmpg\/4tmUf+TYj\/\/m2As\/6FfIP+lYSr\/pGRA\/55qVv+Wb2r\/jXR5\/4V3gv8l+aFRImPzngAAAABJRU5ErkJggg=='\/%3E%3C\/svg%3E&quot;)\" src=\"https:\/\/www.europesays.com\/de\/wp-content\/uploads\/2025\/11\/haftbefehl-posiert-2.jpg\" fetchpriority=\"auto\"\/>Imago<img decoding=\"async\" alt=\"Bilder Gallerie Button\" class=\"absolute bottom-[7px] right-[3px] w-[54px] h-[54px] group-hover:scale-110 transition-transform duration-300\" src=\"https:\/\/www.europesays.com\/de\/wp-content\/uploads\/2025\/11\/galerie_button.png\" loading=\"lazy\"\/>Haftbefehl im Dezember 2018<img class=\"top-0  absolute h-full w-full object-cover\" alt=\"Capo und Haftbefehl, Br\u00fcder\" width=\"854\" height=\"480\" decoding=\"async\"  loading=\"lazy\" style=\"background-size:cover;background-position:50% 50%;background-repeat:no-repeat;background-image:url(&quot;data:image\/svg+xml;charset=utf-8,%3Csvg xmlns='http:\/\/www.w3.org\/2000\/svg' viewBox='0 0 640 640'%3E%3Cfilter id='b' color-interpolation-filters='sRGB'%3E%3CfeGaussianBlur stdDeviation='20'\/%3E%3CfeColorMatrix values='1 0 0 0 0 0 1 0 0 0 0 0 1 0 0 0 0 0 100 -1' result='s'\/%3E%3CfeFlood x='0' y='0' width='100%25' height='100%25'\/%3E%3CfeComposite operator='out' in='s'\/%3E%3CfeComposite in2='SourceGraphic'\/%3E%3CfeGaussianBlur stdDeviation='20'\/%3E%3C\/filter%3E%3Cimage width='100%25' height='100%25' x='0' y='0' preserveAspectRatio='none' style='filter: url(%23b);' href='data:image\/png;base64,iVBORw0KGgoAAAANSUhEUgAAABAAAAAQCAYAAAAf8\/9hAAAEG0lEQVR4AQEQBO\/7ANjW3\/\/Y1t\/\/2dfe\/9rY3v\/c2t3\/3dze\/9\/f3\/\/g4OD\/4eLh\/+Hi4v\/g4eH\/3t7g\/9vb3f\/Y19r\/1dTW\/9PR1P8A2dff\/9nX3\/\/a197\/2tjd\/9vZ3P\/c2tz\/3dzc\/97e3v\/f4N\/\/3+Dg\/9\/f4P\/d3d7\/29rc\/9jX2f\/V09X\/09HT\/wDc2uH\/3Nng\/9vY3v\/Z1tv\/2NXY\/9jV1v\/Y1tb\/2djX\/9va2f\/c3Nv\/3Nzc\/9vb2\/\/Z2Nn\/19XW\/9TR0\/\/SztD\/AN\/d4v\/e3OH\/3Njd\/9jU2P\/Uz9L\/0c3O\/9HMzf\/Szs7\/1NHQ\/9fV0\/\/Y19X\/2NfW\/9fV1P\/U0dH\/0c3O\/8\/Ky\/8A4t\/i\/+Dd4P\/b2Nv\/1dDT\/8\/Iy\/\/Kw8T\/yMHB\/8nDwv\/Mx8b\/0M3K\/9PRzv\/U0s\/\/09DO\/9DMy\/\/Nx8b\/ysPD\/wDi4OH\/4N3e\/9rW1\/\/RzM7\/yMHD\/8K5u\/+\/trf\/wLi3\/8W+vP\/KxcL\/zsrG\/8\/LyP\/Oycb\/ysTC\/8W+vf\/Bubj\/AN7d3f\/c2tr\/1dLT\/8zHyP\/Cu7z\/u7Kz\/7eurv+5sK\/\/v7e1\/8S+u\/\/Jw7\/\/ysTA\/8fCvv\/Cu7j\/u7Sx\/7atq\/8A2NbX\/9XU1P\/PzM3\/xcHC\/7y2t\/+1ra7\/sqqq\/7WsrP+7s7H\/wLm3\/8S+uv\/Evrr\/wLm1\/7ixrf+vqKT\/qKCc\/wDOzc\/\/zMvM\/8bFxv++vL3\/trO0\/7Gsrf+wqqr\/tK2s\/7mysf++t7b\/wLq4\/7+4tv+4sq\/\/rqil\/6Odmf+alI\/\/AMPDxv\/BwcT\/vb3A\/7e3uf+ysbP\/r66v\/7Curv+0sbH\/urW1\/724uP++uLj\/urS0\/7Ktq\/+noqD\/mpaS\/5CMiP8Atri+\/7a3vf+ztbv\/sLO3\/66xtP+vsbP\/srO0\/7a2t\/+7ubr\/vrq8\/725uv+4s7X\/r6us\/6OgoP+WlJT\/jIuK\/wCsr7j\/q6+4\/6uwt\/+rsLf\/rLK3\/6+1uf+0uLv\/uLu+\/729wP++vcD\/vbu+\/7i1uP+wrbD\/paOm\/5qZnP+RkpT\/AKOptf+kqbX\/pay2\/6evuP+rs7v\/sLi+\/7W8wf+6v8P\/vsHF\/7\/AxP++vsL\/urm9\/7Oyt\/+rqrD\/oqOp\/5yepP8AnqW0\/5+mtf+iqrf\/pq+6\/6u0vv+xusL\/tr\/F\/7vCx\/++w8j\/wMPI\/7\/Bxv+8vcP\/uLi\/\/7Ozu\/+ur7f\/qqy0\/wCbpLX\/naW2\/6Cpuf+lr73\/q7XB\/7G7xf+3wMj\/u8PK\/77Fy\/\/Axcr\/wMPJ\/7\/Bx\/+9vsb\/u7zE\/7i5w\/+3uML\/AJuktv+cpbf\/oKm6\/6Wvvv+rtcP\/sbvH\/7fAyv+7xMz\/vsXM\/8DGzP\/Bxcv\/wcTL\/8HDyv\/Awcv\/wMDL\/7\/AzP+6YERzp9W+PgAAAABJRU5ErkJggg=='\/%3E%3C\/svg%3E&quot;)\" src=\"https:\/\/www.europesays.com\/de\/wp-content\/uploads\/2025\/11\/capo-und-haftbefehl-sitzen.jpg\" fetchpriority=\"auto\"\/>Instagram \/ capo<img decoding=\"async\" alt=\"Bilder Gallerie Button\" class=\"absolute bottom-[7px] right-[3px] w-[54px] h-[54px] group-hover:scale-110 transition-transform duration-300\" src=\"https:\/\/www.europesays.com\/de\/wp-content\/uploads\/2025\/11\/galerie_button.png\" loading=\"lazy\"\/>Capo und Haftbefehl, Br\u00fcder<\/p>\n<p>Was haltet ihr von Haftbefehls kurzen Auftritten?<\/p>\n<p>Ergebnis anzeigen<\/p>\n","protected":false},"excerpt":{"rendered":"Und schon wieder \u00fcberrascht Haftbefehl (39) seine Fans mit einem \u00fcberaus kurzen Auftritt. Der Rapper feierte am gestrigen&hellip;\n","protected":false},"author":2,"featured_media":594196,"comment_status":"","ping_status":"","sticky":false,"template":"","format":"standard","meta":{"footnotes":""},"categories":[1772],"tags":[29,214,30,1779,810,215],"class_list":{"0":"post-594195","1":"post","2":"type-post","3":"status-publish","4":"format-standard","5":"has-post-thumbnail","7":"category-musik","8":"tag-deutschland","9":"tag-entertainment","10":"tag-germany","11":"tag-music","12":"tag-musik","13":"tag-unterhaltung"},"share_on_mastodon":{"url":"https:\/\/pubeurope.com\/@de\/115593331650840380","error":""},"_links":{"self":[{"href":"https:\/\/www.europesays.com\/de\/wp-json\/wp\/v2\/posts\/594195","targetHints":{"allow":["GET"]}}],"collection":[{"href":"https:\/\/www.europesays.com\/de\/wp-json\/wp\/v2\/posts"}],"about":[{"href":"https:\/\/www.europesays.com\/de\/wp-json\/wp\/v2\/types\/post"}],"author":[{"embeddable":true,"href":"https:\/\/www.europesays.com\/de\/wp-json\/wp\/v2\/users\/2"}],"replies":[{"embeddable":true,"href":"https:\/\/www.europesays.com\/de\/wp-json\/wp\/v2\/comments?post=594195"}],"version-history":[{"count":0,"href":"https:\/\/www.europesays.com\/de\/wp-json\/wp\/v2\/posts\/594195\/revisions"}],"wp:featuredmedia":[{"embeddable":true,"href":"https:\/\/www.europesays.com\/de\/wp-json\/wp\/v2\/media\/594196"}],"wp:attachment":[{"href":"https:\/\/www.europesays.com\/de\/wp-json\/wp\/v2\/media?parent=594195"}],"wp:term":[{"taxonomy":"category","embeddable":true,"href":"https:\/\/www.europesays.com\/de\/wp-json\/wp\/v2\/categories?post=594195"},{"taxonomy":"post_tag","embeddable":true,"href":"https:\/\/www.europesays.com\/de\/wp-json\/wp\/v2\/tags?post=594195"}],"curies":[{"name":"wp","href":"https:\/\/api.w.org\/{rel}","templated":true}]}}