{"id":594197,"date":"2025-11-22T12:23:31","date_gmt":"2025-11-22T12:23:31","guid":{"rendered":"https:\/\/www.europesays.com\/de\/594197\/"},"modified":"2025-11-22T12:23:31","modified_gmt":"2025-11-22T12:23:31","slug":"trailer-zum-pixar-film-der-im-maerz-2026-ins-kino-kommt","status":"publish","type":"post","link":"https:\/\/www.europesays.com\/de\/594197\/","title":{"rendered":"Trailer zum Pixar-Film, der im M\u00e4rz 2026 ins Kino kommt"},"content":{"rendered":"<ol class=\"id-DonaldBreadcrumb lp_west_breadcrumb id-DonaldBreadcrumb--default\" data-k5a-pos=\"west_breadcrumb\">\n<li class=\"id-Breadcrumb-item\"><a href=\"https:\/\/www.serienjunkies.de\/\" class=\"id-Breadcrumb-link\" data-id-ec=\"{\" shn=\"\" textlink=\"\" data-k5a-pos=\"1_serienjunkies\" rel=\"nofollow noopener\" target=\"_blank\">serienjunkies<\/a><\/li>\n<li class=\"id-Breadcrumb-item\"><a href=\"https:\/\/www.serienjunkies.de\/news\/\" class=\"id-Breadcrumb-link\" data-id-ec=\"{\" shn=\"\" textlink=\"\" data-k5a-pos=\"2_news\" rel=\"nofollow noopener\" target=\"_blank\">News<\/a><\/li>\n<li class=\"id-Breadcrumb-item\"><a href=\"https:\/\/www.serienjunkies.de\/news\/film\/\" class=\"id-Breadcrumb-link\" data-id-ec=\"{\" shn=\"\" textlink=\"\" data-k5a-pos=\"3_film\" rel=\"nofollow noopener\" target=\"_blank\">Film<\/a><\/li>\n<\/ol>\n<p class=\"id-Story-timestamp id-Story-timestamp--default\">Stand: 21.11.2025, 15:46 Uhr<\/p>\n<p class=\"id-Story-authors id-Story-authors--default\">Von: <a class=\"id-Story-authors-link lp_west_author\" href=\"https:\/\/www.serienjunkies.de\/autor\/adam-arndt-jg7gt6np.html\" title=\"Zur Autorenseite von Adam Arndt\" data-id-ec=\"{\" shn=\"\" author-link=\"\" arndt=\"\" data-k5a-pos=\"west_author\" rel=\"nofollow noopener\" target=\"_blank\">Adam Arndt<\/a><\/p>\n<p class=\"id-Story-interactionBar id-Story-interactionBar--default\">DruckenTeilen<\/p>\n<p class=\"id-StoryElement-leadText\">Viele tr\u00e4umen wohl davon, Tiere richtig verstehen zu k\u00f6nnen. Der n\u00e4chste Pixar-Film \u201eHoppers\u201c setzt dort an und zeigt, wie das ablaufen k\u00f6nnte.<\/p>\n<p class=\"id-StoryElement-paragraph\">Oftmals w\u00fcnschen sich Tierhalter, ihre Gef\u00e4hrten zu verstehen oder mit ihnen sprechen zu k\u00f6nnen \u2013 nicht nur einseitig. Das dachte man sich wohl auch beim Animationsstudio <strong>Pixar<\/strong>, bei welchem nun ein neuer Film namens \u201eHoppers\u201c entstanden ist. Ein gerade ver\u00f6ffentlichter <a href=\"https:\/\/www.serienjunkies.de\/glossar\/vod.html\" target=\"_blank\" class=\"id-import-Link\" data-id-ec=\"{&quot;sht&quot;:&quot;Container&quot;,&quot;shn&quot;:&quot;Story&quot;,&quot;p&quot;:{&quot;containerType&quot;:&quot;Paragraph&quot;,&quot;displayType&quot;:&quot;Paragraph InlineLink&quot;,&quot;type&quot;:&quot;INLINE_LINK&quot;,&quot;value&quot;:&quot;Trailer&quot;,&quot;variant&quot;:&quot;standardLink&quot;,&quot;sponsored&quot;:false,&quot;linkHref&quot;:&quot;https:\/\/www.serienjunkies.de\/glossar\/vod.html&quot;,&quot;storyElementPosition&quot;:8,&quot;storyElementCount&quot;:18}}\" rel=\"nofollow noopener\">Trailer<\/a> (siehe oben) zeigt, wie das ablaufen k\u00f6nnte, wenn Menschen Tiere wortw\u00f6rtlich verstehen k\u00f6nnen. Ab dem 5. M\u00e4rz 2025 kann man das dann in den deutschen Kinos sehen.<\/p>\n<p><img decoding=\"async\" class=\"id-RatioPlaceholder-element wv_story_el_image\" src=\"https:\/\/www.europesays.com\/de\/wp-content\/uploads\/2025\/11\/40546569-szenenfoto-aus-dem-film-hoppers-PbBG.jpg\" loading=\"lazy\"   height=\"619\" width=\"1100\" alt=\"Szenenfoto aus dem Film &#x201E;Hoppers&#x201C;\"\/>Neuer Pixar-Film zeigt, wie es w\u00e4re, wenn man Tiere wirklich verstehen k\u00f6nnte. \u00a9\u00a0Pixar\/Walt DisneyDas zeigt der Trailer zu Pixars n\u00e4chstem Film \u201eHoppers\u201c<\/p>\n<p class=\"id-StoryElement-paragraph\">Der Trailer der animierten Abenteuerkom\u00f6die zeigt Mabel (<a href=\"https:\/\/www.serienjunkies.de\/person\/piper-curda\/527402\/\" target=\"_blank\" class=\"id-import-Link\" data-id-ec=\"{&quot;sht&quot;:&quot;Container&quot;,&quot;shn&quot;:&quot;Story&quot;,&quot;p&quot;:{&quot;containerType&quot;:&quot;Paragraph&quot;,&quot;displayType&quot;:&quot;Paragraph InlineLink&quot;,&quot;type&quot;:&quot;INLINE_LINK&quot;,&quot;value&quot;:&quot;Piper Curda&quot;,&quot;variant&quot;:&quot;standardLink&quot;,&quot;sponsored&quot;:false,&quot;linkHref&quot;:&quot;https:\/\/www.serienjunkies.de\/person\/piper-curda\/527402\/&quot;,&quot;storyElementPosition&quot;:12,&quot;storyElementCount&quot;:18}}\" rel=\"nofollow noopener\">Piper Curda<\/a>), eine Tierliebhaberin, die die Gelegenheit nutzt, sich mithilfe einer neuen Technologie in einen lebensechten Roboterbiber zu verwandeln. So kann sie direkt mit den Tieren kommunizieren. Durch diese Technologie entdeckt Mabel diverse unglaubliche Geheimnisse der Tierwelt, die alles \u00fcbertreffen, was sie sich je h\u00e4tte vorstellen k\u00f6nnen&#8230;<\/p>\n<p class=\"id-StoryElement-paragraph\">Regisseur Daniel Chong und <a href=\"https:\/\/www.serienjunkies.de\/glossar\/production.html\" target=\"_blank\" class=\"id-import-Link\" data-id-ec=\"{&quot;sht&quot;:&quot;Container&quot;,&quot;shn&quot;:&quot;Story&quot;,&quot;p&quot;:{&quot;containerType&quot;:&quot;Paragraph&quot;,&quot;displayType&quot;:&quot;Paragraph InlineLink&quot;,&quot;type&quot;:&quot;INLINE_LINK&quot;,&quot;value&quot;:&quot;Produzentin&quot;,&quot;variant&quot;:&quot;standardLink&quot;,&quot;sponsored&quot;:false,&quot;linkHref&quot;:&quot;https:\/\/www.serienjunkies.de\/glossar\/production.html&quot;,&quot;storyElementPosition&quot;:14,&quot;storyElementCount&quot;:18}}\" rel=\"nofollow noopener\">Produzentin<\/a> Nicole Paradis Grindle \u00fcber den <a href=\"https:\/\/www.serienjunkies.de\/glossar\/cast-contingent-pickup.html\" target=\"_blank\" class=\"id-import-Link\" data-id-ec=\"{&quot;sht&quot;:&quot;Container&quot;,&quot;shn&quot;:&quot;Story&quot;,&quot;p&quot;:{&quot;containerType&quot;:&quot;Paragraph&quot;,&quot;displayType&quot;:&quot;Paragraph InlineLink&quot;,&quot;type&quot;:&quot;INLINE_LINK&quot;,&quot;value&quot;:&quot;Voice-Cast&quot;,&quot;variant&quot;:&quot;standardLink&quot;,&quot;sponsored&quot;:false,&quot;linkHref&quot;:&quot;https:\/\/www.serienjunkies.de\/glossar\/cast-contingent-pickup.html&quot;,&quot;storyElementPosition&quot;:14,&quot;storyElementCount&quot;:18}}\" rel=\"nofollow noopener\">Voice-Cast<\/a> der englischen Originalversion: \u201eWir konnten f\u00fcr \u201aHoppers\u2018 ein herausragendes Sprecher-Ensemble gewinnen (unter anderem <a href=\"https:\/\/www.serienjunkies.de\/person\/meryl-streep\/6666\/\" target=\"_blank\" class=\"id-import-Link\" data-id-ec=\"{&quot;sht&quot;:&quot;Container&quot;,&quot;shn&quot;:&quot;Story&quot;,&quot;p&quot;:{&quot;containerType&quot;:&quot;Paragraph&quot;,&quot;displayType&quot;:&quot;Paragraph InlineLink&quot;,&quot;type&quot;:&quot;INLINE_LINK&quot;,&quot;value&quot;:&quot;Meryl Streep&quot;,&quot;variant&quot;:&quot;standardLink&quot;,&quot;sponsored&quot;:false,&quot;linkHref&quot;:&quot;https:\/\/www.serienjunkies.de\/person\/meryl-streep\/6666\/&quot;,&quot;storyElementPosition&quot;:14,&quot;storyElementCount&quot;:18}}\" rel=\"nofollow noopener\">Meryl Streep<\/a> als Insektenk\u00f6nigin), das dem Film alles gegeben hat, was er braucht: ausgelassener Humor, warmherzige Emotionen oder verr\u00fcckte Tierger\u00e4usche \u2013 unsere Erwartungen wurden eindeutig \u00fcbertroffen.\u201c<\/p>\n<p class=\"id-StoryElement-paragraph\">Streep konnte man zuletzt in \u201e<a href=\"https:\/\/www.serienjunkies.de\/only-murders-in-the-building\/\" target=\"_blank\" class=\"id-import-Link\" data-id-ec=\"{&quot;sht&quot;:&quot;Container&quot;,&quot;shn&quot;:&quot;Story&quot;,&quot;p&quot;:{&quot;containerType&quot;:&quot;Paragraph&quot;,&quot;displayType&quot;:&quot;Paragraph InlineLink&quot;,&quot;type&quot;:&quot;INLINE_LINK&quot;,&quot;value&quot;:&quot;Only Murders in the Building&quot;,&quot;variant&quot;:&quot;standardLink&quot;,&quot;sponsored&quot;:false,&quot;linkHref&quot;:&quot;https:\/\/www.serienjunkies.de\/only-murders-in-the-building\/&quot;,&quot;storyElementPosition&quot;:15,&quot;storyElementCount&quot;:18}}\" rel=\"nofollow noopener\">Only Murders in the Building<\/a>\u201c bei <a href=\"https:\/\/www.serienjunkies.de\/sender\/hulu\/\" target=\"_blank\" class=\"id-import-Link\" data-id-ec=\"{&quot;sht&quot;:&quot;Container&quot;,&quot;shn&quot;:&quot;Story&quot;,&quot;p&quot;:{&quot;containerType&quot;:&quot;Paragraph&quot;,&quot;displayType&quot;:&quot;Paragraph InlineLink&quot;,&quot;type&quot;:&quot;INLINE_LINK&quot;,&quot;value&quot;:&quot;Hulu&quot;,&quot;variant&quot;:&quot;standardLink&quot;,&quot;sponsored&quot;:false,&quot;linkHref&quot;:&quot;https:\/\/www.serienjunkies.de\/sender\/hulu\/&quot;,&quot;storyElementPosition&quot;:15,&quot;storyElementCount&quot;:18}}\" rel=\"nofollow noopener\">Hulu<\/a>\/<a href=\"https:\/\/www.serienjunkies.de\/sender\/disneyplus\/\" target=\"_blank\" class=\"id-import-Link\" data-id-ec=\"{&quot;sht&quot;:&quot;Container&quot;,&quot;shn&quot;:&quot;Story&quot;,&quot;p&quot;:{&quot;containerType&quot;:&quot;Paragraph&quot;,&quot;displayType&quot;:&quot;Paragraph InlineLink&quot;,&quot;type&quot;:&quot;INLINE_LINK&quot;,&quot;value&quot;:&quot;Disney+&quot;,&quot;variant&quot;:&quot;standardLink&quot;,&quot;sponsored&quot;:false,&quot;linkHref&quot;:&quot;https:\/\/www.serienjunkies.de\/sender\/disneyplus\/&quot;,&quot;storyElementPosition&quot;:15,&quot;storyElementCount&quot;:18}}\" rel=\"nofollow noopener\">Disney+<\/a> sehen. <a href=\"https:\/\/www.serienjunkies.de\/person\/bobby-moynihan\/535044\/\" target=\"_blank\" class=\"id-import-Link\" data-id-ec=\"{&quot;sht&quot;:&quot;Container&quot;,&quot;shn&quot;:&quot;Story&quot;,&quot;p&quot;:{&quot;containerType&quot;:&quot;Paragraph&quot;,&quot;displayType&quot;:&quot;Paragraph InlineLink&quot;,&quot;type&quot;:&quot;INLINE_LINK&quot;,&quot;value&quot;:&quot;Bobby Moynihan&quot;,&quot;variant&quot;:&quot;standardLink&quot;,&quot;sponsored&quot;:false,&quot;linkHref&quot;:&quot;https:\/\/www.serienjunkies.de\/person\/bobby-moynihan\/535044\/&quot;,&quot;storyElementPosition&quot;:15,&quot;storyElementCount&quot;:18}}\" rel=\"nofollow noopener\">Bobby Moynihan<\/a> (\u201e<a href=\"https:\/\/www.serienjunkies.de\/mr-mayor\/\" target=\"_blank\" class=\"id-import-Link\" data-id-ec=\"{&quot;sht&quot;:&quot;Container&quot;,&quot;shn&quot;:&quot;Story&quot;,&quot;p&quot;:{&quot;containerType&quot;:&quot;Paragraph&quot;,&quot;displayType&quot;:&quot;Paragraph InlineLink&quot;,&quot;type&quot;:&quot;INLINE_LINK&quot;,&quot;value&quot;:&quot;Mr. Mayor&quot;,&quot;variant&quot;:&quot;standardLink&quot;,&quot;sponsored&quot;:false,&quot;linkHref&quot;:&quot;https:\/\/www.serienjunkies.de\/mr-mayor\/&quot;,&quot;storyElementPosition&quot;:15,&quot;storyElementCount&quot;:18}}\" rel=\"nofollow noopener\">Mr. Mayor<\/a>\u201c) spricht K\u00f6nig George, einen unbeirrbaren, optimistischen, freundlichen, imposanten Biber, der nicht nur Anf\u00fchrer des Teiches, sondern auch K\u00f6nig aller S\u00e4ugetiere ist. <a href=\"https:\/\/www.serienjunkies.de\/person\/jon-hamm\/17217\/\" target=\"_blank\" class=\"id-import-Link\" data-id-ec=\"{&quot;sht&quot;:&quot;Container&quot;,&quot;shn&quot;:&quot;Story&quot;,&quot;p&quot;:{&quot;containerType&quot;:&quot;Paragraph&quot;,&quot;displayType&quot;:&quot;Paragraph InlineLink&quot;,&quot;type&quot;:&quot;INLINE_LINK&quot;,&quot;value&quot;:&quot;Jon Hamm&quot;,&quot;variant&quot;:&quot;standardLink&quot;,&quot;sponsored&quot;:false,&quot;linkHref&quot;:&quot;https:\/\/www.serienjunkies.de\/person\/jon-hamm\/17217\/&quot;,&quot;storyElementPosition&quot;:15,&quot;storyElementCount&quot;:18}}\" rel=\"nofollow noopener\">Jon Hamm<\/a> (\u201e<a href=\"https:\/\/www.serienjunkies.de\/mad-men\/\" target=\"_blank\" class=\"id-import-Link\" data-id-ec=\"{&quot;sht&quot;:&quot;Container&quot;,&quot;shn&quot;:&quot;Story&quot;,&quot;p&quot;:{&quot;containerType&quot;:&quot;Paragraph&quot;,&quot;displayType&quot;:&quot;Paragraph InlineLink&quot;,&quot;type&quot;:&quot;INLINE_LINK&quot;,&quot;value&quot;:&quot;Mad Men&quot;,&quot;variant&quot;:&quot;standardLink&quot;,&quot;sponsored&quot;:false,&quot;linkHref&quot;:&quot;https:\/\/www.serienjunkies.de\/mad-men\/&quot;,&quot;storyElementPosition&quot;:15,&quot;storyElementCount&quot;:18}}\" rel=\"nofollow noopener\">Mad Men<\/a>\u201c, \u201e<a href=\"https:\/\/www.serienjunkies.de\/land-man\/\" target=\"_blank\" class=\"id-import-Link\" data-id-ec=\"{&quot;sht&quot;:&quot;Container&quot;,&quot;shn&quot;:&quot;Story&quot;,&quot;p&quot;:{&quot;containerType&quot;:&quot;Paragraph&quot;,&quot;displayType&quot;:&quot;Paragraph InlineLink&quot;,&quot;type&quot;:&quot;INLINE_LINK&quot;,&quot;value&quot;:&quot;Landman&quot;,&quot;variant&quot;:&quot;standardLink&quot;,&quot;sponsored&quot;:false,&quot;linkHref&quot;:&quot;https:\/\/www.serienjunkies.de\/land-man\/&quot;,&quot;storyElementPosition&quot;:15,&quot;storyElementCount&quot;:18}}\" rel=\"nofollow noopener\">Landman<\/a>\u201c) leiht seine Stimme B\u00fcrgermeister Jerry, einem Politiker im Kampf um die Wiederwahl in Beaverton. Hinter seinem perfekt frisierten Haar und seiner dazu passenden \u00f6ffentlichen Pers\u00f6nlichkeit verliert Jerry nur wegen einer einzigen Sache die Beherrschung, einer Sache, die er nicht kontrollieren kann: Mabel.<\/p>\n<p>Perfekt f\u00fcr die Ferien: 25 zeitlose Filme, die Kinder und Eltern gleicherma\u00dfen lieben<img decoding=\"async\" class=\"id-RatioPlaceholder-element wv_story_el_interstitialImage\" src=\"https:\/\/www.europesays.com\/de\/wp-content\/uploads\/2025\/08\/1755568872_954_39002447-zuhausegemuetlichfamiliefilmabend-homecomfortablefamilymovie-night-familienfilm-Nfe.jpg\" loading=\"lazy\"   height=\"2667\" width=\"4000\" alt=\"zuhause,gem&#xFC;tlich,familie,filmabend *** home,comfortable,family,movie night familienfilm\"\/><a href=\"https:\/\/www.serienjunkies.de\/news\/storys\/kinder-ferienzeit-ist-filmzeit-diese-25-filme-begeistern-eltern-und-zr-93840125.html\" class=\"id-StoryElement-intestitialLink-link\" data-id-ec=\"{\" shn=\"\" ansehen=\"\" data-k5a-pos=\"west_story_15_photoGalleryLink\" title=\"Zur Fotostrecke: Perfekt f&#xFC;r die Ferien: 25 zeitlose Filme, die Kinder und Eltern gleicherma&#xDF;en lieben\" rel=\"nofollow noopener\" target=\"_blank\">Fotostrecke ansehen<\/a><\/p>\n<p class=\"id-StoryElement-paragraph\">Regie f\u00fchrt Daniel Chong (\u201eWe Bare Bears \u2013 B\u00e4ren wie wir\u201c), produziert wird \u201eHoppers\u201c von Nicole Paradis Grindle (\u201eDie Unglaublichen 2\u201c) und Komponist Mark Mothersbaugh (\u201eThor 3: Tag der Entscheidung\u201c) hat den Original Soundtrack beigesteuert. <a href=\"https:\/\/www.serienjunkies.de\/video\/zoomania-2-2025-finaler-kino-trailer_de-33069.html\" target=\"_blank\" class=\"id-import-Link\" data-id-ec=\"{&quot;sht&quot;:&quot;Container&quot;,&quot;shn&quot;:&quot;Story&quot;,&quot;p&quot;:{&quot;containerType&quot;:&quot;Paragraph&quot;,&quot;displayType&quot;:&quot;Paragraph InlineLink&quot;,&quot;type&quot;:&quot;INLINE_LINK&quot;,&quot;value&quot;:&quot;Disney-Fans sehen zun&#xE4;chst &#x201E;Zoomania 2&#x201C; ab dem 27. November in den deutschen Kinos&quot;,&quot;variant&quot;:&quot;standardLink&quot;,&quot;sponsored&quot;:false,&quot;linkHref&quot;:&quot;https:\/\/www.serienjunkies.de\/video\/zoomania-2-2025-finaler-kino-trailer_de-33069.html&quot;,&quot;storyElementPosition&quot;:18,&quot;storyElementCount&quot;:18}}\" rel=\"nofollow noopener\">Disney-Fans sehen zun\u00e4chst \u201eZoomania 2\u201c ab dem 27. November in den deutschen Kinos<\/a>. Im Juli 2026 soll au\u00dferdem die <a href=\"https:\/\/www.serienjunkies.de\/news\/film\/disneys-animationserfolg-wird-zum-realfilm-so-sieht-der-erste-vaiana-trailer-aus-94043197.html\" class=\"id-import-Link\" data-id-ec=\"{&quot;sht&quot;:&quot;Container&quot;,&quot;shn&quot;:&quot;Story&quot;,&quot;p&quot;:{&quot;containerType&quot;:&quot;Paragraph&quot;,&quot;displayType&quot;:&quot;Paragraph InlineLink&quot;,&quot;type&quot;:&quot;INLINE_LINK&quot;,&quot;value&quot;:&quot;&#x201E;Vaiana&#x201C;-Realverfilmung ins Kino kommen&quot;,&quot;variant&quot;:&quot;standardLink&quot;,&quot;sponsored&quot;:false,&quot;linkHref&quot;:&quot;https:\/\/www.serienjunkies.de\/news\/film\/disneys-animationserfolg-wird-zum-realfilm-so-sieht-der-erste-vaiana-trailer-aus-94043197.html&quot;,&quot;storyElementPosition&quot;:18,&quot;storyElementCount&quot;:18}}\" rel=\"nofollow noopener\" target=\"_blank\">\u201eVaiana\u201c-Realverfilmung ins Kino kommen<\/a>.<\/p>\n","protected":false},"excerpt":{"rendered":"serienjunkies News Film Stand: 21.11.2025, 15:46 Uhr Von: Adam Arndt DruckenTeilen Viele tr\u00e4umen wohl davon, Tiere richtig verstehen&hellip;\n","protected":false},"author":2,"featured_media":594198,"comment_status":"","ping_status":"","sticky":false,"template":"","format":"standard","meta":{"footnotes":""},"categories":[1771],"tags":[1778,29,214,30,95,1777,215],"class_list":{"0":"post-594197","1":"post","2":"type-post","3":"status-publish","4":"format-standard","5":"has-post-thumbnail","7":"category-kino","8":"tag-cinema","9":"tag-deutschland","10":"tag-entertainment","11":"tag-germany","12":"tag-kino","13":"tag-movie","14":"tag-unterhaltung"},"share_on_mastodon":{"url":"https:\/\/pubeurope.com\/@de\/115593334641202112","error":""},"_links":{"self":[{"href":"https:\/\/www.europesays.com\/de\/wp-json\/wp\/v2\/posts\/594197","targetHints":{"allow":["GET"]}}],"collection":[{"href":"https:\/\/www.europesays.com\/de\/wp-json\/wp\/v2\/posts"}],"about":[{"href":"https:\/\/www.europesays.com\/de\/wp-json\/wp\/v2\/types\/post"}],"author":[{"embeddable":true,"href":"https:\/\/www.europesays.com\/de\/wp-json\/wp\/v2\/users\/2"}],"replies":[{"embeddable":true,"href":"https:\/\/www.europesays.com\/de\/wp-json\/wp\/v2\/comments?post=594197"}],"version-history":[{"count":0,"href":"https:\/\/www.europesays.com\/de\/wp-json\/wp\/v2\/posts\/594197\/revisions"}],"wp:featuredmedia":[{"embeddable":true,"href":"https:\/\/www.europesays.com\/de\/wp-json\/wp\/v2\/media\/594198"}],"wp:attachment":[{"href":"https:\/\/www.europesays.com\/de\/wp-json\/wp\/v2\/media?parent=594197"}],"wp:term":[{"taxonomy":"category","embeddable":true,"href":"https:\/\/www.europesays.com\/de\/wp-json\/wp\/v2\/categories?post=594197"},{"taxonomy":"post_tag","embeddable":true,"href":"https:\/\/www.europesays.com\/de\/wp-json\/wp\/v2\/tags?post=594197"}],"curies":[{"name":"wp","href":"https:\/\/api.w.org\/{rel}","templated":true}]}}