{"id":594223,"date":"2025-11-22T12:38:12","date_gmt":"2025-11-22T12:38:12","guid":{"rendered":"https:\/\/www.europesays.com\/de\/594223\/"},"modified":"2025-11-22T12:38:12","modified_gmt":"2025-11-22T12:38:12","slug":"moenchengladbach-schueler-sorgen-sich-um-abiturpruefungen","status":"publish","type":"post","link":"https:\/\/www.europesays.com\/de\/594223\/","title":{"rendered":"M\u00f6nchengladbach: Sch\u00fcler sorgen sich um Abiturpr\u00fcfungen"},"content":{"rendered":"<p class=\"text_ohne_einzug richtext text-em-55 !leading-serif mx-6 desktop:mx-0\"> Die Warnstufe Rot wird in der Nacht vom 8. auf den 9. September 2025 in <a href=\"https:\/\/rp-online.de\/thema\/moenchengladbach\/\" target=\"_blank\" rel=\"noopener\">M\u00f6nchengladbach<\/a> ausgerufen. \u00dcber mehrere Stunden bringt das Sturmtief \u201eWalter\u201c extremen Starkregen mit. Keller laufen voll, Stra\u00dfen werden abgesperrt, mehr als 600 Unwetter-Eins\u00e4tze f\u00e4hrt die Feuerwehr insgesamt, <a href=\"https:\/\/rp-online.de\/nrw\/staedte\/moenchengladbach\/unwetter-und-starkregen-in-moenchengladbach-ueberflutete-strassen-feuerwehreinsaetze-und-volle-keller_aid-134557871\" target=\"_blank\" rel=\"noopener\">wie unsere Redaktion berichtete<\/a>. Noch Tage danach sp\u00fcren M\u00f6nchengladbacher die Folgen des Unwetters, in der ganzen Stadt gibt es Sch\u00e4den. Das Gymnasium Rheindahlen wird zeitweise geschlossen, erinnert sich Sch\u00fclersprecher Horst Rahmen. Dann konnte der Pr\u00e4senzunterricht wieder aufgenommen werden. Doch ein Problem ist bis heute geblieben.<\/p>\n","protected":false},"excerpt":{"rendered":"Die Warnstufe Rot wird in der Nacht vom 8. auf den 9. September 2025 in M\u00f6nchengladbach ausgerufen. \u00dcber&hellip;\n","protected":false},"author":2,"featured_media":594224,"comment_status":"","ping_status":"","sticky":false,"template":"","format":"standard","meta":{"footnotes":""},"categories":[1849],"tags":[43122,3956,14075,3364,29,548,663,3934,30,13,29159,4455,14,15,1209,34100,12787,12,141994,71327],"class_list":{"0":"post-594223","1":"post","2":"type-post","3":"status-publish","4":"format-standard","5":"has-post-thumbnail","7":"category-moenchengladbach","8":"tag-aufgenommen","9":"tag-bedingungen","10":"tag-betrieb","11":"tag-de","12":"tag-deutschland","13":"tag-eu","14":"tag-europa","15":"tag-europe","16":"tag-germany","17":"tag-headlines","18":"tag-hinblick","19":"tag-moenchengladbach","20":"tag-nachrichten","21":"tag-news","22":"tag-nordrhein-westfalen","23":"tag-passiert","24":"tag-pruefungen","25":"tag-schlagzeilen","26":"tag-verschwiegen","27":"tag-zukuenftige"},"share_on_mastodon":{"url":"https:\/\/pubeurope.com\/@de\/115593393383471486","error":""},"_links":{"self":[{"href":"https:\/\/www.europesays.com\/de\/wp-json\/wp\/v2\/posts\/594223","targetHints":{"allow":["GET"]}}],"collection":[{"href":"https:\/\/www.europesays.com\/de\/wp-json\/wp\/v2\/posts"}],"about":[{"href":"https:\/\/www.europesays.com\/de\/wp-json\/wp\/v2\/types\/post"}],"author":[{"embeddable":true,"href":"https:\/\/www.europesays.com\/de\/wp-json\/wp\/v2\/users\/2"}],"replies":[{"embeddable":true,"href":"https:\/\/www.europesays.com\/de\/wp-json\/wp\/v2\/comments?post=594223"}],"version-history":[{"count":0,"href":"https:\/\/www.europesays.com\/de\/wp-json\/wp\/v2\/posts\/594223\/revisions"}],"wp:featuredmedia":[{"embeddable":true,"href":"https:\/\/www.europesays.com\/de\/wp-json\/wp\/v2\/media\/594224"}],"wp:attachment":[{"href":"https:\/\/www.europesays.com\/de\/wp-json\/wp\/v2\/media?parent=594223"}],"wp:term":[{"taxonomy":"category","embeddable":true,"href":"https:\/\/www.europesays.com\/de\/wp-json\/wp\/v2\/categories?post=594223"},{"taxonomy":"post_tag","embeddable":true,"href":"https:\/\/www.europesays.com\/de\/wp-json\/wp\/v2\/tags?post=594223"}],"curies":[{"name":"wp","href":"https:\/\/api.w.org\/{rel}","templated":true}]}}