{"id":594229,"date":"2025-11-22T12:41:13","date_gmt":"2025-11-22T12:41:13","guid":{"rendered":"https:\/\/www.europesays.com\/de\/594229\/"},"modified":"2025-11-22T12:41:13","modified_gmt":"2025-11-22T12:41:13","slug":"sind-die-tuersteher-der-kantine-in-augsburger-zu-streng","status":"publish","type":"post","link":"https:\/\/www.europesays.com\/de\/594229\/","title":{"rendered":"Sind die T\u00fcrsteher der Kantine in Augsburger zu streng?"},"content":{"rendered":"<p class=\"mb-6 text-xs md:text-m lg:text-l font-serif group-[.font-sans]:font-sans \">\n    Auf den ersten Blick hat der <a href=\"https:\/\/www.augsburger-allgemeine.de\/augsburg\/augsburg-club-schliessungen-warum-es-bei-kantine-kesselhaus-spectrum-funktioniert-108969605\" target=\"_self\" class=\"underline \" rel=\"noopener\">Augsburger Club Kantine auf Google keine schlechte Bewertung.<\/a> Er erh\u00e4lt bei \u00fcber 1500 Rezensionen vier von f\u00fcnf Sternen. Wer genauer hinschaut, wird in den vergangenen Wochen und Monaten aber eine Vielzahl von schlechten Bewertungen finden. Kritik wird vor allem am Sicherheitspersonal und T\u00fcrsteher ge\u00fcbt. \u201eJeder vor uns wurde reingelassen \u2013 au\u00dfer einer von uns. Ohne Grund, keine Erkl\u00e4rung, keine Logik\u201c, schreibt ein Gast. Bei 500 bis 600 Personen im Durchlauf, die an einem guten Abend die Kantine besuchen, k\u00f6nne schon einmal eine falsche Entscheidung getroffen werden, stellen Inhaber Sebastian Karner und T\u00fcrsteher Christopher Sch\u00e4ffler fest. Es gebe aber auch Spielregeln. Und wer sich daran halte, habe selten ein Problem.\n  <\/p>\n<ul data-module-id=\"DragDropModule\" class=\"flex flex-wrap justify-start group-[.no-bookmarks]:hidden\">\n<li class=\"mb-3 mr-3\">\n    Miriam Zissler<\/p>\n<p>      Icon Haken im Kreis gesetzt<\/p>\n<p>      Icon Plus im Kreis<\/p>\n<\/li>\n<li class=\"mb-3 mr-3\">\n    Google Inc.<\/p>\n<p>      Icon Haken im Kreis gesetzt<\/p>\n<p>      Icon Plus im Kreis<\/p>\n<\/li>\n<li class=\"mb-3 mr-3\">\n    Sebastian Karner<\/p>\n<p>      Icon Haken im Kreis gesetzt<\/p>\n<p>      Icon Plus im Kreis<\/p>\n<\/li>\n<\/ul>\n","protected":false},"excerpt":{"rendered":"Auf den ersten Blick hat der Augsburger Club Kantine auf Google keine schlechte Bewertung. Er erh\u00e4lt bei \u00fcber&hellip;\n","protected":false},"author":2,"featured_media":594230,"comment_status":"","ping_status":"","sticky":false,"template":"","format":"standard","meta":{"footnotes":""},"categories":[1846],"tags":[680,772,141995,141997,3364,29,548,663,3934,30,8194,13,14,15,6927,121,12,141996,672],"class_list":{"0":"post-594229","1":"post","2":"type-post","3":"status-publish","4":"format-standard","5":"has-post-thumbnail","7":"category-augsburg","8":"tag-augsburg","9":"tag-bayern","10":"tag-christopher-schaeffler","11":"tag-clubtuer","12":"tag-de","13":"tag-deutschland","14":"tag-eu","15":"tag-europa","16":"tag-europe","17":"tag-germany","18":"tag-google-inc","19":"tag-headlines","20":"tag-nachrichten","21":"tag-news","22":"tag-oktoberfest","23":"tag-polizei","24":"tag-schlagzeilen","25":"tag-sebastian-karner","26":"tag-whatsapp"},"share_on_mastodon":{"url":"https:\/\/pubeurope.com\/@de\/115593405111108522","error":""},"_links":{"self":[{"href":"https:\/\/www.europesays.com\/de\/wp-json\/wp\/v2\/posts\/594229","targetHints":{"allow":["GET"]}}],"collection":[{"href":"https:\/\/www.europesays.com\/de\/wp-json\/wp\/v2\/posts"}],"about":[{"href":"https:\/\/www.europesays.com\/de\/wp-json\/wp\/v2\/types\/post"}],"author":[{"embeddable":true,"href":"https:\/\/www.europesays.com\/de\/wp-json\/wp\/v2\/users\/2"}],"replies":[{"embeddable":true,"href":"https:\/\/www.europesays.com\/de\/wp-json\/wp\/v2\/comments?post=594229"}],"version-history":[{"count":0,"href":"https:\/\/www.europesays.com\/de\/wp-json\/wp\/v2\/posts\/594229\/revisions"}],"wp:featuredmedia":[{"embeddable":true,"href":"https:\/\/www.europesays.com\/de\/wp-json\/wp\/v2\/media\/594230"}],"wp:attachment":[{"href":"https:\/\/www.europesays.com\/de\/wp-json\/wp\/v2\/media?parent=594229"}],"wp:term":[{"taxonomy":"category","embeddable":true,"href":"https:\/\/www.europesays.com\/de\/wp-json\/wp\/v2\/categories?post=594229"},{"taxonomy":"post_tag","embeddable":true,"href":"https:\/\/www.europesays.com\/de\/wp-json\/wp\/v2\/tags?post=594229"}],"curies":[{"name":"wp","href":"https:\/\/api.w.org\/{rel}","templated":true}]}}