{"id":594245,"date":"2025-11-22T12:51:19","date_gmt":"2025-11-22T12:51:19","guid":{"rendered":"https:\/\/www.europesays.com\/de\/594245\/"},"modified":"2025-11-22T12:51:19","modified_gmt":"2025-11-22T12:51:19","slug":"wuppertaler-sv-vs-fortuna-duesseldorf","status":"publish","type":"post","link":"https:\/\/www.europesays.com\/de\/594245\/","title":{"rendered":"Wuppertaler SV vs Fortuna D\u00fcsseldorf"},"content":{"rendered":"<p>      LIVE<\/p>\n<p>  Fu\u00dfball-Regionalliga aktuell        Liveblog: Wuppertaler SV vs Fortuna D\u00fcsseldorf<\/p>\n<p class=\"text-50 desktop:text-70 park-container-small px-6 mb-10 desktop:mb-14\">Wuppertal \u00b7 <strong data-cy=\"intro\" data-readtime-content=\"\">Im letzten Regionalliga-Heimspiel des Fu\u00dfballjahres 2025 empf\u00e4ngt der WSV am Samstag, 22. November, Tabellennachbar Fortuna D\u00fcsseldorf U 23 zum Ansto\u00df um 14 Uhr im Stadion am Zoo und will wichtige Z\u00e4hler f\u00fcr den Klassenerhalt sammeln. Ob es gelingt, erfahren Sie hier.<\/strong><\/p>\n<p>                        <a class=\"absolute bottom-0 inset-x-0 z-10 group\/link before:float-left after:clear-both flex justify-end items-end print:hidden\" href=\"https:\/\/www.wz.de\/imgs\/39\/2\/5\/0\/2\/1\/7\/0\/9\/5\/tok_67358ff4906b42dee75e2aaca5c04590\/w1900_h1263_x1796_y1194_wz_WSV-RWO_2026_43-a33a7881cb0e39be.jpg\" title=\"Vergr\u00f6\u00dferte Ansicht\" aria-describedby=\"park-figure-\" data-enlargable=\"image\" target=\"_blank\" rel=\"noopener\"><\/p>\n<p>                            <\/a><\/p>\n<p>                <img class=\"inset-0 w-full h-full object-cover opacity-0 transition-opacity animated\" onload=\"this.style.opacity = '1';\" src=\"https:\/\/www.europesays.com\/de\/wp-content\/uploads\/2025\/11\/w2100_h1397_x1796_y1194_wz_WSV-RWO_2026_43-a33a7881cb0e39be.jpg\"   alt=\" Auf Salmin Rebronja kommt gegen D\u00fcsseldorf im Mittelfeld noch mehr Arbeit zu. Kollege Celal Aydogan fehlt gesperrt. \" width=\"3592\" height=\"2389\" fetchpriority=\"high\" decoding=\"async\" data-park-image-img=\"\"\/><\/p>\n<p class=\"block font-sans text-30 text-black-almost dark:text-white-almost desktop:text-40 desktop:[.floated_&amp;]:text-30 mt-3 desktop:[.floated_&amp;]:mt-3 desktop:mt-4\" data-readtime-content=\"\">\n         Auf Salmin Rebronja kommt gegen D\u00fcsseldorf im Mittelfeld noch mehr Arbeit zu. Kollege Celal Aydogan fehlt gesperrt.\n    <\/p>\n<p>    Foto: JA\/Andreas Fischer  <\/p>\n","protected":false},"excerpt":{"rendered":"LIVE Fu\u00dfball-Regionalliga aktuell Liveblog: Wuppertaler SV vs Fortuna D\u00fcsseldorf Wuppertal \u00b7 Im letzten Regionalliga-Heimspiel des Fu\u00dfballjahres 2025 empf\u00e4ngt&hellip;\n","protected":false},"author":2,"featured_media":594246,"comment_status":"","ping_status":"","sticky":false,"template":"","format":"standard","meta":{"footnotes":""},"categories":[1840],"tags":[3364,29,6223,30,1209,3459,6227,4418,6500],"class_list":{"0":"post-594245","1":"post","2":"type-post","3":"status-publish","4":"format-standard","5":"has-post-thumbnail","7":"category-wuppertal","8":"tag-de","9":"tag-deutschland","10":"tag-fortuna","11":"tag-germany","12":"tag-nordrhein-westfalen","13":"tag-regionalliga","14":"tag-wsv","15":"tag-wuppertal","16":"tag-zoo"},"share_on_mastodon":{"url":"https:\/\/pubeurope.com\/@de\/115593445267291333","error":""},"_links":{"self":[{"href":"https:\/\/www.europesays.com\/de\/wp-json\/wp\/v2\/posts\/594245","targetHints":{"allow":["GET"]}}],"collection":[{"href":"https:\/\/www.europesays.com\/de\/wp-json\/wp\/v2\/posts"}],"about":[{"href":"https:\/\/www.europesays.com\/de\/wp-json\/wp\/v2\/types\/post"}],"author":[{"embeddable":true,"href":"https:\/\/www.europesays.com\/de\/wp-json\/wp\/v2\/users\/2"}],"replies":[{"embeddable":true,"href":"https:\/\/www.europesays.com\/de\/wp-json\/wp\/v2\/comments?post=594245"}],"version-history":[{"count":0,"href":"https:\/\/www.europesays.com\/de\/wp-json\/wp\/v2\/posts\/594245\/revisions"}],"wp:featuredmedia":[{"embeddable":true,"href":"https:\/\/www.europesays.com\/de\/wp-json\/wp\/v2\/media\/594246"}],"wp:attachment":[{"href":"https:\/\/www.europesays.com\/de\/wp-json\/wp\/v2\/media?parent=594245"}],"wp:term":[{"taxonomy":"category","embeddable":true,"href":"https:\/\/www.europesays.com\/de\/wp-json\/wp\/v2\/categories?post=594245"},{"taxonomy":"post_tag","embeddable":true,"href":"https:\/\/www.europesays.com\/de\/wp-json\/wp\/v2\/tags?post=594245"}],"curies":[{"name":"wp","href":"https:\/\/api.w.org\/{rel}","templated":true}]}}