{"id":594247,"date":"2025-11-22T12:52:15","date_gmt":"2025-11-22T12:52:15","guid":{"rendered":"https:\/\/www.europesays.com\/de\/594247\/"},"modified":"2025-11-22T12:52:15","modified_gmt":"2025-11-22T12:52:15","slug":"auf-polizeiwache-in-hattingen-mann-greift-beamten-mit-messer-an-regional","status":"publish","type":"post","link":"https:\/\/www.europesays.com\/de\/594247\/","title":{"rendered":"Auf Polizeiwache in Hattingen: Mann greift Beamten mit Messer an | Regional"},"content":{"rendered":"<p>Hattingen \u2013 <b>Gef\u00e4hrliche Szenen auf einer Polizeiwache: Ein Mann (28) sprang \u00fcber den Tresen und griff einen Beamten an. Mit einem Messer!<\/b><\/p>\n<p>Am fr\u00fchen Samstagmorgen um 5.12 Uhr klingelte es an der Polizeistation in Hattingen (<a href=\"https:\/\/www.bild.de\/regional\/nordrhein-westfalen\/home-npIP0qL0giWP1ZFIOHn2\" class=\"text-link\" target=\"_blank\" rel=\"noopener\">NRW<\/a>). Der diensthabende Beamte sah im Bild der \u00dcberwachungskamera einen Mann stehen. Der Unbekannte wirkte nicht verd\u00e4chtig, der Polizist dr\u00fcckte den T\u00fcr\u00f6ffner. <\/p>\n<p>Doch kaum war der Mann im Geb\u00e4ude, zog er ein Messer, sprang \u00fcber den Tresen und attackierte den Polizisten. Daraufhin wurde dem Angreifer ins Bein geschossen. Ob der Angegriffene selbst schoss oder ein Kollege, wollte die <a href=\"https:\/\/www.bild.de\/regional\/aktuelles\/polizei\/polizeieinsatz-alle-infos-76681760.bild.html\" class=\"text-link\" target=\"_blank\" rel=\"noopener\">Polizei<\/a> bisher nicht mitteilen. <\/p>\n<p><img decoding=\"async\" width=\"992\" height=\"558\" alt=\"Polizisten sperrten den Tatort in der Wache zun\u00e4chst ab\" src=\"https:\/\/www.europesays.com\/de\/wp-content\/uploads\/2025\/11\/5f4dbd2beae3ace1cf3a6e6ee9dba6bb,d3af4b39\"   class=\"landscape\" loading=\"lazy\"\/><\/p>\n<p class=\"fig__caption__text\">Polizisten sperrten den Tatort in der Wache zun\u00e4chst ab<\/p>\n<p>Foto: Justin Brosch \/ ANC-NEWS<\/p>\n<p>Der Tatverd\u00e4chtige ging sofort zu Boden, die Beamten entwaffneten ihn und leisteten Erste Hilfe. <a href=\"https:\/\/www.bild.de\/themen\/organisationen\/rettungsdienst\/politik-nachrichten-news-fotos-videos-19795274.bild.html\" class=\"text-link\" target=\"_blank\" rel=\"noopener\">Rettungskr\u00e4fte<\/a> und ein Notarzt kamen hinzu und k\u00fcmmerten sich um den Verletzten. Er wurde schlie\u00dflich unter Polizeibewachung ins Krankenhaus eingeliefert. Nach Auskunft der \u00c4rzte  besteht keine Lebensgefahr.<\/p>\n<p>Mehr zum Thema<\/p>\n<p>Warum der Mann fr\u00fchmorgens mit einem Messer in die Polizeiwache kam, ist bislang noch unklar. Nach ersten Ermittlungen geht die Polizei aber nicht von einem gezielten Anschlag aus. Es wird vermutet, dass der Angreifer m\u00f6glicherweise psychisch krank ist. <\/p>\n<p>Eine Mordkommission aus Hagen hat jetzt die Ermittlungen \u00fcbernommen. Neben dem Motiv des Mannes muss gekl\u00e4rt werden, ob die Schussabgabe durch den Polizisten gerechtfertigt war.<\/p>\n","protected":false},"excerpt":{"rendered":"Hattingen \u2013 Gef\u00e4hrliche Szenen auf einer Polizeiwache: Ein Mann (28) sprang \u00fcber den Tresen und griff einen Beamten&hellip;\n","protected":false},"author":2,"featured_media":594248,"comment_status":"","ping_status":"","sticky":false,"template":"","format":"standard","meta":{"footnotes":""},"categories":[1839],"tags":[7507,3364,29,30,1000,1981,1209,121,9115,138370,45,2627],"class_list":{"0":"post-594247","1":"post","2":"type-post","3":"status-publish","4":"format-standard","5":"has-post-thumbnail","7":"category-bochum","8":"tag-bochum","9":"tag-de","10":"tag-deutschland","11":"tag-germany","12":"tag-gewalt","13":"tag-messer","14":"tag-nordrhein-westfalen","15":"tag-polizei","16":"tag-schusswaffen","17":"tag-team-first","18":"tag-texttospeech","19":"tag-verletzungen"},"share_on_mastodon":{"url":"https:\/\/pubeurope.com\/@de\/115593448887527975","error":""},"_links":{"self":[{"href":"https:\/\/www.europesays.com\/de\/wp-json\/wp\/v2\/posts\/594247","targetHints":{"allow":["GET"]}}],"collection":[{"href":"https:\/\/www.europesays.com\/de\/wp-json\/wp\/v2\/posts"}],"about":[{"href":"https:\/\/www.europesays.com\/de\/wp-json\/wp\/v2\/types\/post"}],"author":[{"embeddable":true,"href":"https:\/\/www.europesays.com\/de\/wp-json\/wp\/v2\/users\/2"}],"replies":[{"embeddable":true,"href":"https:\/\/www.europesays.com\/de\/wp-json\/wp\/v2\/comments?post=594247"}],"version-history":[{"count":0,"href":"https:\/\/www.europesays.com\/de\/wp-json\/wp\/v2\/posts\/594247\/revisions"}],"wp:featuredmedia":[{"embeddable":true,"href":"https:\/\/www.europesays.com\/de\/wp-json\/wp\/v2\/media\/594248"}],"wp:attachment":[{"href":"https:\/\/www.europesays.com\/de\/wp-json\/wp\/v2\/media?parent=594247"}],"wp:term":[{"taxonomy":"category","embeddable":true,"href":"https:\/\/www.europesays.com\/de\/wp-json\/wp\/v2\/categories?post=594247"},{"taxonomy":"post_tag","embeddable":true,"href":"https:\/\/www.europesays.com\/de\/wp-json\/wp\/v2\/tags?post=594247"}],"curies":[{"name":"wp","href":"https:\/\/api.w.org\/{rel}","templated":true}]}}