{"id":594252,"date":"2025-11-22T12:55:15","date_gmt":"2025-11-22T12:55:15","guid":{"rendered":"https:\/\/www.europesays.com\/de\/594252\/"},"modified":"2025-11-22T12:55:15","modified_gmt":"2025-11-22T12:55:15","slug":"ukraine-kuendigt-verhandlungen-mit-den-usa-ueber-trump-plan-an","status":"publish","type":"post","link":"https:\/\/www.europesays.com\/de\/594252\/","title":{"rendered":"Ukraine k\u00fcndigt Verhandlungen mit den USA \u00fcber Trump-Plan an"},"content":{"rendered":"<p>            <img loading=\"lazy\" decoding=\"async\" class=\"ts-image\" src=\"https:\/\/www.europesays.com\/de\/wp-content\/uploads\/2025\/11\/rustem-umerow-102.jpg\" alt=\"Rustem Umerow\" title=\"Rustem Umerow | SIMON WOHLFAHRT \/ AFP\"\/><\/p>\n<p class=\"metatextline\">Stand: 22.11.2025 13:46 Uhr<\/p>\n<p class=\"textabsatz columns twelve  m-ten  m-offset-one l-eight l-offset-two\">\n        <strong>Trump hat mit seinem &#8222;Friedensplan&#8220; die Europ\u00e4er \u00fcberrascht und die Ukraine unter Druck gesetzt. Jetzt soll in der Schweiz dar\u00fcber verhandelt werden. M\u00f6gliche Kompromisse und die Rolle Europas dabei sind v\u00f6llig unklar.<\/strong>\n    <\/p>\n<p class=\"textabsatz m-ten m-offset-one l-eight l-offset-two columns twelve\">Hochrangige Vertreter der USA und der Ukraine sollen in den n\u00e4chsten Tagen in der Schweiz zu Verhandlungen \u00fcber den sogenannten Friedensplan von US-Pr\u00e4sident Donald Trump zusammenkommen. Wie der Chef des ukrainischen Sicherheitsrats, Rustem Umerow, in sozialen Medien ank\u00fcndigte, solle dabei &#8222;\u00fcber die m\u00f6glichen Parameter eines k\u00fcnftigen Friedensabkommens&#8220; gesprochen werden. Nach Angaben des ukrainischen Pr\u00e4sidenten Wolodymyr Selenskyj soll auch Moskau beteiligt sein.<\/p>\n<p class=\"textabsatz m-ten m-offset-one l-eight l-offset-two columns twelve\">Die Ukraine gehe mit einem &#8222;klaren Verst\u00e4ndnis ihrer Interessen in diesen Prozess&#8220;, schrieb Umerow weiter. Mit diesen Verhandlungen werde der Dialog der vergangenen Tage fortgef\u00fchrt. &#8222;Wir sch\u00e4tzen das Engagement der amerikanischen Seite und ihre Bereitschaft zu einer substanziellen Diskussion&#8220;, so Umerow.<\/p>\n<p class=\"textabsatz m-ten m-offset-one l-eight l-offset-two columns twelve\">In einer fr\u00fcheren Version der Mitteilung war auch von einer Beteiligung europ\u00e4ischer Partner die Rede. Umerow \u00e4nderte den Text ohne Angabe von Gr\u00fcnden.<\/p>\n<p>    Selenskyj bestimmt Delegation<\/p>\n<p class=\"textabsatz m-ten m-offset-one l-eight l-offset-two columns twelve\">Kurz zuvor hatte Pr\u00e4sident Selenskyj ein Dekret zur Bildung einer Verhandlungsdelegation unterzeichnet, die von seinem engen Vertrauten Andrij Jermak angef\u00fchrt wird. Zu der insgesamt neunk\u00f6pfigen Delegation geh\u00f6rt auch der Chef des Milit\u00e4rgeheimdienstes, Kyrylo Budanow. Dem Dekret zufolge werden auch &#8222;Vertreter der Russischen F\u00f6deration&#8220; an den Gespr\u00e4chen teilnehmen. Aus Moskau gibt es daf\u00fcr bisher keine Best\u00e4tigung. Auch von US-amerikanischer Seite liegt noch keine Best\u00e4tigung vor.<\/p>\n<p class=\"textabsatz m-ten m-offset-one l-eight l-offset-two columns twelve\">Trump hatte gestern den Druck auf die Ukraine massiv erh\u00f6ht und Selenskyj <a href=\"https:\/\/www.tagesschau.de\/ausland\/europa\/selenskyj-us-plan-100.html\" title=\"Trump setzt Selenskyj Frist bis Donnerstag f\u00fcr Antwort zu US-Plan\" rel=\"nofollow noopener\" target=\"_blank\">eine Frist bis Donnerstag gesetzt<\/a>, um den von den USA vorgelegten Plan im Wesentlichen zu akzeptieren. Selenskyj wies den US-Plan gestern in seiner aktuellen Form zur\u00fcck und k\u00fcndigte an, <a href=\"https:\/\/www.tagesschau.de\/ausland\/europa\/ukraine-usa-friedensplan-102.html\" title=\"Ukrainischer Pr\u00e4sident Selenskyj zu Gespr\u00e4ch \u00fcber US-Plan bereit\" rel=\"nofollow noopener\" target=\"_blank\">&#8222;Alternativen&#8220; zu dem Vorschlag vorzulegen<\/a>. Der Plan enth\u00e4lt insgesamt 28 Punkte und w\u00fcrde insbesondere der Ukraine viel abverlangen, unter anderem empfindliche territoriale Zugest\u00e4ndnisse.<\/p>\n<p>    Verb\u00fcndete beraten am Rande des G20-Gipfels<\/p>\n<p class=\"textabsatz m-ten m-offset-one l-eight l-offset-two columns twelve\">Der russische Angriffskrieg gegen die Ukraine ist auch beim <a href=\"https:\/\/www.tagesschau.de\/ausland\/afrika\/eroeffnung-g20-gipfel-100.html\" title=\"G20 wirbt bei Gipfel f\u00fcr Zusammenarbeit - trotz US-Boykott\" rel=\"nofollow noopener\" target=\"_blank\">G20-Gipfel in S\u00fcdafrika<\/a> das Topthema &#8211; obwohl Trump das Treffen boykottiert. Bundeskanzler Friedrich Merz beriet zum Auftakt des Treffens der gro\u00dfen Volkswirtschaften mit dem franz\u00f6sischen Pr\u00e4sidenten Emmanuel Macron und dem britischen Premierminister Keir Starmer \u00fcber den US-Plan. Die Europ\u00e4er waren an der Ausarbeitung des Plans nicht beteiligt, <a href=\"https:\/\/www.tagesschau.de\/ausland\/europa\/ukraine-merz-starmer-macron-zusicherung-100.html\" title=\"Merz, Macron, Starmer und Selenskyj wollen Einbindung in Ukraine-Prozess\" rel=\"nofollow noopener\" target=\"_blank\">bem\u00fchen sich aber seit seinem Bekanntwerden aber um Einfluss<\/a>.<\/p>\n<p class=\"textabsatz m-ten m-offset-one l-eight l-offset-two columns twelve\">F\u00fcr den Nachmittag sind weitere Gespr\u00e4che zur Ukraine vorgesehen. Ein EU-Vertreter sagte, auch f\u00fchrende Politiker aus Kanada, Japan und Australien sollten einbezogen werden, um &#8222;\u00fcber das weitere Vorgehen in der Ukraine zu beraten&#8220;. Ein anderer EU-Diplomat f\u00fchrte aus: &#8222;Wir arbeiten daran, den US-Plan auf der Grundlage fr\u00fcherer Gespr\u00e4che besser umsetzbar zu machen.&#8220;<\/p>\n<p>    Europ\u00e4er betonen N\u00e4he zur Ukraine<\/p>\n<p class=\"textabsatz m-ten m-offset-one l-eight l-offset-two columns twelve\">Der britische Premierminister\u00a0Starmer zog die Verl\u00e4sslichkeit Russlands in Zweifel. &#8222;Es gibt nur ein einziges Land am G20-Tisch, das nicht zu einer Waffenruhe aufruft &#8211; und nur ein Land, das eine Salve von Drohnen und Raketen einsetzt, um Existenzen zu zerst\u00f6ren und unschuldige Zivilisten zu t\u00f6ten&#8220;, hei\u00dft es in einer Erkl\u00e4rung Starmers, die vor dem Beginn des Gipfels ver\u00f6ffentlicht wurde. Immer wieder gebe Russland vor, es ernst zu meinen mit dem Frieden, doch den Worten folgten nie Taten.<\/p>\n<p class=\"textabsatz m-ten m-offset-one l-eight l-offset-two columns twelve\">Die Ukraine sei seit Monaten bereit zu verhandeln, w\u00e4hrend &#8222;Russland blockiert und sein m\u00f6rderisches W\u00fcten fortsetzt&#8220;. Deshalb m\u00fcssten alle gemeinsam &#8211; sowohl mit den USA als auch mit der Ukraine &#8211; daran arbeiten, endlich einen gerechten und dauerhaften Frieden zu sichern. &#8222;Doch wir k\u00f6nnen nicht einfach auf den Frieden warten &#8211; wir m\u00fcssen all unsere Kr\u00e4fte aufbieten, um ihn zu sichern&#8220;, erkl\u00e4rte Starmer.<\/p>\n<p class=\"textabsatz m-ten m-offset-one l-eight l-offset-two columns twelve\">Merz hatte zu dem US-Vorsto\u00df am Freitag gemeinsam mit Macron, Starmer und dem ukrainischen Pr\u00e4sidenten Wolodymyr Selenskyj erkl\u00e4rt, jede Vereinbarung, welche die europ\u00e4ischen Staaten, die Europ\u00e4ische Union oder die NATO betreffe, bed\u00fcrfe &#8222;einer Zustimmung der europ\u00e4ischen Partner beziehungsweise eines Konsenses der Alliierten&#8220;.<\/p>\n","protected":false},"excerpt":{"rendered":"Stand: 22.11.2025 13:46 Uhr Trump hat mit seinem &#8222;Friedensplan&#8220; die Europ\u00e4er \u00fcberrascht und die Ukraine unter Druck gesetzt.&hellip;\n","protected":false},"author":2,"featured_media":594253,"comment_status":"","ping_status":"","sticky":false,"template":"","format":"standard","meta":{"footnotes":""},"categories":[4012],"tags":[331,332,13,14,15,12,116,113,317,64],"class_list":{"0":"post-594252","1":"post","2":"type-post","3":"status-publish","4":"format-standard","5":"has-post-thumbnail","7":"category-ukraine","8":"tag-aktuelle-nachrichten","9":"tag-aktuelle-news","10":"tag-headlines","11":"tag-nachrichten","12":"tag-news","13":"tag-schlagzeilen","14":"tag-selenskyj","15":"tag-trump","16":"tag-ukraine","17":"tag-usa"},"share_on_mastodon":{"url":"https:\/\/pubeurope.com\/@de\/115593460223320393","error":""},"_links":{"self":[{"href":"https:\/\/www.europesays.com\/de\/wp-json\/wp\/v2\/posts\/594252","targetHints":{"allow":["GET"]}}],"collection":[{"href":"https:\/\/www.europesays.com\/de\/wp-json\/wp\/v2\/posts"}],"about":[{"href":"https:\/\/www.europesays.com\/de\/wp-json\/wp\/v2\/types\/post"}],"author":[{"embeddable":true,"href":"https:\/\/www.europesays.com\/de\/wp-json\/wp\/v2\/users\/2"}],"replies":[{"embeddable":true,"href":"https:\/\/www.europesays.com\/de\/wp-json\/wp\/v2\/comments?post=594252"}],"version-history":[{"count":0,"href":"https:\/\/www.europesays.com\/de\/wp-json\/wp\/v2\/posts\/594252\/revisions"}],"wp:featuredmedia":[{"embeddable":true,"href":"https:\/\/www.europesays.com\/de\/wp-json\/wp\/v2\/media\/594253"}],"wp:attachment":[{"href":"https:\/\/www.europesays.com\/de\/wp-json\/wp\/v2\/media?parent=594252"}],"wp:term":[{"taxonomy":"category","embeddable":true,"href":"https:\/\/www.europesays.com\/de\/wp-json\/wp\/v2\/categories?post=594252"},{"taxonomy":"post_tag","embeddable":true,"href":"https:\/\/www.europesays.com\/de\/wp-json\/wp\/v2\/tags?post=594252"}],"curies":[{"name":"wp","href":"https:\/\/api.w.org\/{rel}","templated":true}]}}