{"id":59426,"date":"2025-04-25T06:30:09","date_gmt":"2025-04-25T06:30:09","guid":{"rendered":"https:\/\/www.europesays.com\/de\/59426\/"},"modified":"2025-04-25T06:30:09","modified_gmt":"2025-04-25T06:30:09","slug":"hannover-96-marcus-mann-will-lieber-mutig-und-scheitert-dann","status":"publish","type":"post","link":"https:\/\/www.europesays.com\/de\/59426\/","title":{"rendered":"Hannover 96: Marcus Mann will lieber mutig und scheitert dann"},"content":{"rendered":"<p>Trainerwechsel in Hannover\u00a0<\/p>\n<p>                                    <img decoding=\"async\" src=\"https:\/\/www.europesays.com\/de\/wp-content\/uploads\/2025\/04\/andre-breitenreiter-marcus-mann-hannover-96-1745561156-166513.jpg\" title=\"Hannover 96: Marcus Mann will lieber mutig und scheitert dann\" alt=\"Hannover 96: Marcus Mann will lieber mutig und scheitert dann\"\/><\/p>\n<p>\n                                       \u00a9IMAGO\n                                    <\/p>\n<p><a title=\"Hannover 96\" href=\"https:\/\/www.transfermarkt.de\/hannover-96\/startseite\/verein\/42\" target=\"_blank\" rel=\"nofollow noopener\">Hannover<\/a>-Gesch\u00e4ftsf\u00fchrer\u00a0<a title=\"Marcus Mann\" href=\"https:\/\/www.transfermarkt.de\/marcus-mann\/profil\/trainer\/47574\" target=\"_blank\" rel=\"nofollow noopener\">Marcus Mann<\/a> sieht die Verpflichtung von Trainer\u00a0<a title=\"Andr\u00e9 Breitenreiter\" href=\"https:\/\/www.transfermarkt.de\/andr--breitenreiter\/profil\/trainer\/17465\" target=\"_blank\" rel=\"nofollow noopener\">Andr\u00e9 Breitenreiter<\/a> infolge der Freistellung von\u00a0<a title=\"Stefan Leitl\" href=\"https:\/\/www.transfermarkt.de\/stefan-leitl\/profil\/trainer\/28936\" target=\"_blank\" rel=\"nofollow noopener\">Stefan Leitl<\/a> Ende Dezember nicht als Fehler. \u201eDer Wechsel war richtig, auch die Wahl von <a title=\"Andr\u00e9 Breitenreiter\" href=\"https:\/\/www.transfermarkt.de\/andr--breitenreiter\/profil\/trainer\/17465\" target=\"_blank\" rel=\"nofollow noopener\">Andr\u00e9 Breitenreiter<\/a>. Aber im Nachhinein m\u00fcssen wir eingestehen, dass es nicht aufgegangen ist. So ehrlich muss man sein\u201c, sagte der 41-J\u00e4hrige der \u201eBild\u201c.<\/p>\n<p><\/p>\n<p>Um es endlich wieder in die\u00a0<a title=\"Bundesliga\" href=\"https:\/\/www.transfermarkt.de\/bundesliga\/startseite\/wettbewerb\/L1\" target=\"_blank\" rel=\"nofollow noopener\">Bundesliga<\/a> zu schaffen, hatten sich die 96er mitten im Aufstiegsrennen von ihrem Coach Leitl getrennt und daf\u00fcr ihren ehemaligen Spieler und Aufstiegscoach Breitenreiter zur\u00fcckgeholt. Nach einer bislang entt\u00e4uschenden R\u00fcckrunde und dem Abrutschen auf Platz 10 der\u00a0<a title=\"2. Bundesliga\" href=\"https:\/\/www.transfermarkt.de\/2-bundesliga\/startseite\/wettbewerb\/L2\" target=\"_blank\" rel=\"nofollow noopener\">Zweitliga-Tabelle<\/a> musste der 51-J\u00e4hrige aber schon am Mittwoch wieder gehen.<\/p>\n<p><\/p>\n<p>\u201eDie Meinung war von allen Verantwortlichen: Wir m\u00fcssen neue Impulse haben. Es hat sich nicht best\u00e4tigt\u201c, betrachtete der Aufsichtsratschef und langj\u00e4hrige Vereinsboss\u00a0<a title=\"Martin Kind\" href=\"https:\/\/www.transfermarkt.de\/martin-kind\/profil\/trainer\/7195\" target=\"_blank\" rel=\"nofollow noopener\">Martin Kind<\/a> Breitenreiters Comeback bei der \u201eNeuen Presse\u201c <a href=\"https:\/\/www.transfermarkt.de\/kind-argert-sich-96-trainerwechsel-war-fehler-kwasniok-mit-ganz-oben-auf-der-liste-quot-\/view\/news\/452989\" target=\"_blank\" rel=\"nofollow noopener\">dagegen als Fehler<\/a>. Es \u00e4rgere ihn, \u201edass wir wieder ein ganzes Jahr verloren haben und uns noch einmal komplett neu aufstellen m\u00fcssen\u201c, meinte der 80-J\u00e4hrige. \u201eWir m\u00fcssen einfach nochmal professioneller werden, das ist f\u00fcr mich ganz deutlich geworden.\u201c<\/p>\n<p><\/p>\n<p>Mann wechselte von Leitl zu Breitenreiter, weil er die Entwicklung gef\u00e4hrdet sah. \u201eIch bin lieber mutig und scheitere dann. Als mich hinterher zu \u00e4rgern, dass ich die Hose voll hatte \u2013 obwohl ich schon eine Ahnung hatte\u201c, verteidigte der Sportchef seine Entscheidung. Kind hatte derweil best\u00e4tigt, dass der langj\u00e4hrige 96-Profi\u00a0<a title=\"Steven Cherundolo\" href=\"https:\/\/www.transfermarkt.de\/steven-cherundolo\/profil\/trainer\/34485\" target=\"_blank\" rel=\"nofollow noopener\">Steven Cherundolo<\/a> (zuletzt Los Angeles FC) und der aktuelle Paderborn-Trainer\u00a0<a title=\"Lukas Kwasniok\" href=\"https:\/\/www.transfermarkt.de\/lukas-kwasniok\/profil\/trainer\/25375\" target=\"_blank\" rel=\"nofollow noopener\">Lukas Kwasniok<\/a> zu den Nachfolgekandidaten z\u00e4hlen. In den letzten vier Saisonspielen haben die Co-Trainer <a title=\"Lars Barlemann\" href=\"https:\/\/www.transfermarkt.de\/lars-barlemann\/profil\/trainer\/65069\" target=\"_blank\" rel=\"nofollow noopener\">Lars Barlemann<\/a>, U19-Trainer\u00a0<a title=\"Dirk Lottner\" href=\"https:\/\/www.transfermarkt.de\/dirk-lottner\/profil\/trainer\/3292\" target=\"_blank\" rel=\"nofollow noopener\">Dirk Lottner<\/a> und U17-Trainer\u00a0<a title=\"Christian Schulz\" href=\"https:\/\/www.transfermarkt.de\/christian-schulz\/profil\/trainer\/98372\" target=\"_blank\" rel=\"nofollow noopener\">Christian Schulz<\/a> die Verantwortung f\u00fcr das Profiteam inne.<\/p>\n<p><\/p>\n","protected":false},"excerpt":{"rendered":"Trainerwechsel in Hannover\u00a0 \u00a9IMAGO Hannover-Gesch\u00e4ftsf\u00fchrer\u00a0Marcus Mann sieht die Verpflichtung von Trainer\u00a0Andr\u00e9 Breitenreiter infolge der Freistellung von\u00a0Stefan Leitl Ende&hellip;\n","protected":false},"author":2,"featured_media":59427,"comment_status":"","ping_status":"","sticky":false,"template":"","format":"standard","meta":{"footnotes":""},"categories":[1836],"tags":[299,3364,29,30,46,2366,20778,1411],"class_list":{"0":"post-59426","1":"post","2":"type-post","3":"status-publish","4":"format-standard","5":"has-post-thumbnail","7":"category-hannover","8":"tag-bundesliga","9":"tag-de","10":"tag-deutschland","11":"tag-germany","12":"tag-hannover","13":"tag-hannover-96","14":"tag-marcus-mann","15":"tag-niedersachsen"},"share_on_mastodon":{"url":"https:\/\/pubeurope.com\/@de\/114397198645639905","error":""},"_links":{"self":[{"href":"https:\/\/www.europesays.com\/de\/wp-json\/wp\/v2\/posts\/59426","targetHints":{"allow":["GET"]}}],"collection":[{"href":"https:\/\/www.europesays.com\/de\/wp-json\/wp\/v2\/posts"}],"about":[{"href":"https:\/\/www.europesays.com\/de\/wp-json\/wp\/v2\/types\/post"}],"author":[{"embeddable":true,"href":"https:\/\/www.europesays.com\/de\/wp-json\/wp\/v2\/users\/2"}],"replies":[{"embeddable":true,"href":"https:\/\/www.europesays.com\/de\/wp-json\/wp\/v2\/comments?post=59426"}],"version-history":[{"count":0,"href":"https:\/\/www.europesays.com\/de\/wp-json\/wp\/v2\/posts\/59426\/revisions"}],"wp:featuredmedia":[{"embeddable":true,"href":"https:\/\/www.europesays.com\/de\/wp-json\/wp\/v2\/media\/59427"}],"wp:attachment":[{"href":"https:\/\/www.europesays.com\/de\/wp-json\/wp\/v2\/media?parent=59426"}],"wp:term":[{"taxonomy":"category","embeddable":true,"href":"https:\/\/www.europesays.com\/de\/wp-json\/wp\/v2\/categories?post=59426"},{"taxonomy":"post_tag","embeddable":true,"href":"https:\/\/www.europesays.com\/de\/wp-json\/wp\/v2\/tags?post=59426"}],"curies":[{"name":"wp","href":"https:\/\/api.w.org\/{rel}","templated":true}]}}