{"id":594262,"date":"2025-11-22T13:00:24","date_gmt":"2025-11-22T13:00:24","guid":{"rendered":"https:\/\/www.europesays.com\/de\/594262\/"},"modified":"2025-11-22T13:00:24","modified_gmt":"2025-11-22T13:00:24","slug":"trumps-ukraine-plan-versetzt-europa-in-krisenmodus","status":"publish","type":"post","link":"https:\/\/www.europesays.com\/de\/594262\/","title":{"rendered":"Trump&#8217;s Ukraine-Plan versetzt Europa in Krisenmodus"},"content":{"rendered":"<p class=\"tracking-tight font-semibold text-base\" q:key=\"O8_0\">Donald Trumps Plan f\u00fcr ein Ende des Ukraine-Krieges versetzt Europa in den Krisenmodus. Die Suche nach L\u00f6sungen beginnt.<\/p>\n<p><img onload=\"this.style.backgroundColor = ''\" loading=\"eager\" fetchpriority=\"high\" decoding=\"sync\" height=\"450\" alt=\"Donald Trump\" width=\"900\"  style=\"aspect-ratio:2;object-fit:cover;background-color:#5E5E75\"  src=\"https:\/\/www.europesays.com\/de\/wp-content\/uploads\/2025\/11\/donald-trump.jpg\" class=\"rounded-xl mx-auto\" on:load=\"q-lZNuWKsy.js#s_pVFDuJsFGxQ\"\/>Donald Trumps Vorstellung eines Friedens in der Ukraine trifft in Europa auf wenig Zustimmung. &#8211; keystone<\/p>\n<p preventdefault:click=\"\" lang=\"de\" class=\"text-base hyphens-auto\" on:click=\"q-J34QEk0H.js#s_Dola2XqN0FU[0 1]\" q:key=\"YR_0\" q:id=\"5k\">Der Plan von US-Pr\u00e4sident <a href=\"https:\/\/www.nau.ch\/politik\/donald-trump\" rel=\"nofollow noopener\" target=\"_blank\">Donald Trump<\/a> f\u00fcr ein Ende des Ukraine-Krieges versetzt Europa in den Krisenmodus. Am Rande des <a href=\"https:\/\/www.nau.ch\/politik\/g20\" rel=\"nofollow noopener\" target=\"_blank\">G20<\/a>-Gipfels in S\u00fcdafrika suchen Bundeskanzler Friedrich Merz und andere Staats- und Regierungschefs nach Wegen, dem ukrainischen Pr\u00e4sidenten Wolodymyr Selenskyj beizustehen. <a href=\"https:\/\/www.nau.ch\/news\/europa\/donald-trump-so-absurd-ist-sein-friedensplan-fur-die-ukraine-67067849\" rel=\"nofollow noopener\" target=\"_blank\">Der Plan verlangt<\/a> der Ukraine erhebliche Zugest\u00e4ndnisse an den Angreifer Russland ab.<\/p>\n<p preventdefault:click=\"\" lang=\"de\" class=\"text-base hyphens-auto\" on:click=\"q-J34QEk0H.js#s_Dola2XqN0FU[0 1]\" q:key=\"YR_0\" q:id=\"5m\">Trump hat Selenskyj eine Frist bis kommenden Donnerstag gesetzt, grunds\u00e4tzlich zuzustimmen. US-Vizepr\u00e4sident JD Vance reagierte scharf auf Kritik an dem Vorhaben: \u00abFrieden wird nicht von gescheiterten Diplomaten oder Politikern erreicht, die in einer Fantasiewelt leben\u00bb.<\/p>\n<p preventdefault:click=\"\" lang=\"de\" class=\"text-base hyphens-auto\" on:click=\"q-J34QEk0H.js#s_Dola2XqN0FU[0 1]\" q:key=\"YR_0\" q:id=\"5o\">Der russische Pr\u00e4sident <a href=\"https:\/\/www.nau.ch\/politik\/wladimir-putin\" rel=\"nofollow noopener\" target=\"_blank\">Wladimir Putin<\/a> h\u00e4lt den 28-Punkte-Plan f\u00fcr eine Grundlage, einen Frieden zu erreichen. Russland hatte die Ukraine auf Befehl Putins am 24. Februar 2022 angegriffen.<\/p>\n<p>USA und Russland werfen Europa Unkenntnis vor<\/p>\n<p preventdefault:click=\"\" lang=\"de\" class=\"text-base hyphens-auto\" on:click=\"q-J34QEk0H.js#s_Dola2XqN0FU[0 1]\" q:key=\"YR_0\" q:id=\"5q\">Vance warf den Kritikern des Plans vor, die wahre Lage im <a href=\"https:\/\/www.nau.ch\/news\/krieg\" rel=\"nofollow noopener\" target=\"_blank\">Krieg<\/a> zu verkennen. Auf X schrieb er: \u00abEs gibt diese Fantasie, wenn wir bloss f\u00fcr mehr Geld, mehr Waffen oder mehr Sanktionen sorgten, w\u00e4re der Sieg greifbar\u00bb.<\/p>\n<p preventdefault:click=\"\" lang=\"de\" class=\"text-base hyphens-auto\" on:click=\"q-J34QEk0H.js#s_Dola2XqN0FU[0 1]\" q:key=\"YR_0\" q:id=\"5s\">Putin wirft den Europ\u00e4ern ebenfalls Unkenntnis der Lage vor. Sie h\u00e4tten keine echten Informationen \u00fcber die Lage auf dem Schlachtfeld. Russland werde seine Ziele milit\u00e4risch erreichen. Die Ukraine und deren Verb\u00fcndete pflegten die Illusion, Russland auf dem Schlachtfeld eine strategische Niederlage zuf\u00fcgen zu k\u00f6nnen.<\/p>\n<p preventdefault:click=\"\" lang=\"de\" class=\"text-base hyphens-auto\" on:click=\"q-J34QEk0H.js#s_Dola2XqN0FU[0 1]\" q:key=\"YR_0\" q:id=\"5u\">Die USA boykottieren den ersten <a href=\"https:\/\/www.nau.ch\/politik\/g20-gipfel\" rel=\"nofollow noopener\" target=\"_blank\">G20-Gipfel<\/a> auf afrikanischem Boden und k\u00f6nnen deshalb nicht direkt in Johannesburg angesprochen werden. Trump beklagt eine Diskriminierung weisser Minderheiten in S\u00fcdafrika, insbesondere der sogenannten Afrikaaner, die Nachfahren niederl\u00e4ndischer Siedler sind. S\u00fcdafrika weist die Vorw\u00fcrfe als unbegr\u00fcndet zur\u00fcck.<\/p>\n<p>Krisengespr\u00e4che am Samstag<\/p>\n<p preventdefault:click=\"\" lang=\"de\" class=\"text-base hyphens-auto\" on:click=\"q-J34QEk0H.js#s_Dola2XqN0FU[0 1]\" q:key=\"YR_0\" q:id=\"5w\">Zu den Krisengespr\u00e4chen voraussichtlich am Samstagnachmittag werden nach <a href=\"https:\/\/www.nau.ch\/news\/eu\" rel=\"nofollow noopener\" target=\"_blank\">EU<\/a>-Angaben auch Spitzenpolitiker anderer Kontinente erwartet. <a href=\"https:\/\/www.nau.ch\/news\/eu\" rel=\"nofollow noopener\" target=\"_blank\">EU<\/a>-Ratspr\u00e4sident Ant\u00f3nio Costa lud neben den anwesenden europ\u00e4ischen Staats- und Regierungschefs auch die Vertreter Kanadas, Australiens und Japans ein.<\/p>\n<p preventdefault:click=\"\" lang=\"de\" class=\"text-base hyphens-auto\" on:click=\"q-J34QEk0H.js#s_Dola2XqN0FU[0 1]\" q:key=\"YR_0\" q:id=\"5y\">Nach Angaben von Diplomaten wird es darum gehen, wie aus europ\u00e4ischer Sicht inakzeptable Zugest\u00e4ndnisse an Russland herausverhandelt werden k\u00f6nnten. Die Europ\u00e4er wollen eigene \u00c4nderungsvorschl\u00e4ge vorlegen und dar\u00fcber dann mit den USA sprechen.<\/p>\n<p preventdefault:click=\"\" lang=\"de\" class=\"text-base hyphens-auto\" on:click=\"q-J34QEk0H.js#s_Dola2XqN0FU[0 1]\" q:key=\"YR_0\" q:id=\"60\">Sie wollen einerseits klare Kante gegen f\u00fcr sie inakzeptable Punkte des Plans zeigen, Trump aber auch nicht ganz verprellen und ihn in dem Prozess an Bord halten. Bundeskanzler Friedrich Merz hatte bereits am Freitagabend in einem 15-min\u00fctigen Telefonat als erster Europ\u00e4er mit dem US-Pr\u00e4sidenten \u00fcber den Friedensplan geredet. Anschliessend hiess es, es seien weitere Schritte auf Ebene der \u00abBerater\u00bb geplant.<\/p>\n<p>Unklarheit \u00fcber Gespr\u00e4che<\/p>\n<p preventdefault:click=\"\" lang=\"de\" class=\"text-base hyphens-auto\" on:click=\"q-J34QEk0H.js#s_Dola2XqN0FU[0 1]\" q:key=\"YR_0\" q:id=\"62\">Merz wird in Johannesburg von seinem aussenpolitischen Berater G\u00fcnter Sautter begleitet. Wann und wo die Gespr\u00e4che der Europ\u00e4er mit den USA stattfinden sollen, ist noch offen.<\/p>\n<p preventdefault:click=\"\" lang=\"de\" class=\"text-base hyphens-auto\" on:click=\"q-J34QEk0H.js#s_Dola2XqN0FU[0 1]\" q:key=\"YR_0\" q:id=\"64\">Der US-Vorschlag sieht zum Beispiel vor, dass die Ukraine auch bislang verteidigte Gebiete an Russland abtritt und die <a href=\"https:\/\/www.nau.ch\/politik\/nato\" rel=\"nofollow noopener\" target=\"_blank\">Nato<\/a> einen Verzicht auf jegliche Erweiterung erkl\u00e4rt. Russland m\u00fcsste dagegen nur vergleichsweise geringe Zugest\u00e4ndnisse machen und unter anderem auf in der <a href=\"https:\/\/www.nau.ch\/news\/eu\" rel=\"nofollow noopener\" target=\"_blank\">EU<\/a> eingefrorenes Staatsverm\u00f6gen verzichten.<\/p>\n<p preventdefault:click=\"\" lang=\"de\" class=\"text-base hyphens-auto\" on:click=\"q-J34QEk0H.js#s_Dola2XqN0FU[0 1]\" q:key=\"YR_0\" q:id=\"66\">Aus Europa werden neben Bundeskanzler Merz die Staats- und Regierungschefs aus Frankreich, Italien und Grossbritannien sowie aus Irland, Finnland, den Niederlanden, Spanien und Norwegen erwartet. Sie sind st\u00e4ndige <a href=\"https:\/\/www.nau.ch\/politik\/g20\" rel=\"nofollow noopener\" target=\"_blank\">G20<\/a>-Mitglieder beziehungsweise als G\u00e4ste der Gruppe f\u00fchrender Industrie- und Schwellenl\u00e4nder in Johannesburg.<\/p>\n<p preventdefault:click=\"\" lang=\"de\" class=\"text-base hyphens-auto\" on:click=\"q-J34QEk0H.js#s_Dola2XqN0FU[0 1]\" q:key=\"YR_0\" q:id=\"68\">F\u00fcr Deutschland und andere Partner der Ukraine ist der Plan brisant. Sie bef\u00fcrchten, dass ein Abkommen, das den Aggressor belohnt, keinen dauerhaften Frieden auf dem Kontinent bringen wird. <\/p>\n<p preventdefault:click=\"\" lang=\"de\" class=\"text-base hyphens-auto\" on:click=\"q-J34QEk0H.js#s_Dola2XqN0FU[0 1]\" q:key=\"YR_0\" q:id=\"6a\">Zugleich sind sie angesichts der angespannten Finanzlage und einer der Unterst\u00fctzung m\u00fcden Bev\u00f6lkerung in vielen L\u00e4ndern ebenfalls an einem Kriegsende interessiert.<\/p>\n<p preventdefault:click=\"\" lang=\"de\" class=\"text-base hyphens-auto\" on:click=\"q-J34QEk0H.js#s_Dola2XqN0FU[0 1]\" q:key=\"YR_0\" q:id=\"6c\">Allein die <a href=\"https:\/\/www.nau.ch\/politik\/europaische-union\" rel=\"nofollow noopener\" target=\"_blank\">Europ\u00e4ische Union<\/a> und ihre Mitgliedstaaten haben nach Angaben aus Br\u00fcssel bereits mehr als 187 Milliarden <a href=\"https:\/\/www.nau.ch\/politik\/euro\" rel=\"nofollow noopener\" target=\"_blank\">Euro<\/a> f\u00fcr die Unterst\u00fctzung der Ukraine ausgegeben.<\/p>\n<p>Wahl zwischen W\u00fcrde und US-Partnerschaft<\/p>\n<p preventdefault:click=\"\" lang=\"de\" class=\"text-base hyphens-auto\" on:click=\"q-J34QEk0H.js#s_Dola2XqN0FU[0 1]\" q:key=\"YR_0\" q:id=\"6e\">Die ukrainische F\u00fchrung will den Friedensplan nicht einfach hinnehmen. Selenskyj sagte, er werde sich mit der <a href=\"https:\/\/www.nau.ch\/news\/eu\" rel=\"nofollow noopener\" target=\"_blank\">EU<\/a> \u00fcber eigene Vorschl\u00e4ge abstimmen. <\/p>\n<p preventdefault:click=\"\" lang=\"de\" class=\"text-base hyphens-auto\" on:click=\"q-J34QEk0H.js#s_Dola2XqN0FU[0 1]\" q:key=\"YR_0\" q:id=\"6g\">Der Pr\u00e4sident sieht sein Land unter erheblichem Druck und sprach von einem der \u00abschwierigsten Momente\u00bb in der Geschichte der Ukraine. Sie stehe vor der Entscheidung, entweder ihre W\u00fcrde zu verlieren oder die USA als Schl\u00fcsselpartner. <\/p>\n<p preventdefault:click=\"\" lang=\"de\" class=\"text-base hyphens-auto\" on:click=\"q-J34QEk0H.js#s_Dola2XqN0FU[0 1]\" q:key=\"YR_0\" q:id=\"6i\">Ohne Unterst\u00fctzung der gr\u00f6ssten Milit\u00e4rmacht w\u00e4re der Abwehrkampf gegen die Invasoren deutlich erschwert.<\/p>\n<p preventdefault:click=\"\" lang=\"de\" class=\"text-base hyphens-auto\" on:click=\"q-J34QEk0H.js#s_Dola2XqN0FU[0 1]\" q:key=\"YR_0\" q:id=\"6k\">Wegen der Krisengespr\u00e4che zum US-Friedensplan r\u00fcckten die eigentlichen Gipfelthemen in den Hintergrund. Dennoch verabschiedete die <a href=\"https:\/\/www.nau.ch\/politik\/g20\" rel=\"nofollow noopener\" target=\"_blank\">G20<\/a>-Runde die von S\u00fcdafrikas Pr\u00e4sident <a href=\"https:\/\/www.nau.ch\/politik\/cyril-ramaphosa\" rel=\"nofollow noopener\" target=\"_blank\">Cyril Ramaphosa<\/a> ausgehandelte Schlusserkl\u00e4rung des Gipfels. <\/p>\n<p preventdefault:click=\"\" lang=\"de\" class=\"text-base hyphens-auto\" on:click=\"q-J34QEk0H.js#s_Dola2XqN0FU[0 1]\" q:key=\"YR_0\" q:id=\"6m\">Er warb noch einmal f\u00fcr mehr Zusammenarbeit bei der L\u00f6sung globaler Probleme wie der Klimakrise und der gr\u00f6sser werdenden Kluft zwischen Arm und Reich in der Welt. <\/p>\n<p preventdefault:click=\"\" lang=\"de\" class=\"text-base hyphens-auto\" on:click=\"q-J34QEk0H.js#s_Dola2XqN0FU[0 1]\" q:key=\"YR_0\" q:id=\"6o\">Diese Ungleichheit sei \u00abungerecht und untragbar\u00bb, sagte Ramaphosa, der als Gastgeber die Themenschwerpunkte \u00abSolidarit\u00e4t, Gleichheit und Nachhaltigkeit\u00bb f\u00fcr die <a href=\"https:\/\/www.nau.ch\/politik\/g20\" rel=\"nofollow noopener\" target=\"_blank\">G20<\/a>-Pr\u00e4sidentschaft gesetzt hatte.<\/p>\n","protected":false},"excerpt":{"rendered":"Donald Trumps Plan f\u00fcr ein Ende des Ukraine-Krieges versetzt Europa in den Krisenmodus. Die Suche nach L\u00f6sungen beginnt.&hellip;\n","protected":false},"author":2,"featured_media":594263,"comment_status":"","ping_status":"","sticky":false,"template":"","format":"standard","meta":{"footnotes":""},"categories":[3933],"tags":[331,332,548,663,158,3934,3935,25709,37169,13,14,15,307,12,142008,317],"class_list":{"0":"post-594262","1":"post","2":"type-post","3":"status-publish","4":"format-standard","5":"has-post-thumbnail","7":"category-eu","8":"tag-aktuelle-nachrichten","9":"tag-aktuelle-news","10":"tag-eu","11":"tag-europa","12":"tag-europaeische-union","13":"tag-europe","14":"tag-european-union","15":"tag-friedensplan","16":"tag-g20","17":"tag-headlines","18":"tag-nachrichten","19":"tag-news","20":"tag-russland","21":"tag-schlagzeilen","22":"tag-trumps-ukraine-plan","23":"tag-ukraine"},"share_on_mastodon":{"url":"https:\/\/pubeurope.com\/@de\/115593480522013256","error":""},"_links":{"self":[{"href":"https:\/\/www.europesays.com\/de\/wp-json\/wp\/v2\/posts\/594262","targetHints":{"allow":["GET"]}}],"collection":[{"href":"https:\/\/www.europesays.com\/de\/wp-json\/wp\/v2\/posts"}],"about":[{"href":"https:\/\/www.europesays.com\/de\/wp-json\/wp\/v2\/types\/post"}],"author":[{"embeddable":true,"href":"https:\/\/www.europesays.com\/de\/wp-json\/wp\/v2\/users\/2"}],"replies":[{"embeddable":true,"href":"https:\/\/www.europesays.com\/de\/wp-json\/wp\/v2\/comments?post=594262"}],"version-history":[{"count":0,"href":"https:\/\/www.europesays.com\/de\/wp-json\/wp\/v2\/posts\/594262\/revisions"}],"wp:featuredmedia":[{"embeddable":true,"href":"https:\/\/www.europesays.com\/de\/wp-json\/wp\/v2\/media\/594263"}],"wp:attachment":[{"href":"https:\/\/www.europesays.com\/de\/wp-json\/wp\/v2\/media?parent=594262"}],"wp:term":[{"taxonomy":"category","embeddable":true,"href":"https:\/\/www.europesays.com\/de\/wp-json\/wp\/v2\/categories?post=594262"},{"taxonomy":"post_tag","embeddable":true,"href":"https:\/\/www.europesays.com\/de\/wp-json\/wp\/v2\/tags?post=594262"}],"curies":[{"name":"wp","href":"https:\/\/api.w.org\/{rel}","templated":true}]}}