{"id":594266,"date":"2025-11-22T13:03:17","date_gmt":"2025-11-22T13:03:17","guid":{"rendered":"https:\/\/www.europesays.com\/de\/594266\/"},"modified":"2025-11-22T13:03:17","modified_gmt":"2025-11-22T13:03:17","slug":"hiroki-ito-zurueck-beim-fc-bayern-verpasste-69-pflichtspiele-verletzt","status":"publish","type":"post","link":"https:\/\/www.europesays.com\/de\/594266\/","title":{"rendered":"Hiroki Ito zur\u00fcck beim FC Bayern \u2013 Verpasste 69 Pflichtspiele verletzt"},"content":{"rendered":"<p>Nach drittem Mittelfu\u00dfbruch\u00a0<\/p>\n<p>                                    <img decoding=\"async\" src=\"https:\/\/www.europesays.com\/de\/wp-content\/uploads\/2025\/11\/hiroki-ito-fc-bayern-2025-1763813011-183378.jpg\" title=\"Hiroki Ito zur\u00fcck beim FC Bayern \u2013 Verpasste 69 Pflichtspiele verletzt\" alt=\"Hiroki Ito zur\u00fcck beim FC Bayern \u2013 Verpasste 69 Pflichtspiele verletzt\"\/><\/p>\n<p>\n                                       \u00a9IMAGO\n                                    <\/p>\n<p>Die Zeit von <a title=\"Hiroki Ito\" href=\"https:\/\/www.transfermarkt.de\/hiroki-ito\/profil\/spieler\/353892\" target=\"_blank\" rel=\"noopener\">Hiroki Ito<\/a> beim <a title=\"FC Bayern M\u00fcnchen\" href=\"https:\/\/www.transfermarkt.de\/fc-bayern-m-nchen\/startseite\/verein\/27\" target=\"_blank\" rel=\"noopener\">FC Bayern<\/a> ist bisher vor allem von R\u00fcckschl\u00e4gen gepr\u00e4gt. Beim Spiel gegen den <a title=\"SC Freiburg\" href=\"https:\/\/www.transfermarkt.de\/sc-freiburg\/startseite\/verein\/60\" target=\"_blank\" rel=\"noopener\">SC Freiburg<\/a> am Samstag feiert der 26-J\u00e4hrige sein Kadercomeback \u2013 zum wiederholten Mal nach einem Mittelfu\u00dfbruch. Laut Sportdirektor <a title=\"Christoph Freund\" href=\"https:\/\/www.transfermarkt.de\/christoph-freund\/profil\/trainer\/39281\" target=\"_blank\" rel=\"noopener\">Christoph Freund<\/a> wirkt der Japaner, der 2024 f\u00fcr 23,5 Millionen Euro vom VfB Stuttgart gekommen war, noch immer wie ein Neuzugang.<\/p>\n<p><\/p>\n<p>\u201eEs war bislang ungl\u00fccklich f\u00fcr ihn und f\u00fcr alle Beteiligten\u201c, erkl\u00e4rte der 48-J\u00e4hrige bei \u201eSky\u201c. \u201eEr ist richtig gut zur\u00fcckgekommen nach den ersten Trainingseinheiten. Er strahlt. Er kann wieder das machen, was er am liebsten macht: Fu\u00dfball spielen. Er ist richtig fit.\u201c Bisher kommt Ito auf gerade einmal acht Eins\u00e4tze \u00fcber 282 Minuten im Bayern-Trikot, beim 4:0 gegen Eintracht Frankfurt im letzten Jahr gelang ihm sogar schon ein Tor.<\/p>\n<p><\/p>\n<p>Lange am St\u00fcck konnte der Linksfu\u00df, der sowohl zentral als auch auf den Au\u00dfen eingesetzt werden kann, aber nicht spielen. Insgesamt dreimal brach er sich den Mittelfu\u00df \u2013 zun\u00e4chst im Juli 2024 unmittelbar nach dem Wechsel, dann erneut im M\u00e4rz 2025 und zum dritten Mal im Juli dieses Jahres. In dieser Zeit verpasste er 69 Pflichtspiele und der Marktwert sank von 30 Mio. auf 18 Mio. Euro (<a href=\"https:\/\/www.transfermarkt.de\/marktwert-analyse\/detail\/forum\/67\/ma_wettbewerb_id\/L1\/ma_verein_id\/27\" target=\"_blank\" rel=\"noopener\">in der Marktwert-Analyse \u00fcber das n\u00e4chste Update mitbestimmen<\/a>).<\/p>\n<p><a href=\"https:\/\/www.transfermarkt.de\/fc-bayern-munchen\/detail\/forum\/10\" target=\"_blank\" rel=\"noopener\"><br \/>\n    <img loading=\"lazy\" decoding=\"async\" class=\"innews\" src=\"https:\/\/www.europesays.com\/de\/wp-content\/uploads\/2025\/04\/fc-bayern-forum-innews-banner-community-1717489823-138379.jpg\" alt=\"\" width=\"503\" height=\"148\"\/><\/p>\n<p><\/a><\/p>\n<p>Dennoch sind die Bayern positiv gestimmt, dass Ito weiter ein wichtiger Bestandteil des Kaders sein kann. \u201eIn dem ganzen Prozess waren wir auch vorsichtig. Es ist dreimal passiert. Wir sind \u00fcberzeugt, dass diese Geschichte jetzt vorbei ist. Mit der Art, wie er spielt, wird er der Mannschaft helfen. Er ist ein richtig guter Fu\u00dfballer und wir freuen uns mit ihm, dass er wieder dabei ist. Er wird in den n\u00e4chsten Monaten eine wichtige S\u00e4ule f\u00fcr uns sein.\u201c<\/p>\n<p><\/p>\n","protected":false},"excerpt":{"rendered":"Nach drittem Mittelfu\u00dfbruch\u00a0 \u00a9IMAGO Die Zeit von Hiroki Ito beim FC Bayern ist bisher vor allem von R\u00fcckschl\u00e4gen&hellip;\n","protected":false},"author":2,"featured_media":594267,"comment_status":"","ping_status":"","sticky":false,"template":"","format":"standard","meta":{"footnotes":""},"categories":[5],"tags":[331,332,299,35857,3364,29,458,30,13,5285,14,15,12],"class_list":{"0":"post-594266","1":"post","2":"type-post","3":"status-publish","4":"format-standard","5":"has-post-thumbnail","7":"category-nachrichten","8":"tag-aktuelle-nachrichten","9":"tag-aktuelle-news","10":"tag-bundesliga","11":"tag-christoph-freund","12":"tag-de","13":"tag-deutschland","14":"tag-fc-bayern-muenchen","15":"tag-germany","16":"tag-headlines","17":"tag-hiroki-ito","18":"tag-nachrichten","19":"tag-news","20":"tag-schlagzeilen"},"share_on_mastodon":{"url":"https:\/\/pubeurope.com\/@de\/115593491990253627","error":""},"_links":{"self":[{"href":"https:\/\/www.europesays.com\/de\/wp-json\/wp\/v2\/posts\/594266","targetHints":{"allow":["GET"]}}],"collection":[{"href":"https:\/\/www.europesays.com\/de\/wp-json\/wp\/v2\/posts"}],"about":[{"href":"https:\/\/www.europesays.com\/de\/wp-json\/wp\/v2\/types\/post"}],"author":[{"embeddable":true,"href":"https:\/\/www.europesays.com\/de\/wp-json\/wp\/v2\/users\/2"}],"replies":[{"embeddable":true,"href":"https:\/\/www.europesays.com\/de\/wp-json\/wp\/v2\/comments?post=594266"}],"version-history":[{"count":0,"href":"https:\/\/www.europesays.com\/de\/wp-json\/wp\/v2\/posts\/594266\/revisions"}],"wp:featuredmedia":[{"embeddable":true,"href":"https:\/\/www.europesays.com\/de\/wp-json\/wp\/v2\/media\/594267"}],"wp:attachment":[{"href":"https:\/\/www.europesays.com\/de\/wp-json\/wp\/v2\/media?parent=594266"}],"wp:term":[{"taxonomy":"category","embeddable":true,"href":"https:\/\/www.europesays.com\/de\/wp-json\/wp\/v2\/categories?post=594266"},{"taxonomy":"post_tag","embeddable":true,"href":"https:\/\/www.europesays.com\/de\/wp-json\/wp\/v2\/tags?post=594266"}],"curies":[{"name":"wp","href":"https:\/\/api.w.org\/{rel}","templated":true}]}}