{"id":594282,"date":"2025-11-22T13:15:18","date_gmt":"2025-11-22T13:15:18","guid":{"rendered":"https:\/\/www.europesays.com\/de\/594282\/"},"modified":"2025-11-22T13:15:18","modified_gmt":"2025-11-22T13:15:18","slug":"staatsanwaltschaft-syrer-soll-2-frauen-in-dresden-vergewaltigt-haben-regional","status":"publish","type":"post","link":"https:\/\/www.europesays.com\/de\/594282\/","title":{"rendered":"Staatsanwaltschaft: Syrer soll 2 Frauen in Dresden vergewaltigt haben | Regional"},"content":{"rendered":"<p>Dresden \u2013<b> Der Syrer ist als Gewaltt\u00e4ter polizeibekannt, mehrere Verfahren sind derzeit gegen ihn anh\u00e4ngig. Omar Y. (22) sitzt seit sechs Monaten in Untersuchungshaft. Die Staatsanwaltschaft wirft ihm die Vergewaltigung von zwei jungen Frauen vor \u2013 darunter seine Lebensgef\u00e4hrtin, mit der er nach islamischem Recht verheiratet war. <\/b><\/p>\n<p>Vor dem Landgericht <a href=\"https:\/\/www.bild.de\/regional\/dresden\/dresden-regional\/home-16327670.bild.html\" class=\"text-link\" target=\"_blank\" rel=\"noopener\">Dresden<\/a> begann jetzt der Vergewaltigungsprozess. Staatsanw\u00e4ltin Bettina Ball (56) wirft Omar Y. die Vergewaltigung einer 17-J\u00e4hrigen vor. Laut Anklage soll er sich mit ihr am Dresdner Albertplatz verabredet haben \u2013 fuhr mit einem Auto vor. Die Teenagerin wollte aber nicht mitkommen. \u201eAus Ver\u00e4rgerung fasste er den Entschluss, sich mit ihr an einem abgelegenen Ort zu treffen\u201c, so Ball.<\/p>\n<p><b>Das soll am Elbufer \u2013 H\u00f6he der Albertbr\u00fccke \u2013 gewesen sein. Hier soll er die 17-J\u00e4hrige sp\u00e4ter auf einer Parkbank vergewaltigt haben. <\/b><\/p>\n<p><img decoding=\"async\" width=\"992\" height=\"558\" alt=\"An solch einer Parkbank soll sich die Vergewaltigung laut Anklage zugetragen haben\" src=\"https:\/\/www.europesays.com\/de\/wp-content\/uploads\/2025\/11\/9fc45e0c9a511d7f728498be65ecbe8c,14238d67\"   class=\"landscape\" loading=\"lazy\"\/><\/p>\n<p class=\"fig__caption__text\">An solch einer Parkbank soll sich die Vergewaltigung laut Anklage zugetragen haben<\/p>\n<p>Foto: Dirk Sukow<\/p>\n<p>Am 2. Mai 2025 \u2013 so die <a href=\"https:\/\/www.bild.de\/themen\/organisationen\/staatsanwaltschaft-alle-infos-und-news-KDJzQvfvRkaBLQ0vXYpd\" class=\"text-link\" target=\"_blank\" rel=\"noopener\">Staatsanwaltschaft<\/a> \u2013 habe er eine andere Frau \u201enach islamischem Recht\u201c geheiratet. In der Beziehung kam es wiederholt zu sexuellen und k\u00f6rperlichen Gewalthandlungen. Laut Anklage soll der Syrer die Frau \u2013 die eine Bekannte der 17-J\u00e4hrigen ist \u2013 im Schlaf und unter der Dusche vergewaltigt haben.<\/p>\n<p><b>Als die Frau sp\u00e4ter ihre Sachen aus der Wohnung holen wollte, passte er sie laut Anklage ab und schlug sie. Laut Staatsanw\u00e4ltin Ball war die Frau zu diesem Zeitpunkt schwanger.<\/b><\/p>\n<p>Mehr zum ThemaKinderpornografie auf Handy<\/p>\n<p>Auf dem iPhone 5 des Angeklagten wurde durch die Polizei Kinderpornografie gefunden. BILD erfuhr, dass er in einem anderen Verfahren in Dresden zudem beschuldigt wird, Frauen bei sexuellen Handlungen gefilmt zu haben. Laut Verteidigung h\u00e4tte in einem weiteren Verfahren auch die Justiz in Frankfurt am Main das Handy des Beschuldigten ausgewertet.<\/p>\n<p>Der <a href=\"https:\/\/www.bild.de\/themen\/ereignisse\/prozess\/news-fotos-videos-17024714.bild.html\" class=\"text-link\" target=\"_blank\" rel=\"noopener\">Prozess<\/a> wurde vertagt, weil dem Pflichtverteidiger eine l\u00fcckenhafte Strafakte vorlag. Er sagte aber, dass sich der Angeklagte zum jetzigen Zeitpunkt zu den Vorw\u00fcrfen nicht \u00e4u\u00dfern m\u00f6chte. F\u00fcnf weitere Verhandlungstage sind angesetzt.<\/p>\n","protected":false},"excerpt":{"rendered":"Dresden \u2013 Der Syrer ist als Gewaltt\u00e4ter polizeibekannt, mehrere Verfahren sind derzeit gegen ihn anh\u00e4ngig. Omar Y. (22)&hellip;\n","protected":false},"author":2,"featured_media":594283,"comment_status":"","ping_status":"","sticky":false,"template":"","format":"standard","meta":{"footnotes":""},"categories":[1835],"tags":[3364,29,2386,10176,30,121,1269,859,5502,45,1921],"class_list":{"0":"post-594282","1":"post","2":"type-post","3":"status-publish","4":"format-standard","5":"has-post-thumbnail","7":"category-dresden","8":"tag-de","9":"tag-deutschland","10":"tag-dresden","11":"tag-fischer-thomas","12":"tag-germany","13":"tag-polizei","14":"tag-prozess","15":"tag-sachsen","16":"tag-sexueller-missbrauch","17":"tag-texttospeech","18":"tag-vergewaltigung"},"share_on_mastodon":{"url":"https:\/\/pubeurope.com\/@de\/115593539546009684","error":""},"_links":{"self":[{"href":"https:\/\/www.europesays.com\/de\/wp-json\/wp\/v2\/posts\/594282","targetHints":{"allow":["GET"]}}],"collection":[{"href":"https:\/\/www.europesays.com\/de\/wp-json\/wp\/v2\/posts"}],"about":[{"href":"https:\/\/www.europesays.com\/de\/wp-json\/wp\/v2\/types\/post"}],"author":[{"embeddable":true,"href":"https:\/\/www.europesays.com\/de\/wp-json\/wp\/v2\/users\/2"}],"replies":[{"embeddable":true,"href":"https:\/\/www.europesays.com\/de\/wp-json\/wp\/v2\/comments?post=594282"}],"version-history":[{"count":0,"href":"https:\/\/www.europesays.com\/de\/wp-json\/wp\/v2\/posts\/594282\/revisions"}],"wp:featuredmedia":[{"embeddable":true,"href":"https:\/\/www.europesays.com\/de\/wp-json\/wp\/v2\/media\/594283"}],"wp:attachment":[{"href":"https:\/\/www.europesays.com\/de\/wp-json\/wp\/v2\/media?parent=594282"}],"wp:term":[{"taxonomy":"category","embeddable":true,"href":"https:\/\/www.europesays.com\/de\/wp-json\/wp\/v2\/categories?post=594282"},{"taxonomy":"post_tag","embeddable":true,"href":"https:\/\/www.europesays.com\/de\/wp-json\/wp\/v2\/tags?post=594282"}],"curies":[{"name":"wp","href":"https:\/\/api.w.org\/{rel}","templated":true}]}}