{"id":594284,"date":"2025-11-22T13:16:21","date_gmt":"2025-11-22T13:16:21","guid":{"rendered":"https:\/\/www.europesays.com\/de\/594284\/"},"modified":"2025-11-22T13:16:21","modified_gmt":"2025-11-22T13:16:21","slug":"drei-maedchen-ueber-jahre-missbraucht-54-jaehriger-nachbar-angeklagt","status":"publish","type":"post","link":"https:\/\/www.europesays.com\/de\/594284\/","title":{"rendered":"Drei M\u00e4dchen \u00fcber Jahre missbraucht: 54-j\u00e4hriger Nachbar angeklagt"},"content":{"rendered":"<p>J\u00fcngstes Opfer war erst drei Jahre alt<\/p>\n<p class=\"text\">\nDie Vorf\u00e4lle sollen laut Staatsanwaltschaft in der Wohnung des Angeklagten passiert sein. Von 2013 bis 2018 soll er dort ein M\u00e4dchen, das zu Beginn der Taten erst drei Jahre alt war, insgesamt f\u00fcnf Mal sexuell missbraucht haben. Von 2022 bis 2024 soll er eine Jugendliche mit geistiger Behinderung 15 Mal vergewaltigt haben. Sie war anfangs 16 Jahre alt. Au\u00dferdem wird ihm vorgeworfen, 2023 und 2024 ein zu den Tatzeiten neun- bzw. zehnj\u00e4hriges M\u00e4dchen insgesamt neun Mal sexuell missbraucht zu haben.\n<\/p>\n<p>Mutma\u00dflich Opfer bet\u00e4ubt<\/p>\n<p class=\"text\">\nIn einigen F\u00e4llen soll der Angeklagte die drei mutma\u00dflichen Opfer mit einer narkotisierenden Fl\u00fcssigkeit bet\u00e4ubt haben. Damit hat er sie laut Anklage teilweise in Lebensgefahr gebracht. Der Beschuldigte sei nicht vorbestraft und habe bisher zu den Vorw\u00fcrfen geschwiegen, hie\u00df es.\n<\/p>\n<p class=\"text\">\nDie Staatsanwaltschaft teilte MDR SACHSEN mit, dass sich eine der Gesch\u00e4digten ihren Eltern offenbarte. Daraufhin sei eine Anzeige gegen den Mann erfolgt.<\/p>\n","protected":false},"excerpt":{"rendered":"J\u00fcngstes Opfer war erst drei Jahre alt Die Vorf\u00e4lle sollen laut Staatsanwaltschaft in der Wohnung des Angeklagten passiert&hellip;\n","protected":false},"author":2,"featured_media":375129,"comment_status":"","ping_status":"","sticky":false,"template":"","format":"standard","meta":{"footnotes":""},"categories":[1835],"tags":[1999,36252,3364,29,2386,30,3029,22486,1460,3860,81,1920,14,859,50756,12185],"class_list":{"0":"post-594284","1":"post","2":"type-post","3":"status-publish","4":"format-standard","5":"has-post-thumbnail","7":"category-dresden","8":"tag-anklage","9":"tag-behinderte","10":"tag-de","11":"tag-deutschland","12":"tag-dresden","13":"tag-germany","14":"tag-haft","15":"tag-heidenau","16":"tag-kind","17":"tag-maedchen","18":"tag-mdr","19":"tag-missbrauch","20":"tag-nachrichten","21":"tag-sachsen","22":"tag-sexueller","23":"tag-staatsanwalt"},"share_on_mastodon":{"url":"https:\/\/pubeurope.com\/@de\/115593542721513774","error":""},"_links":{"self":[{"href":"https:\/\/www.europesays.com\/de\/wp-json\/wp\/v2\/posts\/594284","targetHints":{"allow":["GET"]}}],"collection":[{"href":"https:\/\/www.europesays.com\/de\/wp-json\/wp\/v2\/posts"}],"about":[{"href":"https:\/\/www.europesays.com\/de\/wp-json\/wp\/v2\/types\/post"}],"author":[{"embeddable":true,"href":"https:\/\/www.europesays.com\/de\/wp-json\/wp\/v2\/users\/2"}],"replies":[{"embeddable":true,"href":"https:\/\/www.europesays.com\/de\/wp-json\/wp\/v2\/comments?post=594284"}],"version-history":[{"count":0,"href":"https:\/\/www.europesays.com\/de\/wp-json\/wp\/v2\/posts\/594284\/revisions"}],"wp:featuredmedia":[{"embeddable":true,"href":"https:\/\/www.europesays.com\/de\/wp-json\/wp\/v2\/media\/375129"}],"wp:attachment":[{"href":"https:\/\/www.europesays.com\/de\/wp-json\/wp\/v2\/media?parent=594284"}],"wp:term":[{"taxonomy":"category","embeddable":true,"href":"https:\/\/www.europesays.com\/de\/wp-json\/wp\/v2\/categories?post=594284"},{"taxonomy":"post_tag","embeddable":true,"href":"https:\/\/www.europesays.com\/de\/wp-json\/wp\/v2\/tags?post=594284"}],"curies":[{"name":"wp","href":"https:\/\/api.w.org\/{rel}","templated":true}]}}