{"id":594305,"date":"2025-11-22T13:27:17","date_gmt":"2025-11-22T13:27:17","guid":{"rendered":"https:\/\/www.europesays.com\/de\/594305\/"},"modified":"2025-11-22T13:27:17","modified_gmt":"2025-11-22T13:27:17","slug":"brand-mit-explosion-in-hedelfingen-mehrfamilienhaus-abgebrannt-polizei-gibt-weitere-details-bekannt","status":"publish","type":"post","link":"https:\/\/www.europesays.com\/de\/594305\/","title":{"rendered":"Brand mit Explosion in Hedelfingen: Mehrfamilienhaus abgebrannt \u2013 Polizei gibt weitere Details bekannt"},"content":{"rendered":"<p>\t\t\t\t\t\t\t\t\t\t\t\t\t\t\t\t\t\t\t\t\t\t\t\t\t\t\t\t      \t\t            \t\t             \t\t\t\t   \t\t\t\t\t   <img decoding=\"async\" id=\"article-image\" fetchpriority=\"high\" alt=\"Brand mit Explosion in Hedelfingen: Mehrfamilienhaus abgebrannt \u2013 Polizei gibt weitere Details bekannt\" title=\"Brand mit Explosion in Hedelfingen: Mehrfamilienhaus abgebrannt \u2013 Polizei gibt weitere Details bekannt\" src=\"https:\/\/www.europesays.com\/de\/wp-content\/uploads\/2025\/11\/media.media.9e191eac-3f76-4496-a03a-4b778ef0b6c3.16x9_700.jpg\" data-linkto=\"https:\/\/www.stuttgarter-nachrichten.de\/javascript:void(0);\"\/>\t\t\t\t\t\t\t\t\t\t\t\t\t\t\t\t\t\t\t\t\t\t\t\tBei dem Brand entstand ein Schaden von rund 500.000 Euro.\u00a0Foto: Andreas Rosar\/Fotoagentur Stuttgart\t\t\t<\/p>\n<p>Laute Knallger\u00e4usche sind bei einem Brand in Stuttgart zu h\u00f6ren. Feuerwehrleute retten auch eine Katze vor den Flammen. Nun gibt die Polizei weitere Details zur Schadensh\u00f6he bekannt.<\/p>\n<p>\u2013 Nach dem <a href=\"https:\/\/www.stuttgarter-nachrichten.de\/thema\/Brand\" title=\"Brand\" class=\"art_thema\" target=\"_blank\" rel=\"noopener\">Brand<\/a> eines Mehrfamilienhauses in der Unteren Heckenstra\u00dfe in <a href=\"https:\/\/www.stuttgarter-nachrichten.de\/thema\/Stuttgart-Hedelfingen\" title=\"Stuttgart-Hedelfingen\" class=\"art_thema\" target=\"_blank\" rel=\"noopener\">Stuttgart-Hedelfingen<\/a>, in dem es mutma\u00dflich Explosionen gegeben hat, sch\u00e4tzen die Ermittler den Schaden auf rund eine halbe Million Euro. Bei dem Fall am Freitag sei ein Mann leicht verletzt worden, teilte die <a href=\"https:\/\/www.stuttgarter-nachrichten.de\/thema\/Polizei\" title=\"Polizei\" class=\"art_thema\" target=\"_blank\" rel=\"noopener\">Polizei<\/a> mit. <\/p>\n<p>Die <a href=\"https:\/\/www.stuttgarter-nachrichten.de\/thema\/Feuerwehr\" title=\"Feuerwehr\" class=\"art_thema\" target=\"_blank\" rel=\"noopener\">Feuerwehr<\/a> hatte nach dem Einsatz zuvor von einer schwer verletzten Person berichtet, der Polizei lagen dazu aber keine Informationen vor, wie ein Sprecher sagte. Die Einsatzkr\u00e4fte retteten zudem eine Katze aus dem brennenden Haus. Sie wurde dem st\u00e4dtischen Tiernotdienst \u00fcbergeben.<\/p>\n<p> Feuerwehr muss Teile des Daches abdecken <\/p>\n<p>Eine Nachbarin hatte den Angaben zufolge am Freitag laute Knallger\u00e4usche geh\u00f6rt und den Notruf gew\u00e4hlt. Als die Feuerwehr an dem Haus ankam, sollen die Flammen bereits Flammen aus dem Wohnhaus geschlagen und sich \u00fcber mehrere Etagen ausgebreitet haben. Zudem h\u00f6rten die Einsatzkr\u00e4fte weitere Knallger\u00e4usche.<\/p>\n<p>Die Feuerwehrleute mussten Teile des Daches abdecken. Das Geb\u00e4ude ist demnach unbewohnbar. Warum das Feuer ausbrach, war zun\u00e4chst unklar. Die Ermittlungen der Polizei dauern <\/p>\n","protected":false},"excerpt":{"rendered":"Bei dem Brand entstand ein Schaden von rund 500.000 Euro.\u00a0Foto: Andreas Rosar\/Fotoagentur Stuttgart Laute Knallger\u00e4usche sind bei einem&hellip;\n","protected":false},"author":2,"featured_media":594306,"comment_status":"","ping_status":"","sticky":false,"template":"","format":"standard","meta":{"footnotes":""},"categories":[1830],"tags":[1634,2919,3364,29,985,30,121,8248,1441,13397,5329],"class_list":{"0":"post-594305","1":"post","2":"type-post","3":"status-publish","4":"format-standard","5":"has-post-thumbnail","7":"category-stuttgart","8":"tag-baden-wuerttemberg","9":"tag-brand","10":"tag-de","11":"tag-deutschland","12":"tag-feuerwehr","13":"tag-germany","14":"tag-polizei","15":"tag-polizeibericht-stuttgart","16":"tag-stuttgart","17":"tag-stuttgart-hedelfingen","18":"tag-video"},"share_on_mastodon":{"url":"https:\/\/pubeurope.com\/@de\/115593586758090639","error":""},"_links":{"self":[{"href":"https:\/\/www.europesays.com\/de\/wp-json\/wp\/v2\/posts\/594305","targetHints":{"allow":["GET"]}}],"collection":[{"href":"https:\/\/www.europesays.com\/de\/wp-json\/wp\/v2\/posts"}],"about":[{"href":"https:\/\/www.europesays.com\/de\/wp-json\/wp\/v2\/types\/post"}],"author":[{"embeddable":true,"href":"https:\/\/www.europesays.com\/de\/wp-json\/wp\/v2\/users\/2"}],"replies":[{"embeddable":true,"href":"https:\/\/www.europesays.com\/de\/wp-json\/wp\/v2\/comments?post=594305"}],"version-history":[{"count":0,"href":"https:\/\/www.europesays.com\/de\/wp-json\/wp\/v2\/posts\/594305\/revisions"}],"wp:featuredmedia":[{"embeddable":true,"href":"https:\/\/www.europesays.com\/de\/wp-json\/wp\/v2\/media\/594306"}],"wp:attachment":[{"href":"https:\/\/www.europesays.com\/de\/wp-json\/wp\/v2\/media?parent=594305"}],"wp:term":[{"taxonomy":"category","embeddable":true,"href":"https:\/\/www.europesays.com\/de\/wp-json\/wp\/v2\/categories?post=594305"},{"taxonomy":"post_tag","embeddable":true,"href":"https:\/\/www.europesays.com\/de\/wp-json\/wp\/v2\/tags?post=594305"}],"curies":[{"name":"wp","href":"https:\/\/api.w.org\/{rel}","templated":true}]}}