{"id":594309,"date":"2025-11-22T13:29:20","date_gmt":"2025-11-22T13:29:20","guid":{"rendered":"https:\/\/www.europesays.com\/de\/594309\/"},"modified":"2025-11-22T13:29:20","modified_gmt":"2025-11-22T13:29:20","slug":"lufthansa-zeigt-jubilaeumsflieger-mit-sonderlack-zu-weihnachten","status":"publish","type":"post","link":"https:\/\/www.europesays.com\/de\/594309\/","title":{"rendered":"Lufthansa zeigt Jubil\u00e4umsflieger mit Sonderlack zu Weihnachten"},"content":{"rendered":"<p>Jubil\u00e4umsflieger im Anflug <\/p>\n<p>Lufthansa zeigt Sonderlackierung in Frankfurt<\/p>\n<p>Aktualisiert am 22.11.2025 &#8211; 09:56 UhrLesedauer: 1 Min.<\/p>\n<p><a href=\"#focus-0\" class=\"transition-colors duration-200 block text-current relative\" data-sctrack=\"FocusGalleryImage.Reference\"><img fetchpriority=\"high\" data-testid=\"Opener.Image\" style=\"--lqipURL:url('https:\/\/images.t-online.de\/2025\/11\/NfZLYIHSeiC9\/326x653:3455x1944\/fit-in\/150x0\/filters:blur(25)\/es-gibt-nur-eine-maschine-in-diesem-design-kurz-vor-weihnachten-wird-das-flugzeug-mit-dem-namen-berlin-in-frankfurt-erwartet.jpg')\"   loading=\"eager\" src=\"https:\/\/www.europesays.com\/de\/wp-content\/uploads\/2025\/11\/es-gibt-nur-eine-maschine-in-diesem-design-kurz-vor-weihnachten-wird-das-flugzeug-mit-dem-namen-berl.jpeg\" alt=\"Es gibt nur eine Maschine in diesem Design: Kurz vor Weihnachten wird das Flugzeug mit dem Namen Berlin in Frankfurt erwartet.\" title=\"Es gibt nur eine Maschine in diesem Design: Kurz vor Weihnachten wird das Flugzeug mit dem Namen Berlin in Frankfurt erwartet.\" width=\"3455\" height=\"1944\" class=\"bg-[url:var(--lqipURL)] bg-cover bg-center flex h-full w-full max-w-full\" decoding=\"async\"\/><img style=\"--width:32;--height:32\" loading=\"lazy\" src=\"https:\/\/frankfurt.t-online.de\/s\/paper\/_next\/static\/media\/zoom-in.f7dae02f.svg\" alt=\"Vergr\u00f6\u00dfern des Bildes\" title=\"Vergr\u00f6\u00dfern des Bildes\" class=\"block h-[calc(var(--height)_\/_16_*_1rem)] w-[calc(var(--width)_\/_16_*_1rem)] max-w-none absolute bottom-8 right-8 rounded-4 bg-snow p-8\" decoding=\"async\"\/><\/a><\/p>\n<p>Es gibt nur eine Maschine in diesem Design: Kurz vor Weihnachten wird das Flugzeug mit dem Namen Berlin in Frankfurt erwartet. (Quelle: JB McCabe)<\/p>\n<p class=\"font-bold text-18 leading-17\">Ein ganz besonderer Langstreckenjet landet bald am Lufthansa-Drehkreuz. Die Jubil\u00e4ums-787 wird zum Hingucker f\u00fcr Planespotter, Fans und Reisende.<\/p>\n<p class=\"text-18 leading-17\"><a target=\"_blank\" class=\"transition-colors duration-200 cursor-pointer text-inherit no-underline text-salemsfur md:hover:text-magenta md:hover:border-magenta md:focus:text-magenta border-current border-b border-solid break-words\" href=\"https:\/\/frankfurt.t-online.de\/region\/frankfurt-am-main\/\" data-sctrack=\"BodyAnchor\" rel=\"nofollow noopener\">Frankfurt<\/a> bekommt kurz vor <a class=\"transition-colors duration-200 cursor-pointer text-inherit no-underline text-salemsfur md:hover:text-magenta md:hover:border-magenta md:focus:text-magenta border-current border-b border-solid break-words\" href=\"https:\/\/www.t-online.de\/themen\/weihnachten\/\" data-sctrack=\"BodyAnchor\" rel=\"nofollow noopener\" target=\"_blank\">Weihnachten<\/a> einen besonderen Besuch abgestattet: Lufthansa will dort im Dezember eine Boeing 787-9, auch &#8222;Dreamliner&#8220; genannt, mit auff\u00e4lliger Sonderlackierung pr\u00e4sentieren. Das Flugzeug, gestaltet anl\u00e4sslich des 100. Kranich-Jubil\u00e4ums, soll laut Unternehmen nicht nur ein technisches Highlight, sondern auch ein symbolischer &#8222;fliegender Botschafter&#8220; der Marke sein.<\/p>\n<p class=\"text-18 leading-17\">Im Mittelpunkt steht das Design: Ein tiefblauer Rumpf trifft auf einen stilisierten wei\u00dfen Kranich, dessen Fl\u00fcgel nahtlos in die Tragfl\u00e4chen \u00fcbergehen. F\u00fcr Lufthansa sei das eine Verbindung von Tradition und Zukunft \u2013 sichtbar auf einer ihrer modernsten Langstreckenmaschinen.<\/p>\n<p class=\"text-18 leading-17\">Die Maschine mit der Kennung D-ABPU wurde in Charleston (USA, US-Bundesstaat South-Carolina) lackiert und zun\u00e4chst nach Everett (Washington) \u00fcberf\u00fchrt. Ihren ersten gro\u00dfen Auftritt soll sie dann kurz vor Weihnachten in Frankfurt haben \u2013 ein Ereignis, das vor allem Planespotter und Luftfahrt-Enthusiasten anziehen d\u00fcrfte. Wann genau die Maschine in Frankfurt ankommen soll, wurde noch nicht mitgeteilt.<\/p>\n","protected":false},"excerpt":{"rendered":"Jubil\u00e4umsflieger im Anflug Lufthansa zeigt Sonderlackierung in Frankfurt Aktualisiert am 22.11.2025 &#8211; 09:56 UhrLesedauer: 1 Min. Es gibt&hellip;\n","protected":false},"author":2,"featured_media":594310,"comment_status":"","ping_status":"","sticky":false,"template":"","format":"standard","meta":{"footnotes":""},"categories":[1829],"tags":[722,17161,3092,85558,3088,29,10590,3089,2050,2051,30,2052,30666,142015,2108,48456,12289],"class_list":{"0":"post-594309","1":"post","2":"type-post","3":"status-publish","4":"format-standard","5":"has-post-thumbnail","7":"category-frankfurt-am-main","8":"tag-722","9":"tag-17161","10":"tag-3092","11":"tag-anflug","12":"tag-boeing","13":"tag-deutschland","14":"tag-dreamliner","15":"tag-flughafen-frankfurt","16":"tag-frankfurt","17":"tag-frankfurt-am-main","18":"tag-germany","19":"tag-hessen","20":"tag-hingucker","21":"tag-langstreckenjet","22":"tag-lufthansa","23":"tag-sonderlackierung","24":"tag-weihnachten"},"share_on_mastodon":{"url":"https:\/\/pubeurope.com\/@de\/115593595149776733","error":""},"_links":{"self":[{"href":"https:\/\/www.europesays.com\/de\/wp-json\/wp\/v2\/posts\/594309","targetHints":{"allow":["GET"]}}],"collection":[{"href":"https:\/\/www.europesays.com\/de\/wp-json\/wp\/v2\/posts"}],"about":[{"href":"https:\/\/www.europesays.com\/de\/wp-json\/wp\/v2\/types\/post"}],"author":[{"embeddable":true,"href":"https:\/\/www.europesays.com\/de\/wp-json\/wp\/v2\/users\/2"}],"replies":[{"embeddable":true,"href":"https:\/\/www.europesays.com\/de\/wp-json\/wp\/v2\/comments?post=594309"}],"version-history":[{"count":0,"href":"https:\/\/www.europesays.com\/de\/wp-json\/wp\/v2\/posts\/594309\/revisions"}],"wp:featuredmedia":[{"embeddable":true,"href":"https:\/\/www.europesays.com\/de\/wp-json\/wp\/v2\/media\/594310"}],"wp:attachment":[{"href":"https:\/\/www.europesays.com\/de\/wp-json\/wp\/v2\/media?parent=594309"}],"wp:term":[{"taxonomy":"category","embeddable":true,"href":"https:\/\/www.europesays.com\/de\/wp-json\/wp\/v2\/categories?post=594309"},{"taxonomy":"post_tag","embeddable":true,"href":"https:\/\/www.europesays.com\/de\/wp-json\/wp\/v2\/tags?post=594309"}],"curies":[{"name":"wp","href":"https:\/\/api.w.org\/{rel}","templated":true}]}}