{"id":594336,"date":"2025-11-22T13:45:31","date_gmt":"2025-11-22T13:45:31","guid":{"rendered":"https:\/\/www.europesays.com\/de\/594336\/"},"modified":"2025-11-22T13:45:31","modified_gmt":"2025-11-22T13:45:31","slug":"nahm-doreen-dietel-ben-tewaag-etwa-auf","status":"publish","type":"post","link":"https:\/\/www.europesays.com\/de\/594336\/","title":{"rendered":"Nahm Doreen Dietel Ben Tewaag etwa auf?"},"content":{"rendered":"<p style=\"order:0\" class=\"spanFix max-w-[750px] leading-[30px] sm:text-[22px] sm:leading-[38px] sm:text-[22px] sm:leading-[38px]\">Vor wenigen Tagen soll <a target=\"_self\" data-google-interstitial=\"true\" href=\"https:\/\/www.promiflash.de\/thema\/ben-tewaag\/\" rel=\"nofollow noopener\">Ben Tewaag<\/a> (49) nach einem Zwischenfall in eine Psychiatrie eingeliefert worden sein. Unter dem dazugeh\u00f6rigen Promiflash-Post bei Instagram meldete sich auch Bens gute Freundin <a target=\"_self\" data-google-interstitial=\"true\" href=\"https:\/\/www.promiflash.de\/thema\/doreen-dietel\/\" rel=\"nofollow noopener\">Doreen Dietel<\/a> (51) zu Wort und behauptet deutlich: &#8222;Er ist definitiv nicht in der Psychiatrie!&#8220; Auf den Kommentar reagieren nat\u00fcrlich auch die Fans \u2013 und das vor allem mit Fragezeichen. <b>Ein User hakt mit Lach-Smiley nach: &#8222;Warum? Ist er bei dir?&#8220; Darauf antwortet Doreen schlicht mit &#8222;Ja&#8220;.<\/b> Genauere Details gibt sie nicht preis, scheint aber andeuten zu wollen, dass der Sohn von Filmstar <a target=\"_self\" data-google-interstitial=\"true\" href=\"https:\/\/www.promiflash.de\/thema\/uschi-glas\/\" rel=\"nofollow noopener\">Uschi Glas<\/a> (81) bei ihr untergekommen ist. Ob das der Wahrheit entspricht, ist nicht bekannt.<\/p>\n<p style=\"order:3\" class=\"spanFix max-w-[750px] leading-[30px] sm:text-[22px] sm:leading-[38px] sm:text-[22px] sm:leading-[38px]\">Ben wurde vergangenen Dienstag <a target=\"_self\" data-google-interstitial=\"true\" href=\"https:\/\/www.promiflash.de\/news\/2025\/11\/18\/ben-tewaag-nach-ausraster-im-rtw-in-psychiatrie-eingeliefert.html\" rel=\"nofollow noopener\">von einem Krankenwagen<\/a> mitgenommen, weil er sich nach einem &#8222;h\u00e4uslichen Zwischenfall&#8220; schwer an der Hand verletzte. Berichten von Oe24 zufolge handelte es sich um eine tiefe Schnittwunde, die medizinisch behandelt werden muss. W\u00e4hrend der Fahrt im Rettungswagen soll der 49-J\u00e4hrige aber ein zunehmend aggressives Verhalten gezeigt und sogar versucht haben, aus dem fahrenden Wagen zu fliehen. Weil die Sanit\u00e4ter sich nicht mehr zu helfen wussten, riefen sie wohl die Polizei, die Ben in Gewahrsam nahm. <b>Die Beamten konnten ihn aber nicht beruhigen, stattdessen w\u00fctete er immer weiter und verletzte auch einen der Polizisten leicht.<\/b> Aufgrund seines Zustands wurde der ehemalige <a target=\"_self\" data-google-interstitial=\"true\" href=\"https:\/\/www.promiflash.de\/thema\/promi-big-brother\/\" rel=\"nofollow noopener\">Promi Big Brother<\/a>-Gewinner nach der Behandlung seiner Verletzung in eine psychiatrische Klinik gebracht. Wie lange er dort blieb, ist nicht bekannt.<\/p>\n<p style=\"order:6\" class=\"spanFix max-w-[750px] leading-[30px] sm:text-[22px] sm:leading-[38px] sm:text-[22px] sm:leading-[38px]\">Ben fiel schon in der Vergangenheit immer mal wieder negativ auf. In den vergangenen Jahren schien er sich aber gefangen zu haben. Er sammelte in Shows wie &#8222;Promi Big Brother&#8220; oder <a target=\"_self\" data-google-interstitial=\"true\" href=\"https:\/\/www.promiflash.de\/thema\/kampf-der-realitystars\/\" rel=\"nofollow noopener\">Kampf der Realitystars<\/a> viele Fans und Sympathien. Nicht ohne Grund wurde er 2016 in der vierten Staffel von Promi-BB zum Sieger gew\u00e4hlt. &#8222;Kampf der Realitystars&#8220; 2024 endete f\u00fcr den Filmproduzenten weniger erfolgreich, hier entschieden aber auch nicht die Zuschauer, wer in die n\u00e4chste Runde kommt. Ben bekam die meisten Stimmen von seinen Mitstreitern und musste gehen \u2013 eine Entscheidung, die die Zuschauer <a target=\"_self\" data-google-interstitial=\"true\" href=\"https:\/\/www.promiflash.de\/news\/2024\/04\/25\/ist-ben-und-theresias-kampf-der-realitystars-aus-fair.html\" rel=\"nofollow noopener\">gar nicht nachvollziehen<\/a> konnten: In einer Promiflash-Umfrage gab \u00fcber die H\u00e4lfte der Leser an, dass sie einen anderen Kandidaten rausgeworfen h\u00e4tten. Ben selbst zeigte sich in der Show aber verst\u00e4ndnisvoll: <b>&#8222;Es gibt kein b\u00f6ses Blut zwischen uns, von meiner Seite aus. Ich werde euch sogar vermissen.&#8220;<\/b><\/p>\n<p><img class=\"top-0  absolute h-full w-full object-cover\" alt=\"Collage: Doreen Dietel und Ben Tewaag\" width=\"854\" height=\"480\" decoding=\"async\"  loading=\"lazy\" style=\"background-size:cover;background-position:50% 50%;background-repeat:no-repeat;background-image:url(&quot;data:image\/svg+xml;charset=utf-8,%3Csvg xmlns='http:\/\/www.w3.org\/2000\/svg' viewBox='0 0 640 640'%3E%3Cfilter id='b' color-interpolation-filters='sRGB'%3E%3CfeGaussianBlur stdDeviation='20'\/%3E%3CfeColorMatrix values='1 0 0 0 0 0 1 0 0 0 0 0 1 0 0 0 0 0 100 -1' result='s'\/%3E%3CfeFlood x='0' y='0' width='100%25' height='100%25'\/%3E%3CfeComposite operator='out' in='s'\/%3E%3CfeComposite in2='SourceGraphic'\/%3E%3CfeGaussianBlur stdDeviation='20'\/%3E%3C\/filter%3E%3Cimage width='100%25' height='100%25' x='0' y='0' preserveAspectRatio='none' style='filter: url(%23b);' href='data:image\/png;base64,iVBORw0KGgoAAAANSUhEUgAAABAAAAAQCAYAAAAf8\/9hAAAEG0lEQVR4AQEQBO\/7AMOtnv\/EsaT\/xbuy\/8XGw\/\/G0NH\/xdXY\/8PU2f+\/ztL\/u8LF\/7i1t\/+3qqz\/t6Wo\/7qnrf++r7n\/wrjG\/8W\/z\/8Awqub\/8Kvof\/DuK\/\/w8TA\/8PNzv\/C0tX\/wNLW\/73Lz\/+6wMP\/t7O1\/7apqv+2pKf\/uaet\/7yuuf\/At8b\/wr7P\/wC\/pZD\/v6iW\/76xpf++vLb\/vMXE\/7rKzf+4yc3\/tsPH\/7S5vP+zrrD\/s6Wn\/7Sipf+2pa3\/uK25\/7q2xv+7vdD\/ALucgf+7n4f\/uaeX\/7axqP+yubf\/sL6\/\/669wP+tuLv\/rq+y\/6+mp\/+xn6D\/sp2h\/7Kiq\/+zq7j\/srTG\/7K6z\/8AuZJu\/7eVdf+znIX\/rqSX\/6mrpv+lr6\/\/o66x\/6WprP+ooqT\/rJqc\/7CWmP+xl5v\/sZ2n\/6+mtv+tr8T\/qrbN\/wC4il7\/toxl\/7GSdf+pmYj\/op6W\/56hn\/+dn6H\/oJqd\/6eUlf+tjY7\/souM\/7SNk\/+zlaD\/sJ+w\/6upv\/+nsMj\/ALqFVf+4h1z\/soxs\/6qRff+ilYv\/nZaS\/52Uk\/+ijo7\/qoaG\/7KAgP+4fX\/\/u4GH\/7mLlv+1lqf\/sKG2\/6uowP8Av4Va\/72HYP+3i23\/r5B7\/6eShv+jkoz\/o42L\/6mFhP+xe3r\/unJy\/8BvcP\/Dc3j\/wn2I\/76Km\/+5lqv\/tZ61\/wDGimj\/xIxs\/7+Qdv+3lIH\/sJaK\/62UjP+tjYn\/soJ\/\/7p1cv\/CZ2X\/yGBg\/8tiZ\/\/Lbnj\/yH2L\/8SKnP\/Bk6f\/AMySef\/Kk3z\/xpeD\/8CbjP+6nZL\/t5qS\/7eSjP+7hYD\/wnNu\/8lgXP\/OU1H\/0VJV\/9JeZv\/Rb3r\/zn6M\/8yJmP8A0JqH\/8+civ\/Mn5D\/x6OX\/8Klm\/+\/oZn\/v5iS\/8GJg\/\/GdW\/\/y15X\/9BKRf\/UQ0P\/1U9T\/9Viav\/Uc33\/03+J\/wDSoZL\/0aOU\/86nmv\/Kqp\/\/xqyi\/8OooP\/Bn5f\/w4+I\/8Z5cf\/KX1f\/zkc+\/9E7Nf\/URUX\/1Vlc\/9VscP\/VeH3\/ANKmmf\/RqJv\/zqyg\/8qvpf\/GsKf\/wq2l\/8CjnP+\/k4v\/wX11\/8NjWf\/HSj7\/yjsw\/81DPf\/QVlX\/0Whp\/9J0dv8A0Kqb\/8+rnf\/Mr6L\/yLKn\/8Ozqv++r6f\/uqae\/7iWjv+4gXj\/uWhd\/7xQQv\/AQjP\/xEc+\/8dXVP\/KaGj\/y3N1\/wDMq5z\/y62e\/8iwo\/\/Es6j\/vrSq\/7mwqP+zp5\/\/sJiQ\/66Eev+ubGD\/sVZH\/7RKOv+5TUP\/vVpX\/8Bpav\/CdHb\/AMmsm\/\/IrZ3\/xbCi\/8Czp\/+6tKr\/tLCn\/62nn\/+pmJD\/poV7\/6ZvY\/+oW0v\/q09A\/7BSSP+1Xlr\/uGts\/7t1eP+TmN4VmBFNYQAAAABJRU5ErkJggg=='\/%3E%3C\/svg%3E&quot;)\" src=\"https:\/\/www.europesays.com\/de\/wp-content\/uploads\/2025\/11\/doreen-dietel-und-ben-tewaag-collage.jpg\" fetchpriority=\"auto\"\/>Gulotta, Francesco \/ ActionPress, RTLZWEI \/ Luis Zeno Kuhn<img decoding=\"async\" alt=\"Bilder Gallerie Button\" class=\"absolute bottom-[7px] right-[3px] w-[54px] h-[54px] group-hover:scale-110 transition-transform duration-300\" src=\"https:\/\/www.europesays.com\/de\/wp-content\/uploads\/2025\/11\/galerie_button.png\" loading=\"lazy\"\/>Collage: Doreen Dietel und Ben Tewaag<img class=\"top-0  absolute h-full w-full object-cover\" alt=\"Ben Tewaag, Mai 2024\" width=\"854\" height=\"480\" decoding=\"async\"  loading=\"lazy\" style=\"background-size:cover;background-position:50% 50%;background-repeat:no-repeat;background-image:url(&quot;data:image\/svg+xml;charset=utf-8,%3Csvg xmlns='http:\/\/www.w3.org\/2000\/svg' viewBox='0 0 640 640'%3E%3Cfilter id='b' color-interpolation-filters='sRGB'%3E%3CfeGaussianBlur stdDeviation='20'\/%3E%3CfeColorMatrix values='1 0 0 0 0 0 1 0 0 0 0 0 1 0 0 0 0 0 100 -1' result='s'\/%3E%3CfeFlood x='0' y='0' width='100%25' height='100%25'\/%3E%3CfeComposite operator='out' in='s'\/%3E%3CfeComposite in2='SourceGraphic'\/%3E%3CfeGaussianBlur stdDeviation='20'\/%3E%3C\/filter%3E%3Cimage width='100%25' height='100%25' x='0' y='0' preserveAspectRatio='none' style='filter: url(%23b);' href='data:image\/png;base64,iVBORw0KGgoAAAANSUhEUgAAABAAAAAQCAYAAAAf8\/9hAAAEG0lEQVR4AQEQBO\/7AKSvqv+nraj\/r6eg\/7mflP\/Clob\/xo95\/8eLcf\/DjHL\/vpR7\/7ufiP+9rZf\/xbqk\/9LGr\/\/h0bj\/7ti9\/\/fdwf8Apa+q\/6itp\/+wqJ\/\/uZ+T\/8GWhf\/Fjnj\/xYlw\/8GKb\/+8kXf\/uZyE\/7qpkv\/Ct6D\/0MOs\/97NtP\/s1br\/9dq+\/wCosKn\/qq6m\/7Gonv+5oJL\/wJaE\/8KMdf\/BhWr\/vINn\/7aHbP+xkXj\/s56G\/7uslf\/JuaH\/2MSr\/+bMsv\/v0rb\/AKywpv+urqP\/s6mb\/7mgkP+9lIH\/vohw\/7p+Yv+zeFr\/q3lb\/6aAZf+njHP\/r5uC\/72pkP\/OtZz\/3L+k\/+bFqf8Ar6+h\/7Ctnv+0qJf\/uJ+L\/7qSfP+4hGr\/snZY\/6lrSP+eZkP\/lmpJ\/5Z1Wf+fhWr\/r5V7\/8Gjif\/Qr5P\/2raa\/wCwrJr\/saqX\/7Slkf+3nIX\/t5B2\/7OAY\/+qb03\/nV40\/49RIP+ETyL\/glo3\/4xsTv+ef2T\/spF1\/8Oegv\/Pp4r\/ALCmkP+xpY7\/s6CI\/7SYff+zjG\/\/rXxb\/6FoQv+RUiD\/fz0A\/3AzAP9tPQD\/eVMz\/45rT\/+lgGX\/uJB0\/8Saff8ArZ6E\/62dgv+vmX3\/sJJz\/66HZv+neFP\/mmQ6\/4dMEP9xMAD\/XRgA\/1ckAP9mQiL\/gF5F\/5p2XP+vh2z\/vJJ2\/wCok3b\/qZJ1\/6uPcP+simj\/qYBc\/6JzTP+UYTb\/f0kT\/2YtAP9OEwD\/Rx4A\/1k9Kv93W0f\/k3Nc\/6qFa\/+4kHT\/AKKIaP+jh2f\/pYVj\/6aBXP+keVL\/nG1F\/45eNP96SR7\/YDME\/0gjBv9CLSP\/V0Y8\/3VgUf+SdmL\/qYdv\/7iSd\/8AnH1c\/518W\/+fe1j\/oHdS\/55xSv+XZz\/\/iVkz\/3ZJJ\/9fOSL\/TDMp\/0s9OP9fUkr\/e2hb\/5Z8af+sjHT\/upZ7\/wCYdVX\/mHRU\/5pyUf+abkv\/l2hE\/5BeOv+EUjH\/dEUq\/2I8K\/9XPDT\/WkhD\/21bU\/+FcGL\/noJu\/7GQeP+9mH7\/AJVwU\/+Vb1L\/lWxO\/5RmSP+QXkD\/iVQ3\/39ILf9yPSf\/Zzkq\/2M\/Nf9rTkT\/fGFU\/5F0Y\/+mhXD\/tpJ5\/8Gaf\/8AlW9W\/5RuVP+TaVD\/j2FJ\/4pWQP+CSDT\/eTon\/3EwHv9sMCD\/bz0t\/3lQP\/+KZFH\/nHZh\/62Gbv+7knj\/xJl+\/wCWcVr\/lW5Z\/5FoVP+LXUz\/hE5A\/3s8Mv90KB\/\/bxoK\/3AiBv94Nx3\/hU41\/5VkSv+ldlz\/tIVq\/7+Qdf\/Gl3z\/AJdyXv+VcF3\/kGhX\/4lbTv+ASUL\/dzIw\/3ATGP9uAAD\/cw8A\/30xAf+MTCn\/m2JC\/6p1V\/+4hGf\/wo5y\/8iVev\/ULncwD+wvWAAAAABJRU5ErkJggg=='\/%3E%3C\/svg%3E&quot;)\" src=\"https:\/\/www.europesays.com\/de\/wp-content\/uploads\/2025\/11\/ben-tewaag-posiert-2.jpg\" fetchpriority=\"auto\"\/>Instagram \/ ben_tewaag<img decoding=\"async\" alt=\"Bilder Gallerie Button\" class=\"absolute bottom-[7px] right-[3px] w-[54px] h-[54px] group-hover:scale-110 transition-transform duration-300\" src=\"https:\/\/www.europesays.com\/de\/wp-content\/uploads\/2025\/11\/galerie_button.png\" loading=\"lazy\"\/>Ben Tewaag, Mai 2024<img class=\"top-0  absolute h-full w-full object-cover\" alt=\"Ben Tewaag gewinnt &quot;Promi Big Brother&quot; 2016\" width=\"854\" height=\"480\" decoding=\"async\"  loading=\"lazy\" style=\"background-size:cover;background-position:50% 50%;background-repeat:no-repeat;background-image:url(&quot;data:image\/svg+xml;charset=utf-8,%3Csvg xmlns='http:\/\/www.w3.org\/2000\/svg' viewBox='0 0 640 640'%3E%3Cfilter id='b' color-interpolation-filters='sRGB'%3E%3CfeGaussianBlur stdDeviation='20'\/%3E%3CfeColorMatrix values='1 0 0 0 0 0 1 0 0 0 0 0 1 0 0 0 0 0 100 -1' result='s'\/%3E%3CfeFlood x='0' y='0' width='100%25' height='100%25'\/%3E%3CfeComposite operator='out' in='s'\/%3E%3CfeComposite in2='SourceGraphic'\/%3E%3CfeGaussianBlur stdDeviation='20'\/%3E%3C\/filter%3E%3Cimage width='100%25' height='100%25' x='0' y='0' preserveAspectRatio='none' style='filter: url(%23b);' href='data:image\/png;base64,iVBORw0KGgoAAAANSUhEUgAAABAAAAAQCAYAAAAf8\/9hAAAEG0lEQVR4AQEQBO\/7AIeDcf+JhHP\/jYZ4\/5GIfv+UiYH\/lYZ\/\/5GBeP+JeGz\/fWxb\/25eSf9dUz7\/TE1C\/z5OU\/82VGb\/NFt3\/zZhgf8AiYV0\/4qFdf+Nh3r\/kYh+\/5OIgP+Shn7\/j4B3\/4d3a\/98a1v\/b19K\/19UQP9QT0T\/Q1BT\/ztVZv83XHX\/NmGA\/wCOiXn\/jop6\/4+Kff+PiX\/\/jod\/\/4yDe\/+IfXT\/gnRo\/3pqWf9xX0v\/ZldE\/1tTSP9QVVX\/Rlll\/z1fcv84Y3v\/AJSOf\/+Tjn\/\/kIyA\/4yJf\/+HhXz\/goB3\/394b\/97cGT\/eGhY\/3VgTf9wW0n\/aFlN\/15bWP9SXmX\/RGJw\/zlkd\/8AmJCD\/5aPgv+QjYH\/iIh+\/4CCev95e3P\/dnRq\/3ZsYP95Zlb\/e2FP\/3pfTv91X1P\/a2Bc\/1xiZv9LZHD\/OWZ2\/wCYjoL\/loyB\/4+JgP+FhHz\/e353\/3N3cP9ycGf\/dmpe\/3xmVf+CY1D\/g2JR\/39iV\/91ZGH\/ZGVr\/09mdP84Z3r\/AJSFfP+ShHz\/i4F7\/4J+ef95eXX\/dHRv\/3VvZ\/98al7\/hGdW\/4plUf+MZFP\/h2Rb\/3xlZ\/9pZ3P\/UWh+\/zhphP8AjHZw\/4p2cf+GdnP\/gHV0\/3t0dP97cnH\/f3Br\/4dtYv+Oa1n\/k2hT\/5NnVf+NZl\/\/gGdu\/2xoff9UaYr\/OWqS\/wCCY2L\/gWRl\/4Boav+AbHH\/gXB1\/4Vzdf+MdHD\/lHNo\/5pwXv+cbVb\/mmtY\/5JpZP+EaXX\/cGqH\/1hslv9AbaD\/AHhRVv95VFr\/fFxk\/4Fmb\/+Ib3f\/kHV6\/5l5d\/+gem\/\/pXhk\/6V1XP+hcV3\/l29p\/4lufP92bpD\/YHCg\/0xxq\/8Ac0lT\/3VNWP97WGT\/hGVx\/49xe\/+Zen\/\/o399\/6qCdv+ugWz\/rX5l\/6h7Zv+eeHH\/kHaD\/392l\/9sd6f\/XHex\/wB2U13\/eFdh\/39ga\/+Ja3b\/lHZ\/\/59\/g\/+phoL\/sIl8\/7SKdP+0iW\/\/sIdw\/6eEev+agor\/i4Cb\/3t\/qf9uf7P\/AH9pcP+Ba3L\/hnB4\/412fv+XfoT\/oYWG\/6uLhf+zj4H\/uJJ8\/7qTev+3k3z\/sJGE\/6WOkP+YjJ3\/iomo\/3+Hr\/8AjICE\/42AhP+OgYX\/koOH\/5iGiP+giof\/qo+G\/7OVhP+6mYP\/vp2E\/76eh\/+5no3\/sJuU\/6WXnP+YkqP\/jo+o\/wCYk5T\/mJKT\/5aQkf+Wjo7\/mIyL\/56OiP+nkof\/sZiH\/7qfiP\/BpIz\/w6iQ\/8GolP+6pZj\/r6Cb\/6Oanv+alZ\/\/AKCfn\/+fnp7\/nJqZ\/5iVk\/+YkY3\/m5CI\/6SUhv+vmoj\/uqKM\/8Opkf\/HrpX\/xq6Z\/8Crmv+2pZr\/q5+Z\/6GZmP\/Ao3T5ncki0wAAAABJRU5ErkJggg=='\/%3E%3C\/svg%3E&quot;)\" src=\"https:\/\/www.europesays.com\/de\/wp-content\/uploads\/2025\/11\/ben-tewaag-gewinnt-promi-big-brother-2016-2.jpg\" fetchpriority=\"auto\"\/>Getty Images<img decoding=\"async\" alt=\"Bilder Gallerie Button\" class=\"absolute bottom-[7px] right-[3px] w-[54px] h-[54px] group-hover:scale-110 transition-transform duration-300\" src=\"https:\/\/www.europesays.com\/de\/wp-content\/uploads\/2025\/11\/galerie_button.png\" loading=\"lazy\"\/>Ben Tewaag gewinnt &#8222;Promi Big Brother&#8220; 2016<\/p>\n<p>Glaubt ihr, Doreen sagt die Wahrheit?<\/p>\n<p>Ergebnis anzeigen<\/p>\n","protected":false},"excerpt":{"rendered":"Vor wenigen Tagen soll Ben Tewaag (49) nach einem Zwischenfall in eine Psychiatrie eingeliefert worden sein. Unter dem&hellip;\n","protected":false},"author":2,"featured_media":594337,"comment_status":"","ping_status":"","sticky":false,"template":"","format":"standard","meta":{"footnotes":""},"categories":[1776],"tags":[1801,29,214,30,1802,215],"class_list":{"0":"post-594336","1":"post","2":"type-post","3":"status-publish","4":"format-standard","5":"has-post-thumbnail","7":"category-prominente","8":"tag-celebrities","9":"tag-deutschland","10":"tag-entertainment","11":"tag-germany","12":"tag-prominente","13":"tag-unterhaltung"},"share_on_mastodon":{"url":"https:\/\/pubeurope.com\/@de\/115593657080876386","error":""},"_links":{"self":[{"href":"https:\/\/www.europesays.com\/de\/wp-json\/wp\/v2\/posts\/594336","targetHints":{"allow":["GET"]}}],"collection":[{"href":"https:\/\/www.europesays.com\/de\/wp-json\/wp\/v2\/posts"}],"about":[{"href":"https:\/\/www.europesays.com\/de\/wp-json\/wp\/v2\/types\/post"}],"author":[{"embeddable":true,"href":"https:\/\/www.europesays.com\/de\/wp-json\/wp\/v2\/users\/2"}],"replies":[{"embeddable":true,"href":"https:\/\/www.europesays.com\/de\/wp-json\/wp\/v2\/comments?post=594336"}],"version-history":[{"count":0,"href":"https:\/\/www.europesays.com\/de\/wp-json\/wp\/v2\/posts\/594336\/revisions"}],"wp:featuredmedia":[{"embeddable":true,"href":"https:\/\/www.europesays.com\/de\/wp-json\/wp\/v2\/media\/594337"}],"wp:attachment":[{"href":"https:\/\/www.europesays.com\/de\/wp-json\/wp\/v2\/media?parent=594336"}],"wp:term":[{"taxonomy":"category","embeddable":true,"href":"https:\/\/www.europesays.com\/de\/wp-json\/wp\/v2\/categories?post=594336"},{"taxonomy":"post_tag","embeddable":true,"href":"https:\/\/www.europesays.com\/de\/wp-json\/wp\/v2\/tags?post=594336"}],"curies":[{"name":"wp","href":"https:\/\/api.w.org\/{rel}","templated":true}]}}