{"id":594341,"date":"2025-11-22T13:49:25","date_gmt":"2025-11-22T13:49:25","guid":{"rendered":"https:\/\/www.europesays.com\/de\/594341\/"},"modified":"2025-11-22T13:49:25","modified_gmt":"2025-11-22T13:49:25","slug":"wicked-sophia-riedl-ist-die-deutsche-singstimme-fuer-ariana-grande-unterhaltung","status":"publish","type":"post","link":"https:\/\/www.europesays.com\/de\/594341\/","title":{"rendered":"\u201eWicked\u201c: Sophia Riedl ist die deutsche Singstimme f\u00fcr Ariana Grande | Unterhaltung"},"content":{"rendered":"<p>Berlin \u2013 <b>Beim Musical-Klassiker \u201eWicked\u201c spielen Songs die Hauptrolle. Sie erz\u00e4hlen Geschichten, wecken Emotionen, sorgen f\u00fcr G\u00e4nsehaut. In der deutschen Filmfassung leiht S\u00e4ngerin Sophia Riedl Mega-Star Ariana Grande ihre Singstimme.<\/b><\/p>\n<p>Es ist nicht die erste gro\u00dfe Rolle f\u00fcr Riedl: Sie war schon in \u201eArielle, die Meerjungfrau\u201c und in der Disney-Neuverfilmung von \u201eSchneewittchen\u201c zu h\u00f6ren. Die gute Fee Glinda in \u201eWicked\u201c ist ihr absoluter Traum: \u201eDas ist immer noch etwas surreal f\u00fcr mich, f\u00fchlt sich aber ganz toll an und ist etwas, worauf ich unglaublich stolz und wof\u00fcr ich sehr dankbar bin\u201c, sagt Riedl zu BILD.<\/p>\n<p><img decoding=\"async\" width=\"992\" height=\"1323\" alt=\"Schnell? Ja! Perfektionistisch? Auch! F\u00fcr manche Songs brauchte Sophia Riedl bis zu 20 Versuche\" src=\"https:\/\/www.europesays.com\/de\/wp-content\/uploads\/2025\/11\/614fdb2bf1f812a3db8dcf1b2add6dbf,d326bfcc\"   class=\"dynamic\" loading=\"lazy\"\/><\/p>\n<p class=\"fig__caption__text\">Jedes Detail muss sitzen: F\u00fcr manche Songs ben\u00f6tigte Sophia Riedl bis zu 20 Versuche<\/p>\n<p>Foto: Marco Sommer<\/p>\n<p>Schon seit 17 Jahren singt Riedl die \u201eWicked\u201c-Hits<\/p>\n<p>\u201eWicked\u201c ist der thematische Vorg\u00e4nger des legend\u00e4ren Musical-Films \u201eDer Zauberer von Oz\u201c von 1939. F\u00fcr S\u00e4ngerin Sophia Riedl ist die Geschichte l\u00e4ngst ein Teil ihres Lebens: \u201eAls Jugendliche habe ich das Musical in Stuttgart gesehen und singe die Songs seit sicherlich schon 17 Jahren hoch und runter und habe immer gesagt, dass ich dieses St\u00fcck einmal gern auf der B\u00fchne spielen w\u00fcrde.\u201c<\/p>\n<p>Mehr zum Thema\u201eIch habe sehr versucht, mich an Ariana zu orientieren\u201c<\/p>\n<p>Ariana Grande, die im \u201eWicked\u201c-Film (Teil 2 seit 21. November in den Kinos) die gute Fee Glinda spielt, ist eine Ausnahmes\u00e4ngerin. Gar nicht so einfach, diese kraftvolle Stimme zu ersetzen. Sophia Riedl erz\u00e4hlt: \u201eIch habe versucht, mich an Ariana zu orientieren \u2013 wo es nur ging. Ihre Atmung, Phrasierung, die B\u00f6gen, die sie singt \u2013 all das habe ich versucht, ins Deutsche zu \u00fcbertragen.\u201c Trotzdem war es ihr wichtig, auch ein St\u00fcck von sich selbst einflie\u00dfen zu lassen.<\/p>\n<p><img decoding=\"async\" width=\"992\" height=\"1178\" alt=\"Ariana Grande verzaubert nicht nur als gute Fee Glinda, sondern auch mit ihrer Stimme. Sie singt schon seit Jahren, ihr erstes Album erschien 2013\" src=\"https:\/\/www.europesays.com\/de\/wp-content\/uploads\/2025\/11\/90e0b2ae40042e4b052f031807f01822,183a212f\"   class=\"portrait\" loading=\"lazy\"\/><\/p>\n<p class=\"fig__caption__text\">Ariana Grande verzaubert nicht nur als gute Fee Glinda, sondern auch mit ihrer Stimme. Die S\u00e4ngerin blickt auf zahlreiche Gold- und Platinauszeichnungen, Grammys und andere Awards zur\u00fcck<\/p>\n<p>Foto: UNIVERSAL Pictures<\/p>\n<p>So viel Austausch gab es mit dem \u201eWicked\u201c-Team<\/p>\n<p>Die beiden \u201eWicked\u201c-Kinofilme wurden bereits vor \u00fcber drei Jahren gedreht. Danach folgte ein langer Prozess aus Schnitt, Feinschliff und Synchronarbeit. Ob Sophia w\u00e4hrend ihrer Arbeit auch Ariana Grande getroffen hat? \u201eLeider gab es bisher keine Begegnung oder Kontakt zu Ariana. Erst mal ist da auch nichts geplant\u201c, verneint sie.<\/p>\n<p>Mehr zum Thema<\/p>\n<p>Ganz ohne das Original-\u201eWicked\u201c-Team lief es aber trotzdem nicht: \u201eGerade beim ersten Teil war auch das englische Team vor Ort. Letztlich wurde meine Arbeit sogar vom Produzenten in Amerika abgesegnet.\u201c <\/p>\n<p><b>Und nun k\u00f6nnen sie alle Fans in der deutschen Fassung von \u201eWicked: For Good\u201c h\u00f6ren.<\/b><\/p>\n<p>Fortsetzung des Erfolgsmusicals: WICKED 2: Mit Kr\u00f6nchen und Glitzerstaub<a class=\"anchor video-teaser__anchor\" href=\"https:\/\/www.bild.de\/unterhaltung\/film-kino\/fortsetzung-des-erfolgsmusicals-wicked-2-mit-kroenchen-und-glitzerstaub-691ddc1774ad4b5ab154cf68\" target=\"_blank\" rel=\"noopener\"><img decoding=\"async\" width=\"992\" height=\"558\" alt=\"\" src=\"https:\/\/www.europesays.com\/de\/wp-content\/uploads\/2025\/11\/06cfc7e21d88f21aa9bed59b355058aa,d241b901\"   class=\"landscape teaser__image\" loading=\"lazy\"\/><\/a><\/p>\n<p>Quelle: Daniel Steinmetz19.11.2025<\/p>\n","protected":false},"excerpt":{"rendered":"Berlin \u2013 Beim Musical-Klassiker \u201eWicked\u201c spielen Songs die Hauptrolle. Sie erz\u00e4hlen Geschichten, wecken Emotionen, sorgen f\u00fcr G\u00e4nsehaut. In&hellip;\n","protected":false},"author":2,"featured_media":594342,"comment_status":"","ping_status":"","sticky":false,"template":"","format":"standard","meta":{"footnotes":""},"categories":[1772],"tags":[18808,29,214,8100,30,58435,95,15288,1779,810,45,215],"class_list":{"0":"post-594341","1":"post","2":"type-post","3":"status-publish","4":"format-standard","5":"has-post-thumbnail","7":"category-musik","8":"tag-zauberer","9":"tag-deutschland","10":"tag-entertainment","11":"tag-fantasy","12":"tag-germany","13":"tag-grande-ariana","14":"tag-kino","15":"tag-kinofilme","16":"tag-music","17":"tag-musik","18":"tag-texttospeech","19":"tag-unterhaltung"},"share_on_mastodon":{"url":"https:\/\/pubeurope.com\/@de\/115593675012443057","error":""},"_links":{"self":[{"href":"https:\/\/www.europesays.com\/de\/wp-json\/wp\/v2\/posts\/594341","targetHints":{"allow":["GET"]}}],"collection":[{"href":"https:\/\/www.europesays.com\/de\/wp-json\/wp\/v2\/posts"}],"about":[{"href":"https:\/\/www.europesays.com\/de\/wp-json\/wp\/v2\/types\/post"}],"author":[{"embeddable":true,"href":"https:\/\/www.europesays.com\/de\/wp-json\/wp\/v2\/users\/2"}],"replies":[{"embeddable":true,"href":"https:\/\/www.europesays.com\/de\/wp-json\/wp\/v2\/comments?post=594341"}],"version-history":[{"count":0,"href":"https:\/\/www.europesays.com\/de\/wp-json\/wp\/v2\/posts\/594341\/revisions"}],"wp:featuredmedia":[{"embeddable":true,"href":"https:\/\/www.europesays.com\/de\/wp-json\/wp\/v2\/media\/594342"}],"wp:attachment":[{"href":"https:\/\/www.europesays.com\/de\/wp-json\/wp\/v2\/media?parent=594341"}],"wp:term":[{"taxonomy":"category","embeddable":true,"href":"https:\/\/www.europesays.com\/de\/wp-json\/wp\/v2\/categories?post=594341"},{"taxonomy":"post_tag","embeddable":true,"href":"https:\/\/www.europesays.com\/de\/wp-json\/wp\/v2\/tags?post=594341"}],"curies":[{"name":"wp","href":"https:\/\/api.w.org\/{rel}","templated":true}]}}