{"id":594349,"date":"2025-11-22T13:54:13","date_gmt":"2025-11-22T13:54:13","guid":{"rendered":"https:\/\/www.europesays.com\/de\/594349\/"},"modified":"2025-11-22T13:54:13","modified_gmt":"2025-11-22T13:54:13","slug":"italienische-saengerin-ornella-vanoni-mit-91-jahren-gestorben","status":"publish","type":"post","link":"https:\/\/www.europesays.com\/de\/594349\/","title":{"rendered":"Italienische S\u00e4ngerin Ornella Vanoni mit 91 Jahren gestorben"},"content":{"rendered":"<p>            <img loading=\"lazy\" decoding=\"async\" class=\"ts-image\" src=\"https:\/\/www.europesays.com\/de\/wp-content\/uploads\/2025\/11\/ornella-vanoni-100.jpg\" alt=\"Ornella Vanoni (Archivbild: 7.12.2023)\" title=\"Ornella Vanoni (Archivbild: 7.12.2023) | AFP\"\/><\/p>\n<p class=\"metatextline\">Stand: 22.11.2025 12:18 Uhr<\/p>\n<p class=\"textabsatz columns twelve  m-ten  m-offset-one l-eight l-offset-two\">\n        <strong>Mehr als sechs Jahrzehnte pr\u00e4gte die S\u00e4ngerin Ornella Vanoni die italienische Musikszene und war auch international erfolgreich. Mit 91 Jahren ist die in Italien als Ikone gefeierte Musikerin nun gestorben.<\/strong>\n    <\/p>\n<p class=\"textabsatz m-ten m-offset-one l-eight l-offset-two columns twelve\">Die italienische S\u00e4ngerin Ornella Vanoni ist tot. Sie starb im Alter von 91 Jahren am sp\u00e4ten Freitagabend in ihrem Haus in Mailand, teilte Italiens Kulturminister Alessandro Giuli mit. Zuvor hatten <a href=\"https:\/\/www.rainews.it\/maratona\/2025\/11\/addio-a-ornella-vanoni-signora-della-musica-italiana-aveva-91-anni-7f627e8d-1ccf-455e-90b9-237768656571.html\" title=\"RAI zum Tod Ornella Vanonis\" class=\"textlink--extern js-link-dialog\" rel=\"noopener noreferrer\" target=\"_blank\" data-type=\"external\">mehrere italienische Medien<\/a> \u00fcber den Tod Vanonis berichtet.<\/p>\n<p class=\"textabsatz m-ten m-offset-one l-eight l-offset-two columns twelve\">Vanoni geh\u00f6rte zu den produktivsten S\u00e4ngerinnen der italienischen Musikszene und galt in Italien als eine Ikone. &#8222;Mit dem Tod von Ornella Vanoni verliert Italien eine seiner originellsten und raffiniertesten K\u00fcnstlerinnen&#8220;, wird Kulturminister Giuli in einer Mitteilung zitiert. Die Karriere der geb\u00fcrtigen Mail\u00e4nderin ging mehr als sechs Jahrzehnte. Sie verkaufte \u00fcber die Jahre mehr als 50 Millionen Platten und ver\u00f6ffentlichte rund 40 Studioalben.<\/p>\n<p>    Rote Haare als Markenzeichen<\/p>\n<p class=\"textabsatz m-ten m-offset-one l-eight l-offset-two columns twelve\">Vanoni wurde 1934 in eine wohlhabende Mail\u00e4nder Familie geboren. Anfang der 1960er-Jahre erlangte die stets rothaarige S\u00e4ngerin durch Fernseh-Musikfestivals erste Bekanntheit. Sie ging zun\u00e4chst ans Theater, bevor sie sich sp\u00e4ter vollends der Musik widmete. Sie arbeitete unter anderem mit Musik-Gr\u00f6\u00dfen wie Gino Paoli, Paolo Conte, Lucio Dalla oder Fabrizio De Andr\u00e9.<\/p>\n<p class=\"textabsatz m-ten m-offset-one l-eight l-offset-two columns twelve\">Zu ihren bekanntesten Liedern geh\u00f6ren &#8222;Senza Fine&#8220; (1961) und &#8222;Domani \u00e8 un altro giorno&#8220; (1971). Mit ihrem Lied &#8222;L&#8217;appuntamento&#8220; war sie auch au\u00dferhalb Italiens erfolgreich und erlangte internationale Bekanntheit. Urspr\u00fcnglich im Jahr 1970 ver\u00f6ffentlicht, erlebte das St\u00fcck 2004 als Soundtrack des Blockbusters &#8222;Ocean&#8217;s Twelve&#8220; von US-Regisseur Steven Soderbergh ein Comeback.<\/p>\n","protected":false},"excerpt":{"rendered":"Stand: 22.11.2025 12:18 Uhr Mehr als sechs Jahrzehnte pr\u00e4gte die S\u00e4ngerin Ornella Vanoni die italienische Musikszene und war&hellip;\n","protected":false},"author":2,"featured_media":594350,"comment_status":"","ping_status":"","sticky":false,"template":"","format":"standard","meta":{"footnotes":""},"categories":[155],"tags":[29,214,30,355,1911,215],"class_list":{"0":"post-594349","1":"post","2":"type-post","3":"status-publish","4":"format-standard","5":"has-post-thumbnail","7":"category-unterhaltung","8":"tag-deutschland","9":"tag-entertainment","10":"tag-germany","11":"tag-italien","12":"tag-saengerin","13":"tag-unterhaltung"},"share_on_mastodon":{"url":"","error":""},"_links":{"self":[{"href":"https:\/\/www.europesays.com\/de\/wp-json\/wp\/v2\/posts\/594349","targetHints":{"allow":["GET"]}}],"collection":[{"href":"https:\/\/www.europesays.com\/de\/wp-json\/wp\/v2\/posts"}],"about":[{"href":"https:\/\/www.europesays.com\/de\/wp-json\/wp\/v2\/types\/post"}],"author":[{"embeddable":true,"href":"https:\/\/www.europesays.com\/de\/wp-json\/wp\/v2\/users\/2"}],"replies":[{"embeddable":true,"href":"https:\/\/www.europesays.com\/de\/wp-json\/wp\/v2\/comments?post=594349"}],"version-history":[{"count":0,"href":"https:\/\/www.europesays.com\/de\/wp-json\/wp\/v2\/posts\/594349\/revisions"}],"wp:featuredmedia":[{"embeddable":true,"href":"https:\/\/www.europesays.com\/de\/wp-json\/wp\/v2\/media\/594350"}],"wp:attachment":[{"href":"https:\/\/www.europesays.com\/de\/wp-json\/wp\/v2\/media?parent=594349"}],"wp:term":[{"taxonomy":"category","embeddable":true,"href":"https:\/\/www.europesays.com\/de\/wp-json\/wp\/v2\/categories?post=594349"},{"taxonomy":"post_tag","embeddable":true,"href":"https:\/\/www.europesays.com\/de\/wp-json\/wp\/v2\/tags?post=594349"}],"curies":[{"name":"wp","href":"https:\/\/api.w.org\/{rel}","templated":true}]}}