{"id":594355,"date":"2025-11-22T13:57:16","date_gmt":"2025-11-22T13:57:16","guid":{"rendered":"https:\/\/www.europesays.com\/de\/594355\/"},"modified":"2025-11-22T13:57:16","modified_gmt":"2025-11-22T13:57:16","slug":"brasiliens-ex-praesident-bolsonaro-kurz-vor-haftantritt-in-gewahrsam","status":"publish","type":"post","link":"https:\/\/www.europesays.com\/de\/594355\/","title":{"rendered":"Brasiliens Ex-Pr\u00e4sident Bolsonaro kurz vor Haftantritt in Gewahrsam"},"content":{"rendered":"<p>            <img loading=\"lazy\" decoding=\"async\" class=\"ts-image\" src=\"https:\/\/www.europesays.com\/de\/wp-content\/uploads\/2025\/11\/bolsonaro-haft-100.jpg\" alt=\"Journalisten vor dem Polizeihauptquartier in Brasilia, in dem Bolsonaro inhaftiert sein soll.\" title=\"Journalisten vor dem Polizeihauptquartier in Brasilia, in dem Bolsonaro inhaftiert sein soll. | AP\"\/><\/p>\n<p class=\"metatextline\">Stand: 22.11.2025 13:20 Uhr<\/p>\n<p class=\"textabsatz columns twelve  m-ten  m-offset-one l-eight l-offset-two\">\n        <strong>Die brasilianische Bundespolizei hat Ex-Pr\u00e4sident Bolsonaro kurz vor dem geplanten Antritt seiner Gef\u00e4ngnisstrafe in Gewahrsam genommen. Bolsonaro war wegen eines Putschversuchs zu gut 27 Jahren Haft verurteilt worden.<\/strong>\n    <\/p>\n<p class=\"textabsatz m-ten m-offset-one l-eight l-offset-two columns twelve\">In Brasilien ist der unter Hausarrest stehende Ex-Pr\u00e4sident Jair Bolsonaro in Haft genommen worden. Dies teilte sein Anwalt am Samstag der Nachrichtenagentur Reuters mit. Einen Grund daf\u00fcr nannte der Anwalt nicht. Ein Vertreter der Bundespolizei best\u00e4tigte, dass Bolsonaro am Morgen in der Hauptstadt Brasilia die \u00fcblichen Aufnahmeverfahren f\u00fcr eine Inhaftierung durchlaufen habe.<\/p>\n<p>    Noch kein offizieller Haftantritt<\/p>\n<p class=\"textabsatz m-ten m-offset-one l-eight l-offset-two columns twelve\">Es handele sich nicht um die Vollstreckung der vom Obersten Bundesgericht verh\u00e4ngten Strafe wegen versuchten Staatsstreichs, sondern um eine Ma\u00dfnahme zur &#8222;Gew\u00e4hrleistung der \u00f6ffentlichen Ordnung&#8220;, berichtete unter anderem das Nachrichtenportal G1. Es habe &#8222;erh\u00f6hte Fluchtgefahr&#8220; bestanden, da Bolsonaro gegen die Auflagen seiner elektronischen Fu\u00dffessel versto\u00dfen haben soll, zitierte G1 den Bundesrichter Alexandre de Moraes.<\/p>\n<p class=\"textabsatz m-ten m-offset-one l-eight l-offset-two columns twelve\">Erst am Freitag hatte Bolsonaros Sohn, Senator Fl\u00e1vio Bolsonaro, zu einer n\u00e4chtlichen Mahnwache vor dem Haus seines Vaters aufgerufen. Die Bundespolizei stufte dem G1-Bericht zufolge den geplanten Aufzug von Anh\u00e4ngern Bolsonaros als Risiko sowohl f\u00fcr Teilnehmer als auch f\u00fcr Einsatzkr\u00e4fte ein.<\/p>\n<p>    Urteil noch nicht rechtskr\u00e4ftig<\/p>\n<p class=\"textabsatz m-ten m-offset-one l-eight l-offset-two columns twelve\">Bolsonaro war im September <a href=\"https:\/\/www.tagesschau.de\/ausland\/amerika\/bolsonaro-urteil-106.html\" title=\"Brasilien: Bolsonaro zu mehr als 27 Jahren Haft verurteilt\" target=\"_blank\" rel=\"noopener\">zu 27 Jahren und drei Monaten Haft verurteilt worden<\/a>. Ihm wird ein Angriff auf die Demokratie und ein geplanter Putsch nach seiner Wahlniederlage 2022 vorgeworfen. Er hat Berufung dagegen eingelegt.<\/p>\n<p class=\"textabsatz m-ten m-offset-one l-eight l-offset-two columns twelve\">Bolsonaro stand seit mehr als 100 Tagen unter strengem Hausarrest, weil er in einem separaten Verfahren gegen Auflagen versto\u00dfen hatte. Darin wird ihm vorgeworfen, auf eine Einmischung der USA hingewirkt zu haben, um die Strafverfahren gegen ihn zu stoppen. Es wird erwartet, dass seine Verteidigung unter Berufung auf Gesundheitsprobleme einen Verbleib im Hausarrest beantragen wird.<\/p>\n<p>    Von Trump aktiv unterst\u00fctzt<\/p>\n<p class=\"textabsatz m-ten m-offset-one l-eight l-offset-two columns twelve\">US-Pr\u00e4sident Donald Trump, der ein freundschaftliches Verh\u00e4ltnis zu Bolsonaro pflegte, als beide im Amt waren, hat das Verfahren als <a href=\"https:\/\/www.tagesschau.de\/ausland\/amerika\/trump-zoelle-brasilien-100.html\" title=\"Trump begr\u00fcndet Z\u00f6lle f\u00fcr Brasilien mit &quot;Hexenjagd&quot; gegen Bolsonaro\" target=\"_blank\" rel=\"noopener\">&#8222;Hexenjagd<\/a>&#8220; bezeichnet. Er verh\u00e4ngte Sanktionen gegen den zust\u00e4ndigen Richter Moraes sowie einen hohen Zoll auf die Einfuhr mehrerer brasilianischer Waren in die USA. Einige dieser Z\u00f6lle, wie auf Kaffee und Rindfleisch, hat er jedoch inzwischen wieder aufgehoben.<\/p>\n","protected":false},"excerpt":{"rendered":"Stand: 22.11.2025 13:20 Uhr Die brasilianische Bundespolizei hat Ex-Pr\u00e4sident Bolsonaro kurz vor dem geplanten Antritt seiner Gef\u00e4ngnisstrafe in&hellip;\n","protected":false},"author":2,"featured_media":594356,"comment_status":"","ping_status":"","sticky":false,"template":"","format":"standard","meta":{"footnotes":""},"categories":[3],"tags":[82394,5697,3029,13,14,15,12,10,8,9,11,103,104],"class_list":{"0":"post-594355","1":"post","2":"type-post","3":"status-publish","4":"format-standard","5":"has-post-thumbnail","7":"category-welt","8":"tag-bolsonaro","9":"tag-brasilien","10":"tag-haft","11":"tag-headlines","12":"tag-nachrichten","13":"tag-news","14":"tag-schlagzeilen","15":"tag-top-news","16":"tag-top-meldungen","17":"tag-topmeldungen","18":"tag-topnews","19":"tag-welt","20":"tag-world"},"share_on_mastodon":{"url":"https:\/\/pubeurope.com\/@de\/115593704791263602","error":""},"_links":{"self":[{"href":"https:\/\/www.europesays.com\/de\/wp-json\/wp\/v2\/posts\/594355","targetHints":{"allow":["GET"]}}],"collection":[{"href":"https:\/\/www.europesays.com\/de\/wp-json\/wp\/v2\/posts"}],"about":[{"href":"https:\/\/www.europesays.com\/de\/wp-json\/wp\/v2\/types\/post"}],"author":[{"embeddable":true,"href":"https:\/\/www.europesays.com\/de\/wp-json\/wp\/v2\/users\/2"}],"replies":[{"embeddable":true,"href":"https:\/\/www.europesays.com\/de\/wp-json\/wp\/v2\/comments?post=594355"}],"version-history":[{"count":0,"href":"https:\/\/www.europesays.com\/de\/wp-json\/wp\/v2\/posts\/594355\/revisions"}],"wp:featuredmedia":[{"embeddable":true,"href":"https:\/\/www.europesays.com\/de\/wp-json\/wp\/v2\/media\/594356"}],"wp:attachment":[{"href":"https:\/\/www.europesays.com\/de\/wp-json\/wp\/v2\/media?parent=594355"}],"wp:term":[{"taxonomy":"category","embeddable":true,"href":"https:\/\/www.europesays.com\/de\/wp-json\/wp\/v2\/categories?post=594355"},{"taxonomy":"post_tag","embeddable":true,"href":"https:\/\/www.europesays.com\/de\/wp-json\/wp\/v2\/tags?post=594355"}],"curies":[{"name":"wp","href":"https:\/\/api.w.org\/{rel}","templated":true}]}}