{"id":594357,"date":"2025-11-22T13:58:14","date_gmt":"2025-11-22T13:58:14","guid":{"rendered":"https:\/\/www.europesays.com\/de\/594357\/"},"modified":"2025-11-22T13:58:14","modified_gmt":"2025-11-22T13:58:14","slug":"ostsee-steilkueste-bricht-ab-radfahrerin-stuerzt-in-die-tiefe-bild","status":"publish","type":"post","link":"https:\/\/www.europesays.com\/de\/594357\/","title":{"rendered":"Ostsee: Steilk\u00fcste bricht ab, Radfahrerin st\u00fcrzt in die Tiefe &#8211; BILD"},"content":{"rendered":"<ol>\n<li><a href=\"https:\/\/news.google.com\/rss\/articles\/CBMivwFBVV95cUxOaFowWU9UZlpicWx5Vm40UmhKYm9XQS1lTi1rVVQ4NmdyZC1PenJuel9WWl9OaTFjOXVLS0FPWDB3OFRvNXBJN3d6a2hwNTg2TGJabW1pcl80ZnZ3YjNRS0RvMGRjY29MV05HLU9VaTFuNlR1dXF0YjlqNlhmTC1mc1dneDBZaHdBQWpPY1FNQ1pPNjdCQ3l0ejBhTFRCdWFWRGRMV01TZnc3NC1OdmRVOGpvUkN1WXlvMzExaHZScw?oc=5\" target=\"_blank\" rel=\"nofollow noopener\">Ostsee: Steilk\u00fcste bricht ab, Radfahrerin st\u00fcrzt in die Tiefe<\/a>&nbsp;&nbsp;BILD<\/li>\n<li><a href=\"https:\/\/news.google.com\/rss\/articles\/CBMi2gFBVV95cUxQcmhCMGE5dWxQQ0VrZ21fZklaWWZiajE4a3piZWoxSGFBYUdpT3VfZmxiMDBiUWZBNVZ5NXQtN3Q2YW95cTV3Vm9SNV9KWXJtODFabmZJREJYSmh5MGRzemtfSk1WVDRwT0NQZE1nZktDV3JZeHdHWUx3X0lzSWhZYllNRUZmOGQyREpwaWF4eTd1SDJrNVlhX1ItTlVhdTcwSFhjOUI1ckUtZEgtbnFtUW9vNmhjMDVtY3JzdzZ3ODhocXZwZTI1ejMwN1NPTzc2c083VEtDaVFDZw?oc=5\" target=\"_blank\" rel=\"nofollow noopener\">Radlerin rutscht an der Steilk\u00fcste bei Nienhagen in die Tiefe<\/a>&nbsp;&nbsp;NDR.de<\/li>\n<li><a href=\"https:\/\/news.google.com\/rss\/articles\/CBMikAFBVV95cUxOTmE5bTBvalE0d0ctTWlIOHlDd3ltT3RXN05lYmhyVE1HTGhzWnlFUDJaVjNpVm1BYklaNEdxT0FIT1NXSGtGcEk1bmZLSFFEUmNHWXdJMkYycDA0bkVVMVEzNU1uRG94QkFrY2hYUk81QWZiT2xuemhRbVpobXdCU19xS0gybV9ybDZVZExjOE4?oc=5\" target=\"_blank\" rel=\"nofollow noopener\">Steilk\u00fcste an der Ostsee abgebrochen \u2013 Radfahrerin in die Tiefe gerissen<\/a>&nbsp;&nbsp;MOPO<\/li>\n<li><a href=\"https:\/\/news.google.com\/rss\/articles\/CBMiuwFBVV95cUxPa25QaGRTRzBGTnFsYnBfNjdJT0cyM1ExdW9TSG1PUG8wN3RIajVMd0RqUS14cjQ4elgwZXRaVzZrMmU3QkR5eGthR2pBWXNhbUFyQVB3cnJ1bERSWWtEUHd0YUtYcUJfOHJBLS11clQ1WGNDeVNxU2lpR0E0ZTh5MGpQc2VTSFhyQ2JTUUNaS3BLbEdnTl9qZ3BCN2FZVlhIcGJqdk9MbHhpQU1tTUZMVUhxOVM2YWZlTkNN?oc=5\" target=\"_blank\" rel=\"nofollow noopener\">Steilk\u00fcste an der Ostsee bricht ab und rei\u00dft Frau mit in die Tiefe<\/a>&nbsp;&nbsp;Nordkurier<\/li>\n<li><a href=\"https:\/\/news.google.com\/rss\/articles\/CBMigwFBVV95cUxQZ0JwVGtULThseWRZSFJCVUNrR21VSUJ0N0FYQmgtOW4xMVY3cGlxMHFqR29zM3FKaGZQT0RPVVdsU0lfV0tyYXNoMmF0RVlUcUdzal9LS2tvejFVX1JrbWVTa0N2aHdfYjVyejdLTFQ5eGZmNjJpMjhQM1BET0NDOEJ4OA?oc=5\" target=\"_blank\" rel=\"nofollow noopener\">Unfall durch Teilk\u00fcstenabbruch mit leichtverletzter Urlauberin<\/a>&nbsp;&nbsp;meinestadt.de<\/li>\n<\/ol>\n","protected":false},"excerpt":{"rendered":"Ostsee: Steilk\u00fcste bricht ab, Radfahrerin st\u00fcrzt in die Tiefe&nbsp;&nbsp;BILD Radlerin rutscht an der Steilk\u00fcste bei Nienhagen in die&hellip;\n","protected":false},"author":2,"featured_media":594358,"comment_status":"","ping_status":"","sticky":false,"template":"","format":"standard","meta":{"footnotes":""},"categories":[2],"tags":[29,126,30,13,1351,14,15,2852,2465,3906,12,138370,45,10,8,9,11,2624],"class_list":{"0":"post-594357","1":"post","2":"type-post","3":"status-publish","4":"format-standard","5":"has-post-thumbnail","7":"category-deutschland","8":"tag-deutschland","9":"tag-frau","10":"tag-germany","11":"tag-headlines","12":"tag-mecklenburg-vorpommern","13":"tag-nachrichten","14":"tag-news","15":"tag-ostsee","16":"tag-radfahrer","17":"tag-rettungsdienst","18":"tag-schlagzeilen","19":"tag-team-first","20":"tag-texttospeech","21":"tag-top-news","22":"tag-top-meldungen","23":"tag-topmeldungen","24":"tag-topnews","25":"tag-unfaelle"},"share_on_mastodon":{"url":"https:\/\/pubeurope.com\/@de\/115593707891234914","error":""},"_links":{"self":[{"href":"https:\/\/www.europesays.com\/de\/wp-json\/wp\/v2\/posts\/594357","targetHints":{"allow":["GET"]}}],"collection":[{"href":"https:\/\/www.europesays.com\/de\/wp-json\/wp\/v2\/posts"}],"about":[{"href":"https:\/\/www.europesays.com\/de\/wp-json\/wp\/v2\/types\/post"}],"author":[{"embeddable":true,"href":"https:\/\/www.europesays.com\/de\/wp-json\/wp\/v2\/users\/2"}],"replies":[{"embeddable":true,"href":"https:\/\/www.europesays.com\/de\/wp-json\/wp\/v2\/comments?post=594357"}],"version-history":[{"count":0,"href":"https:\/\/www.europesays.com\/de\/wp-json\/wp\/v2\/posts\/594357\/revisions"}],"wp:featuredmedia":[{"embeddable":true,"href":"https:\/\/www.europesays.com\/de\/wp-json\/wp\/v2\/media\/594358"}],"wp:attachment":[{"href":"https:\/\/www.europesays.com\/de\/wp-json\/wp\/v2\/media?parent=594357"}],"wp:term":[{"taxonomy":"category","embeddable":true,"href":"https:\/\/www.europesays.com\/de\/wp-json\/wp\/v2\/categories?post=594357"},{"taxonomy":"post_tag","embeddable":true,"href":"https:\/\/www.europesays.com\/de\/wp-json\/wp\/v2\/tags?post=594357"}],"curies":[{"name":"wp","href":"https:\/\/api.w.org\/{rel}","templated":true}]}}