{"id":594361,"date":"2025-11-22T14:00:29","date_gmt":"2025-11-22T14:00:29","guid":{"rendered":"https:\/\/www.europesays.com\/de\/594361\/"},"modified":"2025-11-22T14:00:29","modified_gmt":"2025-11-22T14:00:29","slug":"hllanzeiger-polizeimeldungen-vom-samstag-22-11-2025","status":"publish","type":"post","link":"https:\/\/www.europesays.com\/de\/594361\/","title":{"rendered":"H@llAnzeiger &#8211; Polizeimeldungen vom Samstag, 22.11.2025"},"content":{"rendered":"<p><img decoding=\"async\" src=\"https:\/\/www.europesays.com\/de\/wp-content\/uploads\/2025\/05\/polizeimeldungen6-678x381.jpg\" alt=\"Aktuell Polizei\" title=\"polizeimeldungen6\"\/><br \/>\n\u00a9 H@llAnzeiger<\/p>\n<p>Polizeirevier Halle (Saale)<\/p>\n<p><strong>Alkoholfahrt auf E-Scooter<br \/><\/strong>Die Polizei stellte gegen Mitternacht zwei Personen auf einem E-Scooter fest. Die beiden wurden angehalten und kontrolliert. Ein Atemalkoholtest des 16-j\u00e4hrigen Fahrers ergab einen Wert von 1,29 Promille. Der junge Mann wurde zur Blutprobenentnahme in ein Krankenhaus gefahren. Die Polizei hat eine Strafanzeige gegen den Beschuldigten eingeleitet.<\/p>\n<p><strong>Garage aufgebrochen<br \/><\/strong>Am Freitagnachmittag gegen 15.30 Uhr wurde festgestellt, dass im L\u00fcneburger Bogen eine Garage gewaltsam aufgebrochen wurde. Die Garage wurde dabei besch\u00e4digt. Ob etwas entwendet wurde, ist bisher nicht bekannt. Die Polizei ermittelt gegen Unbekannt.<\/p>\n<p>Polizeirevier Saalekreis <\/p>\n<p><strong>Auseinandersetzung im Supermarkt<br \/><\/strong>Petersberg, OT Sennewitz \u2013 Zwei Unbekannte verlangten gestern Abend gegen 17 Uhr an der Kasse eines Supermarktes den Wechsel einer gr\u00f6\u00dfere Summe Bargeld. Die Mitarbeiterin lehnte dies ab. Da die M\u00e4nner auf den Wechsel des Geldes beharrten, kam es zu Auseinandersetzung mit einem Kunden des Gesch\u00e4fts. Schlie\u00dflich verlie\u00dfen die beiden M\u00e4nner den Markt und \u00e4u\u00dferten dabei verbale Drohungen gegen Mitarbeiter und die anwesende Kundschaft. Nach ersten Erkenntnissen wurde niemand verletzt. Die Polizei ermittelt zur Identit\u00e4t der beiden Unbekanntem, welche sich mit einem Auto in unbekannte Richtung entfernten.<\/p>\n<p><strong>Verkehrsunfall mit Personenschaden<br \/><\/strong>Petersberg, OT Werderthau \u2013 Ein 28-j\u00e4hriger Mann befuhr am Freitag um 18.45 Uhr mit seinem Pkw die L144. Kurz vor Ortseingang Werderthau kam das Fahrzeug aus bislang ungekl\u00e4rter Ursache in der Kurve von der Fahrbahn ab und \u00fcberschlug sich. Der Fahrer und seine 21 Jahre alte Beifahrerin wurden dabei leicht verletzt. Eine 23-j\u00e4hrige weitere Insassin des Autos wurde schwerverletzt in ein Krankenhaus gebracht. An der Unfallstelle waren drei Rettungswagen, ein Hubschrauber und die Feuerwehren Ostrau, M\u00f6sthinsdorf und Petersberg mit insgesamt 26 Mann im Einsatz.<\/p>\n<p><strong>Verkehrsunfall<br \/><\/strong>Farnstedt \u2013 Gestern Abend um 17 Uhr ereignete sich ein Verkehrsunfall auf der B38 in Richtung Leipzig. Ein 24-j\u00e4hriger Autofahrer fuhr auf der linken Spur, kam aus bislang unbekannter Ursache nach links von der Fahrbahn ab und touchierte die Leitplanke. Am Pkw entstand Sachschaden. Der Fahrer blieb unverletzt.<\/p>\n<p>Polizeirevier Mansfeld-S\u00fcdharz <\/p>\n<p><strong>Verkehrsunfall mit Personenschaden <br \/><\/strong>Benndorf \u2013 Ein Pkw befuhr am Freitag gegen 16.30 Uhr die Hauptstra\u00dfe. Der Wagen geriet in den Gegenverkehr und kollidierte mit einem anderen Pkw. Die 86-j\u00e4hrige Beteiligte wurde dabei leicht verletzt und in ein umliegendes Krankenhaus gebracht. Der 64-j\u00e4hrige blieb unverletzt. Beide Autos waren nicht mehr fahrbereit und wurden abgeschleppt.<\/p>\n<p><strong>Wildunfall <br \/><\/strong>Arnstein, OT Wiederstedt \u2013 Ein Autofahrer war am Freitagabend gegen 19.15 Uhr auf der K2331 in Richtung Arnstedt unterwegs, als pl\u00f6tzlich ein Reh die Fahrbahn \u00fcberquerte. Es kam zum Zusammensto\u00df. Das Tier wurde dabei schwer verletzt und musste erl\u00f6st werden. Am Pkw entstand Sachschaden. Menschen wurden nicht verletzt.<\/p>\n<p>Polizeirevier Burgenlandkreis <\/p>\n<p><strong>Tankbetrug<br \/><\/strong>Hohenm\u00f6lsen \u2013 Ein Mann fuhr am Freitag gegen 17.15 Uhr zu einer Tankstelle im Ortszentrum. Nachdem er seinen Pkw betankte, stieg er in sein Auto und fuhr ohne zu bezahlen davon. Die Ermittlungen gegen den bislang Unbekannten wurden eingeleitet.<\/p>\n<p><strong>Versuchter Einbruch in Restaurant<br \/><\/strong>Wei\u00dfenfels \u2013 In der Nacht von Freitag zu Samstag versuchten unbekannte T\u00e4ter auf gewaltsame Art und Weise in ein Restaurant in der Markwerbener Stra\u00dfe einzubrechen. Die Unbekannten gelang es nicht, in das Lokal einzudringen. Die Kriminalpolizei geht den gesicherten Spuren nach und ermittelt zu den T\u00e4tern.<\/p>\n","protected":false},"excerpt":{"rendered":"\u00a9 H@llAnzeiger Polizeirevier Halle (Saale) Alkoholfahrt auf E-ScooterDie Polizei stellte gegen Mitternacht zwei Personen auf einem E-Scooter fest.&hellip;\n","protected":false},"author":2,"featured_media":117634,"comment_status":"","ping_status":"","sticky":false,"template":"","format":"standard","meta":{"footnotes":""},"categories":[1860],"tags":[3364,29,548,663,3934,30,4062,17332,13,14,15,17331,860,12],"class_list":{"0":"post-594361","1":"post","2":"type-post","3":"status-publish","4":"format-standard","5":"has-post-thumbnail","7":"category-halle-saale","8":"tag-de","9":"tag-deutschland","10":"tag-eu","11":"tag-europa","12":"tag-europe","13":"tag-germany","14":"tag-halle","15":"tag-halle-saale","16":"tag-headlines","17":"tag-nachrichten","18":"tag-news","19":"tag-saale","20":"tag-sachsen-anhalt","21":"tag-schlagzeilen"},"share_on_mastodon":{"url":"https:\/\/pubeurope.com\/@de\/115593715793479624","error":""},"_links":{"self":[{"href":"https:\/\/www.europesays.com\/de\/wp-json\/wp\/v2\/posts\/594361","targetHints":{"allow":["GET"]}}],"collection":[{"href":"https:\/\/www.europesays.com\/de\/wp-json\/wp\/v2\/posts"}],"about":[{"href":"https:\/\/www.europesays.com\/de\/wp-json\/wp\/v2\/types\/post"}],"author":[{"embeddable":true,"href":"https:\/\/www.europesays.com\/de\/wp-json\/wp\/v2\/users\/2"}],"replies":[{"embeddable":true,"href":"https:\/\/www.europesays.com\/de\/wp-json\/wp\/v2\/comments?post=594361"}],"version-history":[{"count":0,"href":"https:\/\/www.europesays.com\/de\/wp-json\/wp\/v2\/posts\/594361\/revisions"}],"wp:featuredmedia":[{"embeddable":true,"href":"https:\/\/www.europesays.com\/de\/wp-json\/wp\/v2\/media\/117634"}],"wp:attachment":[{"href":"https:\/\/www.europesays.com\/de\/wp-json\/wp\/v2\/media?parent=594361"}],"wp:term":[{"taxonomy":"category","embeddable":true,"href":"https:\/\/www.europesays.com\/de\/wp-json\/wp\/v2\/categories?post=594361"},{"taxonomy":"post_tag","embeddable":true,"href":"https:\/\/www.europesays.com\/de\/wp-json\/wp\/v2\/tags?post=594361"}],"curies":[{"name":"wp","href":"https:\/\/api.w.org\/{rel}","templated":true}]}}