{"id":594362,"date":"2025-11-22T14:01:51","date_gmt":"2025-11-22T14:01:51","guid":{"rendered":"https:\/\/www.europesays.com\/de\/594362\/"},"modified":"2025-11-22T14:01:51","modified_gmt":"2025-11-22T14:01:51","slug":"br24-sport-3-liga-jetzt-live-aachen-regensburg-im-stream-tv","status":"publish","type":"post","link":"https:\/\/www.europesays.com\/de\/594362\/","title":{"rendered":"BR24 Sport: 3. Liga jetzt live: Aachen &#8211; Regensburg im Stream &#038; TV"},"content":{"rendered":"<p class=\"metatextline\">Stand: 22.11.2025 13:55 Uhr<\/p>\n<p class=\"textabsatz columns twelve  m-ten  m-offset-one l-eight l-offset-two\">\n        <strong>Wiedersehen mit dem Ex-Trainer Mersad Selimbegovic: Der SSV Jahn Regensburg gastiert am Samstag, den 22. November, ab 14 Uhr in der 3. Fu\u00dfball-Liga bei Alemannia Aachen. Dort braucht der SSV Jahn dringend einen Erfolg im Kampf um den Klassenverbleib.<\/strong>\n    <\/p>\n<p class=\"textabsatz m-ten m-offset-one l-eight l-offset-two columns twelve\">Eine Partie hat Mersad Selimbegovic als Trainer von Alemannia Aachen in der 3. Fu\u00dfball-Liga bereits absolviert &#8211; und diese hat er gewonnen: 3:1 beim VfB Stuttgart II. Nun kommt es zum Wiedersehen mit seinem Ex-Verein. Von 2006 bis 2023 stand er als Spieler und Trainer beim SSV Jahn Regensburg unter Vertrag: Am Samstagnachmittag ab 14 Uhr trifft der Bosnier mit den Nordrhein-Westfalen auf die Oberpf\u00e4lzer.<\/p>\n<p class=\"textabsatz m-ten m-offset-one l-eight l-offset-two columns twelve\">Der Bayerische Rundfunk \u00fcbertr\u00e4gt die Partie ab 14 Uhr live im Stream sowie im BR Fernsehen. Ihr Kommentator ist Marcel Seufert. Julia B\u00fcchler f\u00fchrt als Moderatorin durch die Sendung.<\/p>\n<p>    Aachen vs. Jahn: Duell auf Augenh\u00f6he im Kampf gegen den Abstieg<\/p>\n<p class=\"textabsatz m-ten m-offset-one l-eight l-offset-two columns twelve\">Es ist ein Duell unter &#8211; zumindest aktuell &#8211; vom Abstieg gef\u00e4hrdeten Teams: Die Aachener stehen derzeit auf Rang elf mit 19 Punkten und haben nur drei Z\u00e4hler Vorsprung auf Rang 17, den Aue belegt. Direkt vor Aue rangieren wiederum die Regensburger. <a href=\"https:\/\/www.br.de\/nachrichten\/sport\/fussball-3-liga-ssv-jahn-regensburg-gegen-tsv-1860-muenchen-die-loewen-sind-im-abstiegskampf,V23hHQ8\" title=\"Die wollen nach dem klaren 4:0 im Duell mit dem TSV 1860 M\u00fcnchen vor der L\u00e4nderspielpause weiter nachlegen\" class=\"textlink--extern\" target=\"_blank\" rel=\"noopener\">Die wollen nach dem klaren 4:0 im Duell mit dem TSV 1860 M\u00fcnchen vor der L\u00e4nderspielpause weiter nachlegen<\/a>. Sie sind ohnehin im Aufwind, haben sie doch nur wenige Tage danach auch im Bayerischen Landespokal gegen den Ligakonkurrenten FC Ingolstadt 04 gewonnen.<\/p>\n<p class=\"textabsatz m-ten m-offset-one l-eight l-offset-two columns twelve\">Doch gegen Aachen ist trotzdem h\u00f6chste Vorsicht geboten: Denn keiner kennt den Jahn so gut wie Mersad Selimbegovic. Der Trainer hat vor einigen Jahren auch die Spielidee ausgearbeitet, die sich durch alle Jugendmannschaften der Regensburger bis hin in die Profimannschaft zieht.<\/p>\n<p class=\"textabsatz m-ten m-offset-one l-eight l-offset-two columns twelve\">Tabellenf\u00fchrung und Abstiegskampf, aktuelle Spielpaarungen, Ergebnisse und Liveticker, Torj\u00e4gerlisten, Laufleistung- sowie Zweikampfstatistiken und noch viel mehr: Fu\u00dfball im Ergebniscenter von BR24Sport.<\/p>\n<p class=\"textabsatz m-ten m-offset-one l-eight l-offset-two columns twelve\">Quelle: Blickpunkt Sport 22.11.2025 &#8211; 14:00 Uhr<\/p>\n<p>                                        <a class=\"backlink__link\" href=\"https:\/\/www.br.de\/nachrichten\/sport\/fussball-3-liga-alemannia-aachen-gegen-ssv-jahn-regensburg-im-livestream-und-br-fernsehen,V2nxK81\" target=\"_blank\" rel=\"noopener\"><\/p>\n<p>                                                <img decoding=\"async\" src=\"https:\/\/images.sportschau.de\/image\/05fe9eb0-903d-4c3a-83ba-894c6893cc80\/AAABlap_YQI\/AAABmgWnBPY\/original\/lra-br-logo-100.svg\" alt=\"Bayerischer Rundfunk\"\/><\/p>\n<p>                                        <\/a><\/p>\n","protected":false},"excerpt":{"rendered":"Stand: 22.11.2025 13:55 Uhr Wiedersehen mit dem Ex-Trainer Mersad Selimbegovic: Der SSV Jahn Regensburg gastiert am Samstag, den&hellip;\n","protected":false},"author":2,"featured_media":594363,"comment_status":"","ping_status":"","sticky":false,"template":"","format":"standard","meta":{"footnotes":""},"categories":[1853],"tags":[995,1424,999,3204,3364,29,548,663,3934,347,30,13,9150,14,15,1209,12,265,16757],"class_list":{"0":"post-594362","1":"post","2":"type-post","3":"status-publish","4":"format-standard","5":"has-post-thumbnail","7":"category-aachen","8":"tag-3-liga","9":"tag-aachen","10":"tag-alemannia-aachen","11":"tag-br","12":"tag-de","13":"tag-deutschland","14":"tag-eu","15":"tag-europa","16":"tag-europe","17":"tag-fussball","18":"tag-germany","19":"tag-headlines","20":"tag-livestream","21":"tag-nachrichten","22":"tag-news","23":"tag-nordrhein-westfalen","24":"tag-schlagzeilen","25":"tag-sport","26":"tag-ssv-jahn-regensburg"},"share_on_mastodon":{"url":"https:\/\/pubeurope.com\/@de\/115593724128392625","error":""},"_links":{"self":[{"href":"https:\/\/www.europesays.com\/de\/wp-json\/wp\/v2\/posts\/594362","targetHints":{"allow":["GET"]}}],"collection":[{"href":"https:\/\/www.europesays.com\/de\/wp-json\/wp\/v2\/posts"}],"about":[{"href":"https:\/\/www.europesays.com\/de\/wp-json\/wp\/v2\/types\/post"}],"author":[{"embeddable":true,"href":"https:\/\/www.europesays.com\/de\/wp-json\/wp\/v2\/users\/2"}],"replies":[{"embeddable":true,"href":"https:\/\/www.europesays.com\/de\/wp-json\/wp\/v2\/comments?post=594362"}],"version-history":[{"count":0,"href":"https:\/\/www.europesays.com\/de\/wp-json\/wp\/v2\/posts\/594362\/revisions"}],"wp:featuredmedia":[{"embeddable":true,"href":"https:\/\/www.europesays.com\/de\/wp-json\/wp\/v2\/media\/594363"}],"wp:attachment":[{"href":"https:\/\/www.europesays.com\/de\/wp-json\/wp\/v2\/media?parent=594362"}],"wp:term":[{"taxonomy":"category","embeddable":true,"href":"https:\/\/www.europesays.com\/de\/wp-json\/wp\/v2\/categories?post=594362"},{"taxonomy":"post_tag","embeddable":true,"href":"https:\/\/www.europesays.com\/de\/wp-json\/wp\/v2\/tags?post=594362"}],"curies":[{"name":"wp","href":"https:\/\/api.w.org\/{rel}","templated":true}]}}