{"id":594365,"date":"2025-11-22T14:04:12","date_gmt":"2025-11-22T14:04:12","guid":{"rendered":"https:\/\/www.europesays.com\/de\/594365\/"},"modified":"2025-11-22T14:04:12","modified_gmt":"2025-11-22T14:04:12","slug":"jugendliche-rauben-maenner-in-chemnitz-aus-polizei-ermittelt","status":"publish","type":"post","link":"https:\/\/www.europesays.com\/de\/594365\/","title":{"rendered":"Jugendliche rauben M\u00e4nner in Chemnitz aus \u2013 Polizei ermittelt"},"content":{"rendered":"<p class=\"bold\">\n\t\t\t\t\t\t\t\t\t\tZwei junge M\u00e4nner wurden im Park der Opfer des Faschismus \u00fcberfallen. Unbekannte bedrohten sie mit einem Messer und forderten Bargeld. Doch das war erst der Anfang.\t\t\t\t<\/p>\n<p>\t\t\t\t Am Freitagabend sind zwei junge M\u00e4nner im Park der Opfer des Faschismus Opfer eines Raub\u00fcberfalls geworden. Wie die Polizeidirektion Chemnitz berichtet, wurden die 19- und 20-J\u00e4hrigen von zwei unbekannten Jugendlichen mit einem Messer bedroht und zur Herausgabe ihrer Geldb\u00f6rsen gezwungen. Die T\u00e4ter entnahmen etwas Bargeld, gaben die&#8230;<\/p>\n<p>\t\t<img decoding=\"async\" class=\"fp-plus-logo\" src=\"https:\/\/www.freiepresse.de\/img\/fpplus.svg\" alt=\"Freie Presse plus Logo\"\/><\/p>\n<p>Registrieren und testen.<\/p>\n<p>Jetzt mit Ihrer Registrierung 1 Monat gratis testen und alle Beitr\u00e4ge lesen.<\/p>\n<p>Schon Abonnent? Melden Sie sich mit ihren Zugangsdaten an.<\/p>\n","protected":false},"excerpt":{"rendered":"Zwei junge M\u00e4nner wurden im Park der Opfer des Faschismus \u00fcberfallen. Unbekannte bedrohten sie mit einem Messer und&hellip;\n","protected":false},"author":2,"featured_media":594366,"comment_status":"","ping_status":"","sticky":false,"template":"","format":"standard","meta":{"footnotes":""},"categories":[1851],"tags":[2770,3364,29,548,663,3934,30,13,17318,14,15,859,12],"class_list":{"0":"post-594365","1":"post","2":"type-post","3":"status-publish","4":"format-standard","5":"has-post-thumbnail","7":"category-chemnitz","8":"tag-chemnitz","9":"tag-de","10":"tag-deutschland","11":"tag-eu","12":"tag-europa","13":"tag-europe","14":"tag-germany","15":"tag-headlines","16":"tag-kriminalitaet-verstoesse","17":"tag-nachrichten","18":"tag-news","19":"tag-sachsen","20":"tag-schlagzeilen"},"share_on_mastodon":{"url":"","error":""},"_links":{"self":[{"href":"https:\/\/www.europesays.com\/de\/wp-json\/wp\/v2\/posts\/594365","targetHints":{"allow":["GET"]}}],"collection":[{"href":"https:\/\/www.europesays.com\/de\/wp-json\/wp\/v2\/posts"}],"about":[{"href":"https:\/\/www.europesays.com\/de\/wp-json\/wp\/v2\/types\/post"}],"author":[{"embeddable":true,"href":"https:\/\/www.europesays.com\/de\/wp-json\/wp\/v2\/users\/2"}],"replies":[{"embeddable":true,"href":"https:\/\/www.europesays.com\/de\/wp-json\/wp\/v2\/comments?post=594365"}],"version-history":[{"count":0,"href":"https:\/\/www.europesays.com\/de\/wp-json\/wp\/v2\/posts\/594365\/revisions"}],"wp:featuredmedia":[{"embeddable":true,"href":"https:\/\/www.europesays.com\/de\/wp-json\/wp\/v2\/media\/594366"}],"wp:attachment":[{"href":"https:\/\/www.europesays.com\/de\/wp-json\/wp\/v2\/media?parent=594365"}],"wp:term":[{"taxonomy":"category","embeddable":true,"href":"https:\/\/www.europesays.com\/de\/wp-json\/wp\/v2\/categories?post=594365"},{"taxonomy":"post_tag","embeddable":true,"href":"https:\/\/www.europesays.com\/de\/wp-json\/wp\/v2\/tags?post=594365"}],"curies":[{"name":"wp","href":"https:\/\/api.w.org\/{rel}","templated":true}]}}