{"id":594369,"date":"2025-11-22T14:06:13","date_gmt":"2025-11-22T14:06:13","guid":{"rendered":"https:\/\/www.europesays.com\/de\/594369\/"},"modified":"2025-11-22T14:06:13","modified_gmt":"2025-11-22T14:06:13","slug":"der-weihnachtsmarkt-an-schloss-wickrath-hat-eroeffnet","status":"publish","type":"post","link":"https:\/\/www.europesays.com\/de\/594369\/","title":{"rendered":"Der Weihnachtsmarkt an Schloss Wickrath hat er\u00f6ffnet"},"content":{"rendered":"<p class=\"text_ohne_einzug richtext text-em-55 !leading-serif mx-6 desktop:mx-0\"> Der Duft von gebrannten Mandeln, hei\u00dfem Gl\u00fchwein oder Eierpunsch, w\u00e4rmende Feuerschalen und 45 Verkaufsbuden aus Holz sorgen zurzeit f\u00fcr romantische Stimmung am barocken Wasserschloss. Seit f\u00fcnf Jahren findet hier der Wickrather <a href=\"https:\/\/rp-online.de\/thema\/weihnachtsmarkt\/\" target=\"_blank\" rel=\"noopener\">Weihnachtsmarkt<\/a> statt. An den bevorstehenden vier Adventswochenenden laden die Teilnehmer aus ganz Nordrhein-Westfalen zu einem ausgedehnten Bummel ein.<\/p>\n","protected":false},"excerpt":{"rendered":"Der Duft von gebrannten Mandeln, hei\u00dfem Gl\u00fchwein oder Eierpunsch, w\u00e4rmende Feuerschalen und 45 Verkaufsbuden aus Holz sorgen zurzeit&hellip;\n","protected":false},"author":2,"featured_media":594370,"comment_status":"","ping_status":"","sticky":false,"template":"","format":"standard","meta":{"footnotes":""},"categories":[1849],"tags":[142016,3364,29,548,4788,663,3934,30,121981,13,25968,45502,4455,14,15,1209,12,142017,8497,25303,38473,18373],"class_list":{"0":"post-594369","1":"post","2":"type-post","3":"status-publish","4":"format-standard","5":"has-post-thumbnail","7":"category-moenchengladbach","8":"tag-buegler","9":"tag-de","10":"tag-deutschland","11":"tag-eu","12":"tag-euro","13":"tag-europa","14":"tag-europe","15":"tag-germany","16":"tag-gluehwein","17":"tag-headlines","18":"tag-kostet","19":"tag-kulisse","20":"tag-moenchengladbach","21":"tag-nachrichten","22":"tag-news","23":"tag-nordrhein-westfalen","24":"tag-schlagzeilen","25":"tag-waermende","26":"tag-weihnachtsmarkt","27":"tag-wickrath","28":"tag-wickrather","29":"tag-zurzeit"},"share_on_mastodon":{"url":"https:\/\/pubeurope.com\/@de\/115593739343793524","error":""},"_links":{"self":[{"href":"https:\/\/www.europesays.com\/de\/wp-json\/wp\/v2\/posts\/594369","targetHints":{"allow":["GET"]}}],"collection":[{"href":"https:\/\/www.europesays.com\/de\/wp-json\/wp\/v2\/posts"}],"about":[{"href":"https:\/\/www.europesays.com\/de\/wp-json\/wp\/v2\/types\/post"}],"author":[{"embeddable":true,"href":"https:\/\/www.europesays.com\/de\/wp-json\/wp\/v2\/users\/2"}],"replies":[{"embeddable":true,"href":"https:\/\/www.europesays.com\/de\/wp-json\/wp\/v2\/comments?post=594369"}],"version-history":[{"count":0,"href":"https:\/\/www.europesays.com\/de\/wp-json\/wp\/v2\/posts\/594369\/revisions"}],"wp:featuredmedia":[{"embeddable":true,"href":"https:\/\/www.europesays.com\/de\/wp-json\/wp\/v2\/media\/594370"}],"wp:attachment":[{"href":"https:\/\/www.europesays.com\/de\/wp-json\/wp\/v2\/media?parent=594369"}],"wp:term":[{"taxonomy":"category","embeddable":true,"href":"https:\/\/www.europesays.com\/de\/wp-json\/wp\/v2\/categories?post=594369"},{"taxonomy":"post_tag","embeddable":true,"href":"https:\/\/www.europesays.com\/de\/wp-json\/wp\/v2\/tags?post=594369"}],"curies":[{"name":"wp","href":"https:\/\/api.w.org\/{rel}","templated":true}]}}