{"id":594373,"date":"2025-11-22T14:08:15","date_gmt":"2025-11-22T14:08:15","guid":{"rendered":"https:\/\/www.europesays.com\/de\/594373\/"},"modified":"2025-11-22T14:08:15","modified_gmt":"2025-11-22T14:08:15","slug":"hessens-hoheiten-feiern-brauchtum-im-biebricher-schloss","status":"publish","type":"post","link":"https:\/\/www.europesays.com\/de\/594373\/","title":{"rendered":"Hessens Hoheiten feiern Brauchtum im Biebricher Schloss"},"content":{"rendered":"<p class=\"paragraph --regular --color\" data-v-7b2e5916=\"\" data-v-0c32301e=\"\">Wiesbaden (dpa\/lhe) &#8211; . Hessens Hoheiten feiern Brauchtum im Biebricher SchlossHessische Weink\u00f6niginnen, Rosenkavaliere und Blumenk\u00f6niginnen aus dem ganzen Land haben sich beim Empfang des Ministerpr\u00e4sidenten in Wiesbaden ein Stelldichein gegeben. Regierungschef Boris Rhein (CDU) und seine Frau Tanja Raab-Rhein begr\u00fc\u00dften knapp 140\u00a0Teilnehmerinnen und Teilnehmer im Biebricher Schloss.<\/p>\n","protected":false},"excerpt":{"rendered":"Wiesbaden (dpa\/lhe) &#8211; . Hessens Hoheiten feiern Brauchtum im Biebricher SchlossHessische Weink\u00f6niginnen, Rosenkavaliere und Blumenk\u00f6niginnen aus dem ganzen&hellip;\n","protected":false},"author":2,"featured_media":594374,"comment_status":"","ping_status":"","sticky":false,"template":"","format":"standard","meta":{"footnotes":""},"categories":[1847],"tags":[3364,29,548,663,3934,30,13,2052,11188,14,15,10236,11189,12,11190,4544],"class_list":{"0":"post-594373","1":"post","2":"type-post","3":"status-publish","4":"format-standard","5":"has-post-thumbnail","7":"category-wiesbaden","8":"tag-de","9":"tag-deutschland","10":"tag-eu","11":"tag-europa","12":"tag-europe","13":"tag-germany","14":"tag-headlines","15":"tag-hessen","16":"tag-main-taunus","17":"tag-nachrichten","18":"tag-news","19":"tag-rhein-main","20":"tag-rheingau","21":"tag-schlagzeilen","22":"tag-untertaunus","23":"tag-wiesbaden"},"share_on_mastodon":{"url":"https:\/\/pubeurope.com\/@de\/115593747185301156","error":""},"_links":{"self":[{"href":"https:\/\/www.europesays.com\/de\/wp-json\/wp\/v2\/posts\/594373","targetHints":{"allow":["GET"]}}],"collection":[{"href":"https:\/\/www.europesays.com\/de\/wp-json\/wp\/v2\/posts"}],"about":[{"href":"https:\/\/www.europesays.com\/de\/wp-json\/wp\/v2\/types\/post"}],"author":[{"embeddable":true,"href":"https:\/\/www.europesays.com\/de\/wp-json\/wp\/v2\/users\/2"}],"replies":[{"embeddable":true,"href":"https:\/\/www.europesays.com\/de\/wp-json\/wp\/v2\/comments?post=594373"}],"version-history":[{"count":0,"href":"https:\/\/www.europesays.com\/de\/wp-json\/wp\/v2\/posts\/594373\/revisions"}],"wp:featuredmedia":[{"embeddable":true,"href":"https:\/\/www.europesays.com\/de\/wp-json\/wp\/v2\/media\/594374"}],"wp:attachment":[{"href":"https:\/\/www.europesays.com\/de\/wp-json\/wp\/v2\/media?parent=594373"}],"wp:term":[{"taxonomy":"category","embeddable":true,"href":"https:\/\/www.europesays.com\/de\/wp-json\/wp\/v2\/categories?post=594373"},{"taxonomy":"post_tag","embeddable":true,"href":"https:\/\/www.europesays.com\/de\/wp-json\/wp\/v2\/tags?post=594373"}],"curies":[{"name":"wp","href":"https:\/\/api.w.org\/{rel}","templated":true}]}}