{"id":594393,"date":"2025-11-22T14:19:11","date_gmt":"2025-11-22T14:19:11","guid":{"rendered":"https:\/\/www.europesays.com\/de\/594393\/"},"modified":"2025-11-22T14:19:11","modified_gmt":"2025-11-22T14:19:11","slug":"berufungsprozess-um-versuchte-erpressung-der-familie-schumacher-managerin-sagt-aus","status":"publish","type":"post","link":"https:\/\/www.europesays.com\/de\/594393\/","title":{"rendered":"Berufungsprozess um versuchte Erpressung der Familie: Schumacher-Managerin sagt aus"},"content":{"rendered":"<p class=\"richtext text-em-55 !leading-serif mx-6 desktop:mx-0\">\u201eDer Vertrauensbruch hat dazu gef\u00fchrt, dass die Familie den Leuten, die f\u00fcr sie arbeiten, mit mehr Abstand gegen\u00fcbertritt, dass sie vorsichtiger ist\u201c, sagte Schumacher-Managerin Sabine Kehm als Zeugin im Berufungsprozess um den Erpressungsversuch am Landgericht.<\/p>\n<p class=\"richtext text-em-55 !leading-serif mx-6 desktop:mx-0\">Die Familie Schumacher war mit der Ver\u00f6ffentlichung privater Fotos und Videos von Michael Schumacher erpresst worden. Sie sollte 15 Millionen Euro zahlen, andernfalls werde man die Bilder im Darknet ver\u00f6ffentlichen. Der fr\u00fchere Rennfahrer wird seit seinem Skiunfall 2013 von seiner Familie und deren Mitarbeitern von der \u00d6ffentlichkeit abgeschirmt. \u201eIch finde es pers\u00f6nlich extrem perfide, dass man das Leid so ausnutzen will, deswegen ist doch klar, dass die Familie ihren Leuten h\u00e4rter gegen\u00fcbertritt\u201c, sagte Kehm. \u201eSelbst wenn man sich trennt und ist nicht gl\u00fccklich dar\u00fcber, dann rechtfertigt das so etwas nicht. Corinna verfolgt das schon mit Verbitterung\u201c, sagte die 60-J\u00e4hrige. \u201eUnd es ist doch klar, dass gewisse Medien wieder Fotografen an das Gel\u00e4nde schicken. Man wird da so ein St\u00fcck weit unfrei.\u201c<\/p>\n<p class=\"richtext text-em-55 !leading-serif mx-6 desktop:mx-0\">Das Amtsgericht Wuppertal hatte den mehrfach vorbestraften Hauptangeklagten (54) im Februar wegen versuchter Erpressung in einem besonders schweren Fall zu drei Jahren Haft verurteilt. Ein ehemaliger Sicherheitsmitarbeiter (54) der Familie wurde wegen Beihilfe zu zwei Jahren Haft auf Bew\u00e4hrung und 2400 Euro Geldauflage verurteilt. Im Berufungsprozess vor dem Landgericht will der Sicherheitsmitarbeiter einen Freispruch erreichen, die Schumacherfamilie, die als Nebenkl\u00e4ger im Prozess auftritt, dass der Sicherheitsmitarbeiter nicht nur als Gehilfe, sondern als Mitt\u00e4ter und damit h\u00e4rter bestraft wird. Drei weitere Verhandlungstage sind bis Anfang Dezember angesetzt.  dpa<\/p>\n","protected":false},"excerpt":{"rendered":"\u201eDer Vertrauensbruch hat dazu gef\u00fchrt, dass die Familie den Leuten, die f\u00fcr sie arbeiten, mit mehr Abstand gegen\u00fcbertritt,&hellip;\n","protected":false},"author":2,"featured_media":594394,"comment_status":"","ping_status":"","sticky":false,"template":"","format":"standard","meta":{"footnotes":""},"categories":[1840],"tags":[121598,3364,29,34273,141631,553,142025,30,142026,60453,96878,1209,1269,6876,138610,138611,47847,18314,4418],"class_list":{"0":"post-594393","1":"post","2":"type-post","3":"status-publish","4":"format-standard","5":"has-post-thumbnail","7":"category-wuppertal","8":"tag-berufungsprozess","9":"tag-de","10":"tag-deutschland","11":"tag-erpressung","12":"tag-erpressungsversuch","13":"tag-familie","14":"tag-gegenuebertritt","15":"tag-germany","16":"tag-haerter","17":"tag-leuten","18":"tag-managerin","19":"tag-nordrhein-westfalen","20":"tag-prozess","21":"tag-schumacher","22":"tag-schumacherfamilie","23":"tag-sicherheitsmitarbeiter","24":"tag-versuchte","25":"tag-versuchter","26":"tag-wuppertal"},"share_on_mastodon":{"url":"https:\/\/pubeurope.com\/@de\/115593791310023872","error":""},"_links":{"self":[{"href":"https:\/\/www.europesays.com\/de\/wp-json\/wp\/v2\/posts\/594393","targetHints":{"allow":["GET"]}}],"collection":[{"href":"https:\/\/www.europesays.com\/de\/wp-json\/wp\/v2\/posts"}],"about":[{"href":"https:\/\/www.europesays.com\/de\/wp-json\/wp\/v2\/types\/post"}],"author":[{"embeddable":true,"href":"https:\/\/www.europesays.com\/de\/wp-json\/wp\/v2\/users\/2"}],"replies":[{"embeddable":true,"href":"https:\/\/www.europesays.com\/de\/wp-json\/wp\/v2\/comments?post=594393"}],"version-history":[{"count":0,"href":"https:\/\/www.europesays.com\/de\/wp-json\/wp\/v2\/posts\/594393\/revisions"}],"wp:featuredmedia":[{"embeddable":true,"href":"https:\/\/www.europesays.com\/de\/wp-json\/wp\/v2\/media\/594394"}],"wp:attachment":[{"href":"https:\/\/www.europesays.com\/de\/wp-json\/wp\/v2\/media?parent=594393"}],"wp:term":[{"taxonomy":"category","embeddable":true,"href":"https:\/\/www.europesays.com\/de\/wp-json\/wp\/v2\/categories?post=594393"},{"taxonomy":"post_tag","embeddable":true,"href":"https:\/\/www.europesays.com\/de\/wp-json\/wp\/v2\/tags?post=594393"}],"curies":[{"name":"wp","href":"https:\/\/api.w.org\/{rel}","templated":true}]}}