{"id":594455,"date":"2025-11-22T14:59:17","date_gmt":"2025-11-22T14:59:17","guid":{"rendered":"https:\/\/www.europesays.com\/de\/594455\/"},"modified":"2025-11-22T14:59:17","modified_gmt":"2025-11-22T14:59:17","slug":"fussball-schlusslicht-magdeburg-verliert-den-anschluss-sport","status":"publish","type":"post","link":"https:\/\/www.europesays.com\/de\/594455\/","title":{"rendered":"Fu\u00dfball &#8211; Schlusslicht Magdeburg verliert den Anschluss &#8211; Sport"},"content":{"rendered":"<p data-manual=\"paragraph\" data-schema-org-speakable=\"true\" class=\"css-1eosz7k\">Magdeburg (dpa) &#8211; Der 1. FC\u00a0Magdeburg verliert in der <a href=\"https:\/\/www.sueddeutsche.de\/thema\/2._Bundesliga\" target=\"_blank\" rel=\"noopener\">2. Bundesliga<\/a> den Kontakt zu den Nichtabstiegspl\u00e4tzen. In D\u00fcsseldorf unterlag ein zu harmloser FCM mit 1:2 (0:1). Cedric Itten (37., 90.+5) traf f\u00fcr D\u00fcsseldorf, ein Eigentor von Christopher Lenz (88.) sorgte f\u00fcr den kurzzeitigen Ausgleich. Magdeburg hat als Tabellenletzter sechs Punkte R\u00fcckstand auf die Nichtabstiegsr\u00e4nge.<\/p>\n<p data-manual=\"paragraph\" data-schema-org-speakable=\"true\" class=\"css-1eosz7k\">\u201eEs bringt jetzt nichts, auf die Jungs draufzuhauen, aber auch nichts, alle in den Arm zu nehmen und zu sagen, wir spielen super <a href=\"https:\/\/www.sueddeutsche.de\/thema\/Fu%C3%9Fball\" target=\"_blank\" rel=\"noopener\">Fu\u00dfball<\/a>. Das ist Ergebnissport und wir liefern die Ergebnisse nicht\u201c, sagte FCM-Trainer Petrik Sander und erg\u00e4nzte: \u201eWir haben auch eine Verantwortung der Region gegen\u00fcber, dem Verein gegen\u00fcber und denen, die in der Kurve stehen.\u201c<\/p>\n<p data-manual=\"paragraph\" data-schema-org-speakable=\"true\" class=\"css-1eosz7k\">Etwas \u00fcberraschend bot Sander Mateusz Zukowski von Beginn an in der Offensive auf, zudem kehrte Tobias M\u00fcller nach seiner Verletzung in Bochum in die Innenverteidigung zur\u00fcck. In den ersten zw\u00f6lf Minuten gab es als Zeichen des Protests keinen organisierten Support, Fortuna verpasste durch Christian Rasmussen die fr\u00fche F\u00fchrung (4.).\u00a0<\/p>\n<p>Medizinischer Notfall &#8211; Fans stellen Support ein<\/p>\n<p data-manual=\"paragraph\" data-schema-org-speakable=\"true\" class=\"css-1eosz7k\">Aufgrund eines medizinischen Notfalls im Stadion stellten beide Fanlager den Support auch nach den ersten zw\u00f6lf Minuten ein. Auf dem Rasen blieb Magdeburg spielbestimmend, aber harmlos. Auf der Gegenseite war Fortuna zwar noch seltener gef\u00e4hrlich, Itten (37.) besorgte aber die F\u00fchrung, auch wenn der FCM ein Foul an Baris Atik in der Entstehung monierte.<\/p>\n<p data-manual=\"paragraph\" data-schema-org-speakable=\"true\" class=\"css-1eosz7k\">Magdeburg kam mit Schwung aus der Kabine, suchte jetzt zielstrebig den Abschluss, doch D\u00fcsseldorf brachte immer noch ein Bein oder Torwart Florian Kastenmeier dazwischen. Der FCM blieb die aktivere Mannschaft und belohnte sich schlie\u00dflich: Einen Ball von Philipp Hercher f\u00e4lschte Lenz ins eigene Tor ab (88.). In der Nachspielzeit zerst\u00f6rte Ittens zweites Tor jedoch die Hoffnung auf den Punktgewinn.<\/p>\n<p data-manual=\"paragraph\" data-schema-org-speakable=\"true\" class=\"css-1eosz7k\">Der <a href=\"https:\/\/www.sueddeutsche.de\/thema\/1._FC_Magdeburg\" target=\"_blank\" rel=\"noopener\">1. FC Magdeburg<\/a> muss einen neuen Plan entwickeln, wie die Klasse gehalten werden soll. Am Engagement der Spieler liegt die Krise nicht. Aber offensiv wie defensiv sind die Elbest\u00e4dter so nicht wettbewerbsf\u00e4hig.<\/p>\n<p data-manual=\"paragraph\" data-schema-org-speakable=\"true\" class=\"css-1eosz7k\">\u00a9 dpa-infocom, dpa:251122-930-326980\/1<\/p>\n","protected":false},"excerpt":{"rendered":"Magdeburg (dpa) &#8211; Der 1. FC\u00a0Magdeburg verliert in der 2. Bundesliga den Kontakt zu den Nichtabstiegspl\u00e4tzen. In D\u00fcsseldorf&hellip;\n","protected":false},"author":2,"featured_media":594456,"comment_status":"","ping_status":"","sticky":false,"template":"","format":"standard","meta":{"footnotes":""},"categories":[1831],"tags":[7973,621,3364,29,3405,3132,347,30,36606,1209,860,265,149],"class_list":{"0":"post-594455","1":"post","2":"type-post","3":"status-publish","4":"format-standard","5":"has-post-thumbnail","7":"category-duesseldorf","8":"tag-1-fc-magdeburg","9":"tag-2-bundesliga","10":"tag-de","11":"tag-deutschland","12":"tag-duesseldorf","13":"tag-fortuna-duesseldorf","14":"tag-fussball","15":"tag-germany","16":"tag-merkur-spiel-arena","17":"tag-nordrhein-westfalen","18":"tag-sachsen-anhalt","19":"tag-sport","20":"tag-sueddeutsche-zeitung"},"share_on_mastodon":{"url":"","error":""},"_links":{"self":[{"href":"https:\/\/www.europesays.com\/de\/wp-json\/wp\/v2\/posts\/594455","targetHints":{"allow":["GET"]}}],"collection":[{"href":"https:\/\/www.europesays.com\/de\/wp-json\/wp\/v2\/posts"}],"about":[{"href":"https:\/\/www.europesays.com\/de\/wp-json\/wp\/v2\/types\/post"}],"author":[{"embeddable":true,"href":"https:\/\/www.europesays.com\/de\/wp-json\/wp\/v2\/users\/2"}],"replies":[{"embeddable":true,"href":"https:\/\/www.europesays.com\/de\/wp-json\/wp\/v2\/comments?post=594455"}],"version-history":[{"count":0,"href":"https:\/\/www.europesays.com\/de\/wp-json\/wp\/v2\/posts\/594455\/revisions"}],"wp:featuredmedia":[{"embeddable":true,"href":"https:\/\/www.europesays.com\/de\/wp-json\/wp\/v2\/media\/594456"}],"wp:attachment":[{"href":"https:\/\/www.europesays.com\/de\/wp-json\/wp\/v2\/media?parent=594455"}],"wp:term":[{"taxonomy":"category","embeddable":true,"href":"https:\/\/www.europesays.com\/de\/wp-json\/wp\/v2\/categories?post=594455"},{"taxonomy":"post_tag","embeddable":true,"href":"https:\/\/www.europesays.com\/de\/wp-json\/wp\/v2\/tags?post=594455"}],"curies":[{"name":"wp","href":"https:\/\/api.w.org\/{rel}","templated":true}]}}