{"id":594662,"date":"2025-11-22T17:12:50","date_gmt":"2025-11-22T17:12:50","guid":{"rendered":"https:\/\/www.europesays.com\/de\/594662\/"},"modified":"2025-11-22T17:12:50","modified_gmt":"2025-11-22T17:12:50","slug":"schleswig-holstein-aktuell-nachrichten-im-ueberblick-116","status":"publish","type":"post","link":"https:\/\/www.europesays.com\/de\/594662\/","title":{"rendered":"Schleswig-Holstein aktuell: Nachrichten im \u00dcberblick"},"content":{"rendered":"<p>        <img decoding=\"async\" src=\"https:\/\/www.europesays.com\/de\/wp-content\/uploads\/2025\/10\/nachrichtenkompakt126.webp\" alt=\"Grafik: Eine Sprechblase, in der die Kontur des Landes Schleswig-Holstein abgebildet ist.\" title=\"Grafik: Eine Sprechblase, in der die Kontur des Landes Schleswig-Holstein abgebildet ist. | NDR\" class=\"responsive\"\/><\/p>\n<p>\n            Stand: 22.11.2025 17:53 Uhr<\/p>\n<p class=\"preface\">Nachrichten aus Schleswig-Holstein vom 22. November 2025 &#8211; kompakt und aktuell im Newsblog von NDR SH: Lesen Sie hier im \u00dcberblick, was im Land passiert und noch wichtig wird.<\/p>\n<p class=\"\"><strong>Das Wichtigste in K\u00fcrze:<\/strong><\/p>\n<p>\n        16:40 Uhr\n    <\/p>\n<p>    G\u00fcnther bleibt Landeschef der Nord-CDU<\/p>\n<p class=\"\">Daniel G\u00fcnther bleibt Landeschef der Nord-CDU. Die Delegierten <a href=\"https:\/\/www.ndr.de\/nachrichten\/schleswig-holstein\/parteitag-in-neumuenster-guenther-bleibt-landeschef-der-nord-cdu,parteitagcdu-100.html\" title=\"Parteitag in Neum\u00fcnster: G\u00fcnther bleibt Landeschef der Nord-CDU\" target=\"_blank\" rel=\"noopener\">w\u00e4hlten ihn auf einem Landesparteitag in Neum\u00fcnster mit 94,4 Prozent der Stimmen<\/a>. Der 52-j\u00e4hrige Ministerpr\u00e4sident wird seine Partei auch in die Landtagswahl 2027 f\u00fchren. Das Wahlergebnis auf dem Parteitag nannte er herausragend &#8211; das gebe richtig R\u00fcckenwind. Zugleich sieht sich G\u00fcnther in seinem politischen Kurs best\u00e4tigt. Sein Ziel sei es, dass die AfD auch bei der kommenden Wahl nicht in den Landtag einziehe. Als Gastredner hob Au\u00dfenminister Johann Wadephul mit Blick auf die Arbeit der Bundesregierung hervor, kommunikativ und im Handeln m\u00fcsse man noch besser werden. Deutschland wolle und m\u00fcsse Stabilit\u00e4tsfaktor f\u00fcr die Welt sein. | NDR Schleswig-Holstein 22.11.2025 17:00 Uhr<\/p>\n<p>        <img decoding=\"async\" src=\"https:\/\/www.europesays.com\/de\/wp-content\/uploads\/2025\/11\/parteitagcdu-156.webp\" alt=\"Daniel G\u00fcnther (CDU), Ministerpr\u00e4sident von Schleswig-Holstein, steht mit einem Blumenstrau\u00df neben Karin Prien-\" title=\"Daniel G\u00fcnther (CDU), Ministerpr\u00e4sident von Schleswig-Holstein, steht mit einem Blumenstrau\u00df neben Karin Prien- | dpa-Bildfunk\" class=\"responsive\" loading=\"lazy\"\/><\/p>\n<p>Die Delegierten w\u00e4hlten ihn auf dem Landesparteitag mit 94,42 Prozent der Stimmen. Das sei mehr, als er zu tr\u00e4umen gewagt habe, so G\u00fcnther.<\/p>\n<p>\n        16:39 Uhr\n    <\/p>\n<p>    Gr\u00fcne SH: Rudow und Freitag bilden neue Doppelspitze<\/p>\n<p class=\"\">Die Gr\u00fcnen haben in <a href=\"https:\/\/www.ndr.de\/nachrichten\/schleswig-holstein\/Neumuenster-Aktuelle-Nachrichten-und-Videos,neumuenster770.html\" title=\"Neum\u00fcnster - Aktuelle Nachrichten und Videos\" target=\"_blank\" rel=\"noopener\">Neum\u00fcnster<\/a> auf ihrem Landesparteitag <a href=\"https:\/\/www.ndr.de\/nachrichten\/schleswig-holstein\/gruene-sh-neuer-landesvorstand-will-sich-gegen-rauen-wind-stellen,gruene-470.html\" title=\"Gr\u00fcne SH: Neuer Landesvorstand will sich gegen &quot;rauen Wind&quot; stellen\" target=\"_blank\" rel=\"noopener\">eine neue Doppelspitze gew\u00e4hlt<\/a>. Lydia Rudow aus <a href=\"https:\/\/www.ndr.de\/nachrichten\/schleswig-holstein\/Kiel-Aktuelle-Nachrichten-News-und-Videos,kiel7262.html\" title=\"Kiel - Aktuelle Nachrichten und Videos\" target=\"_blank\" rel=\"noopener\">Kiel<\/a> folgt auf Anke Erdmann, die den Parteivorsitz abgibt. Der Co-Vorsitzende Gazi Freitag tritt seine dritte Amtszeit an. Rudow, die fr\u00fchere Kieler Fraktionsvorsitzende, wurde mit 80 Prozent der Delegiertenstimmen gew\u00e4hlt. Gazi Freitag erhielt 76 Prozent. Der neue Vorstand soll die Partei in den Landtagswahlkampf f\u00fchren &#8211; \u00fcber die Spitzenkandidatur wollen die Gr\u00fcnen im Sommer entscheiden. | NDR Schleswig-Holstein 22.11.2025 17:00 Uhr<\/p>\n<p>        <img decoding=\"async\" src=\"https:\/\/www.europesays.com\/de\/wp-content\/uploads\/2025\/11\/gruene-482.webp\" alt=\"Lydia Rudow und Gazi Freitag posieren f\u00fcr ein Foto\" title=\"Lydia Rudow und Gazi Freitag posieren f\u00fcr ein Foto | NDR, Balthasar H\u00fcmbs\" class=\"responsive\" loading=\"lazy\"\/><\/p>\n<p>Auf ihrem Parteitag in Neum\u00fcnster haben die Gr\u00fcnen Lydia Rudow und Gazi Freitag als neues F\u00fchrungsduo gew\u00e4hlt.<\/p>\n<p>\n        16:39 Uhr\n    <\/p>\n<p>    Parteikonferenz der SPD SH: K\u00e4mpfer stimmt auf Wahlkampf ein<\/p>\n<p class=\"\">Die SPD hat sich am Sonnabendnachmittag in <a href=\"https:\/\/www.ndr.de\/nachrichten\/schleswig-holstein\/Neumuenster-Aktuelle-Nachrichten-und-Videos,neumuenster770.html\" title=\"Neum\u00fcnster - Aktuelle Nachrichten und Videos\" target=\"_blank\" rel=\"noopener\">Neum\u00fcnster<\/a> zu einer Parteikonferenz getroffen. Vor rund 80 Teilnehmenden hielt der designierte Spitzenkandidat f\u00fcr die Landtagswahl, Kiels Oberb\u00fcrgermeister Ulf K\u00e4mpfer, eine Grundsatzrede. Mit meist ruhiger Stimme skizzierte er ein eher d\u00fcsteres Bild vom Land nach acht Jahren Regierung von Daniel G\u00fcnther (CDU). Er kritisierte einen Bildungsabbau, einen Mangel an bezahlbarem Wohnraum und Probleme in der medizinischen Versorgung. Er warf der jetzigen Landesregierung vor, die Sorgen der Menschen zu ignorieren. Und er machte deutlich, dass er die kommende Landtagswahl gewinnen wolle. | NDR Schleswig-Holstein 22.11.2025 17:00 Uhr<\/p>\n<p>\n        14:31 Uhr\n    <\/p>\n<p>    Kiel: Mehrfamilienhaus nach Brand unbewohnbar<\/p>\n<p class=\"\">In <a href=\"https:\/\/www.ndr.de\/nachrichten\/schleswig-holstein\/Kiel-Aktuelle-Nachrichten-News-und-Videos,kiel7262.html\" title=\"Kiel - Aktuelle Nachrichten und Videos\" target=\"_blank\" rel=\"noopener\">Kiel<\/a> im Stadtteil Gaarden ist die Feuerwehr am Sonnabend im Gro\u00dfeinsatz gewesen. Laut Polizei war gegen 10:20 Uhr <a href=\"https:\/\/www.ndr.de\/nachrichten\/schleswig-holstein\/kiel_neumuenster_ploen_rendsburg-eckernfoerde\/kiel-gaarden-dach-eines-mehrfamilienhauses-brennt,shnews-620.html\" title=\"Kiel-Gaarden: Mehrfamilienhaus nach Brand unbewohnbar\" target=\"_blank\" rel=\"noopener\">das Dach eines Mehrfamilienhauses in Brand geraten<\/a>. Rund zwei Stunden sp\u00e4ter hatte die Feuerwehr den Brand unter Kontrolle. Rund 120 Einsatzkr\u00e4fte von Feuerwehr und Rettungsdienst waren vor Ort. Das Haus ist laut Polizei nicht mehr bewohnbar. Die 72 Bewohner des betroffenen Geb\u00e4udes und der zwei angrenzenden H\u00e4user kommen derzeit in Notunterk\u00fcnften unter, wie eine Sprecherin der Polizei mitteilte. Den Angaben zufolge erlitten zwei Personen leichte Verletzungen durch herunterfallende Gegenst\u00e4nde. Warum das Feuer ausbrach, ermittelt jetzt die Polizei. | NDR Schleswig-Holstein 22.11.2025 15:00 Uhr<\/p>\n<p>        <img decoding=\"async\" src=\"https:\/\/www.europesays.com\/de\/wp-content\/uploads\/2025\/11\/feuer-350.webp\" alt=\"Ein Feuer in einem Dachstuhl im Kieler Stadtteil Gaarden.\" title=\"Ein Feuer in einem Dachstuhl im Kieler Stadtteil Gaarden. | Daniel Friederichs\" class=\"responsive\" loading=\"lazy\"\/><\/p>\n<p>Das Dach war am Sonnabend in Brand geraten &#8211; warum, ist noch unklar. Rund 120 Feuerwehrleute waren im Einsatz.<\/p>\n<p>\n        14:24 Uhr\n    <\/p>\n<p>    L\u00fcbeck: Feuer in Chemiestoffbetrieb<\/p>\n<p class=\"\">Die Feuerwehr <a href=\"https:\/\/www.ndr.de\/nachrichten\/schleswig-holstein\/Luebeck-Aktuelle-Nachrichten-und-Videos-,luebeck2802.html\" title=\"L\u00fcbeck - Aktuelle Nachrichten und Videos\" target=\"_blank\" rel=\"noopener\">L\u00fcbeck<\/a> ist am Sonnabendvormittag zu einem Einsatz in einem Chemiestoffbetrieb ausger\u00fcckt. Den Angaben nach hatte die Brandmeldeanlage einen Alarm ausgel\u00f6st. Die Einsatzkr\u00e4fte entdeckten Rauch in einem Maschinenraum. Mitarbeiterinnen und Mitarbeiter waren zu dem Zeitpunkt nicht im Geb\u00e4ude. Die Feuerwehr l\u00f6schte die Flammen. Etwa 50 Einsatzkr\u00e4fte waren vor Ort. Gef\u00e4hrliche Stoffe wurden nicht freigesetzt. | NDR Schleswig-Holstein 22.11.2025 14:00 Uhr<\/p>\n<p>\n        11:51 Uhr\n    <\/p>\n<p>    Wasserrohrbruch in Eddelak im Kreis Dithmarschen<\/p>\n<p class=\"\">Ein Wasserrohbruch in Eddelak bei Brunsb\u00fcttel (<a href=\"https:\/\/www.ndr.de\/nachrichten\/schleswig-holstein\/Dithmarschen-Aktuelle-Nachrichten-und-Videos,dithmarschen254.html\" title=\"Dithmarschen - Aktuelle Nachrichten und Videos\" target=\"_blank\" rel=\"noopener\">Kreis Dithmarschen<\/a>) hat seit dem Samstagmorgen etwa 30 Einsatzkr\u00e4fte von Feuerwehr und dem zust\u00e4ndigem Wasserverband besch\u00e4ftigt. Eine Wasserhauptleitung war in H\u00f6he eines Wohnhauses in der Nacht auf f\u00fcnf Meter L\u00e4nge gebrochen &#8211; laut Gesch\u00e4ftsf\u00fchrer des Wasserverbands S\u00fcderdithmarschen war es wohl schon sehr alt. Der leicht absch\u00fcssig liegende Garten und das Grundst\u00fcck wurden \u00fcberschwemmt. Das Wasser erreichte teilweise eine H\u00f6he von bis zu 50 Zentimetern. Die Feuerwehr machte sich daran, das Wasser abzupumpen. Die umliegenden H\u00e4user hatten weiterhin Wasser, allerdings mit geringerem Wasserdruck. Noch bis Montag wird die Stra\u00dfe gesperrt sein. | NDR Schleswig-Holstein 22.11.2025 10:00 Uhr<\/p>\n<p>\n        11:46 Uhr\n    <\/p>\n<p>    Nordkirche f\u00fchrt einheitliche Regeln f\u00fcr Amtshandlungen ein<\/p>\n<p class=\"\">Die Nordkirche f\u00fchrt von 2026 an einheitliche Regeln f\u00fcr Taufen, Konfirmationen, das Abendmahl und andere Rituale ein. Das hat die Landessynode am Freitag in <a href=\"https:\/\/www.ndr.de\/nachrichten\/schleswig-holstein\/Luebeck-Aktuelle-Nachrichten-und-Videos-,luebeck2802.html\" title=\"L\u00fcbeck - Aktuelle Nachrichten und Videos\" target=\"_blank\" rel=\"noopener\">L\u00fcbeck<\/a>-Travem\u00fcnde beschlossen. Das Reformpaket sieht unter anderem vor, dass Taufpaten nicht mehr der Kirche angeh\u00f6ren m\u00fcssen und beim Abendmahl auch Traubensaft verwendet werden kann. Der evangelischen Landeskirche geh\u00f6ren in Schleswig-Holstein und Hamburg knapp 1,5 Millionen Mitglieder an. | NDR Schleswig-Holstein 22.11.2025 10:00 Uhr<\/p>\n<p>\n        11:43 Uhr\n    <\/p>\n<p>    Gro\u00dfrazzia gegen illegales Gl\u00fccksspiel<\/p>\n<p class=\"\">Die Polizei hat in <a href=\"https:\/\/www.ndr.de\/nachrichten\/schleswig-holstein\/Luebeck-Aktuelle-Nachrichten-und-Videos-,luebeck2802.html\" title=\"L\u00fcbeck - Aktuelle Nachrichten und Videos\" target=\"_blank\" rel=\"noopener\">L\u00fcbeck<\/a> und Umgebung bei einer Gro\u00dfrazzia in der Nacht zum Sonnabend Wohnungen und Gewerber\u00e4ume durchsucht. Dabei ging es nach Angaben der Beamten um illegales Gl\u00fccksspiel. Mehr als 200 Einsatzkr\u00e4fte waren im Einsatz. Sie beschlagnahmten 45 illegale Spielautomaten, Waffen und Drogen &#8211; und auch Wertgegenst\u00e4nde und Immobilien in Millionenh\u00f6he. Weitere Durchsuchungen gab es in Hamburg sowie in den Kreisen <a href=\"https:\/\/www.ndr.de\/nachrichten\/schleswig-holstein\/Stormarn-Aktuelle-Nachrichten-und-Videos,stormarn148.html\" title=\"Stormarn - Aktuelle Nachrichten und Videos\" target=\"_blank\" rel=\"noopener\">Stormarn<\/a> und <a href=\"https:\/\/www.ndr.de\/nachrichten\/schleswig-holstein\/Ostholstein-Aktuelle-Nachrichten-und-Videos,ostholstein126.html\" title=\"Ostholstein - Aktuelle Nachrichten und Videos\" target=\"_blank\" rel=\"noopener\">Ostholstein<\/a>. | NDR Schleswig-Holstein 22.11.2025 09:00 Uhr<\/p>\n<p>\n        11:42 Uhr\n    <\/p>\n<p>    FC Flensburg Handewitt feiert Sieg gegen MT Melsungen<\/p>\n<p class=\"\">In der Handball Bundesliga hat die SG Flensburg-Handewitt den SC Magdeburg f\u00fcr einen Tag von der Tabellenspitze verdr\u00e4ngt. <a href=\"https:\/\/www.ndr.de\/sport\/handball\/Handball-SG-Flensburg-Handewitt-MT-Melsungen,flensburg-handewitt-208.html\" title=\"Handball-Bundesliga-SG-Flensburg-Handewitt-MT-Melsungen: 35:32 bei Melsungen - Flensburg-Handewitt macht einfach weiter\" target=\"_blank\" rel=\"noopener\">Flensburg feierte einen 35:32-Erfolg bei der MT Melsungen<\/a>. Fast \u00fcber die gesamte Spielzeit kontrollierten die Flensburger die Partie und trotzdem musste die Mannschaft sehr viel investieren, um die MT Melsungen zu besiegen. Das lag in der ersten Halbzeit an der SG, die zu viele Chancen auslie\u00df und so nur mit einer knappen 16:14-F\u00fchrung in die zweite H\u00e4lfte startete. Und der Vorsprung war schnell dahin &#8211; bis zum 20:20 hofften die Hessen auf zumindest einen Punkt, doch dann konnten die Flensburger mit vier Treffern in Folge f\u00fcr die Vorentscheidung sorgen. | NDR Schleswig-Holstein 22.11.2025 09:00 Uhr<\/p>\n<p>        <img decoding=\"async\" src=\"https:\/\/www.europesays.com\/de\/wp-content\/uploads\/2025\/11\/flensburg-254.webp\" alt=\"Flensburgs Emil Manfeldt Jakobsen jubelt\" title=\"Flensburgs Emil Manfeldt Jakobsen jubelt | Imago Images\/Eibner-Pressefoto\" class=\"responsive\" loading=\"lazy\"\/><\/p>\n<p>Die Norddeutschen haben sich von der ersten Niederlage der Saison nicht aus der Bahn werfen lassen. Der Sieg in Melsungen war souver\u00e4n.<\/p>\n<p>\n        11:40 Uhr\n    <\/p>\n<p>    Mehrere Gl\u00e4tteunf\u00e4lle in SH<\/p>\n<p class=\"\">Auf glatten Stra\u00dfen haben sich in Schleswig-Holstein einige Gl\u00e4tteunf\u00e4lle ereignet. Am meisten Unf\u00e4lle gab es laut den Polizeileitstellen im Bereich <a href=\"https:\/\/www.ndr.de\/nachrichten\/schleswig-holstein\/Kiel-Aktuelle-Nachrichten-News-und-Videos,kiel7262.html\" title=\"Kiel - Aktuelle Nachrichten und Videos\" target=\"_blank\" rel=\"noopener\">Kiel<\/a>, in den Kreisen <a href=\"https:\/\/www.ndr.de\/nachrichten\/schleswig-holstein\/Kreis-Rendsburg-Eckernfoerde-Aktuelle-Nachrichten-und-Videos,rendsburgeckernfoerde118.html\" title=\"Kreis Rendsburg-Eckernf\u00f6rde - Aktuelle Nachrichten und Videos\" target=\"_blank\" rel=\"noopener\">Rendsburg-Eckernf\u00f6rde<\/a> und <a href=\"https:\/\/www.ndr.de\/nachrichten\/schleswig-holstein\/Kreis-Ploen-Aktuelle-Nachrichten-und-Videos,ploen198.html\" title=\"Kreis Pl\u00f6n - Aktuelle Nachrichten und Videos\" target=\"_blank\" rel=\"noopener\">Pl\u00f6n<\/a>. Insgesamt gab es demnach sieben Unf\u00e4lle, dabei blieb es bei Blechsch\u00e4den. Auch E-Scooter seien ausgerutscht. Im Norden des Landes war ein Lkw auf der <a href=\"https:\/\/www.ndr.de\/verkehr\/A7-News-zu-Unfaellen-und-Baustellen-im-Norden-der-Autobahn,asieben288.html\" title=\"A7 - News zu Unf\u00e4llen und Baustellen im Norden der Autobahn\" target=\"_blank\" rel=\"noopener\">A7<\/a> in H\u00f6he Jagel (<a href=\"https:\/\/www.ndr.de\/nachrichten\/schleswig-holstein\/Kreis-Schleswig-Flensburg-Aktuelle-Nachrichten-und-Videos,schleswigflensburg118.html\" title=\"Kreis Schleswig-Flensburg - Aktuelle Nachrichten und Videos\" target=\"_blank\" rel=\"noopener\">Kreis Schleswig-Flensburg<\/a>) in einen Graben gerutscht &#8211; wom\u00f6glich, weil die Autobahn glatt war. Auch dabei wurde aber niemand verletzt. Wegen Bergungsarbeiten musste die Autobahn in Richtung S\u00fcden gesperrt werden. | NDR Schleswig-Holstein 22.11.2025 08:00 Uhr<\/p>\n<p>\n        11:27 Uhr\n    <\/p>\n<p>    Ab 2026 wohl Pendlerstress zwischen Pl\u00f6n und Kiel<\/p>\n<p class=\"\">Berufspendler m\u00fcssen ab dem kommenden Jahr zwischen <a href=\"https:\/\/www.ndr.de\/nachrichten\/schleswig-holstein\/Kreis-Ploen-Aktuelle-Nachrichten-und-Videos,ploen198.html\" title=\"Kreis Pl\u00f6n - Aktuelle Nachrichten und Videos\" target=\"_blank\" rel=\"noopener\">Pl\u00f6n<\/a> und <a href=\"https:\/\/www.ndr.de\/nachrichten\/schleswig-holstein\/Kiel-Aktuelle-Nachrichten-News-und-Videos,kiel7262.html\" title=\"Kiel - Aktuelle Nachrichten und Videos\" target=\"_blank\" rel=\"noopener\">Kiel<\/a> mehr Zeit einplanen. Sowohl auf der Stra\u00dfe als auch auf Schiene <a href=\"https:\/\/www.ndr.de\/nachrichten\/schleswig-holstein\/bahn-und-auto-pendlerstress-2026-zwischen-ploen-und-preetz,regionkielnews-970.html\" title=\"Bahn und Auto: Pendlerstress zwischen Kiel und Pl\u00f6n im Fr\u00fchjahr?\" target=\"_blank\" rel=\"noopener\">wird gebaut<\/a>. Das teilten der Landesbetrieb Stra\u00dfenbau und Verkehr (LBV.SH) und die Deutsche Bahn mit. Die <a href=\"https:\/\/www.ndr.de\/nachrichten\/schleswig-holstein\/B76-News-zu-Unfaellen-Sperrungen-und-Baustellen-auf-der-Bundesstrasse,thema162.html\" title=\"B76 - News zu Unf\u00e4llen, Sperrungen und Baustellen auf der Bundesstra\u00dfe\" target=\"_blank\" rel=\"noopener\">B76<\/a> wird f\u00fcr zwei Jahre voll gesperrt werden. Auf der Strecke zwischen Pl\u00f6n und Preetz wird nach Angaben des LBV.SH die Fahrbahn erneuert. Die Deutsche Bahn sagte auf Anfrage von NDR Schleswig-Holstein, dass auch auf der Schiene zwischen Kiel und Preetz gebaut werden soll &#8211; f\u00fcr rund eineinhalb Monate ab Mitte April 2026. Eine gleichzeitige Sperrung lie\u00dfe sich nicht verhindern, hie\u00df es unter anderem von NAH.SH. | NDR Schleswig-Holstein 22.11.2025 08:00 Uhr<\/p>\n<p>        <img decoding=\"async\" src=\"https:\/\/www.europesays.com\/de\/wp-content\/uploads\/2025\/11\/sperrung-126.webp\" alt=\"Ein Schild wei\u00dft Autofahrer auf eine Umleitung hin.\" title=\"Ein Schild wei\u00dft Autofahrer auf eine Umleitung hin. | picture alliance \/ CHROMORANGE | Michael Bihlmayer\" class=\"responsive\" loading=\"lazy\"\/><\/p>\n<p>Die B76 wird zur Baustelle &#8211; auch die Bahnstrecke zwischen Kiel und Preetz wird gesperrt. Eine lange Umleitung bereitet Sorgen.<\/p>\n<p>\n        01.07.2025 06:36 Uhr\n    <\/p>\n<p>    Das Wetter in Schleswig-Holstein<\/p>\n<p class=\"\">Am Sonnabend ist es nachmittags im Norden st\u00e4rker bew\u00f6lkt, am ehesten nach <a href=\"https:\/\/www.ndr.de\/nachrichten\/schleswig-holstein\/Nordfriesland-Aktuelle-Nachrichten-und-Videos,nordfriesland174.html\" title=\"Nordfriesland - Aktuelle Nachrichten und Videos\" target=\"_blank\" rel=\"noopener\">Nordfriesland<\/a> und vereinzelt Angeln hin gibt es geringen Regen oder einzelne schwache Schauer. S\u00fcdlich vom Kanal scheint etwas mehr Sonne und es ist meist trocken. Die H\u00f6chstwerte liegen bei 3 Grad in Lauenburg (<a href=\"https:\/\/www.ndr.de\/nachrichten\/schleswig-holstein\/Herzogtum-Lauenburg-Aktuelle-Nachrichten-und-Videos,herzogtumlauenburg126.html\" title=\"Herzogtum Lauenburg - Aktuelle Nachrichten und Videos\" target=\"_blank\" rel=\"noopener\">Kreis Herzogtum-Lauenburg<\/a>) und bis 8 Grad auf den Halligen. Es weht schwacher bis m\u00e4\u00dfiger, an der See m\u00e4\u00dfiger bis frischer S\u00fcdwestwind mit starken, an der Nordsee in exponierten Insellagen teils auch st\u00fcrmischen B\u00f6en. | NDR Schleswig-Holstein 22.11.2025 12:00 Uhr<\/p>\n<p>        <img decoding=\"async\" src=\"https:\/\/www.europesays.com\/de\/wp-content\/uploads\/2025\/11\/wetter-5530.webp\" alt=\"Wetterexperte Sebastian Wache steht im Studio mit der Wettervorhersage.\" title=\"Wetterexperte Sebastian Wache steht im Studio mit der Wettervorhersage. | NDR\" class=\"responsive\" loading=\"lazy\"\/><\/p>\n<p>NDR Schleswig-Holstein Wetterexperte Sebastian Wache mit den Aussichten f\u00fcr den 23. November und die kommenden Tage.<\/p>\n<p>        <img decoding=\"async\" src=\"https:\/\/www.europesays.com\/de\/wp-content\/uploads\/2025\/10\/podcastlogo104.webp\" alt=\"Ein Mikrofon vor zwei Menschen.\" title=\"Ein Mikrofon vor zwei Menschen. | NDR, Janis R\u00f6hlig\" class=\"responsive\" loading=\"lazy\"\/><\/p>\n<p>Alles, was f\u00fcr Schleswig-Holstein wichtig ist: Im Nachrichten-Podcast von NDR 1 Welle Nord h\u00f6ren Sie das Neueste aus Schleswig-Holstein, Deutschland und der Welt.<\/p>\n","protected":false},"excerpt":{"rendered":"Stand: 22.11.2025 17:53 Uhr Nachrichten aus Schleswig-Holstein vom 22. November 2025 &#8211; kompakt und aktuell im Newsblog von&hellip;\n","protected":false},"author":2,"featured_media":516514,"comment_status":"","ping_status":"","sticky":false,"template":"","format":"standard","meta":{"footnotes":""},"categories":[1852],"tags":[590,3364,29,548,663,3934,30,13,4949,17462,14,15,12,1971,17461,1973],"class_list":{"0":"post-594662","1":"post","2":"type-post","3":"status-publish","4":"format-standard","5":"has-post-thumbnail","7":"category-kiel","8":"tag-aktuell","9":"tag-de","10":"tag-deutschland","11":"tag-eu","12":"tag-europa","13":"tag-europe","14":"tag-germany","15":"tag-headlines","16":"tag-kiel","17":"tag-kompakt","18":"tag-nachrichten","19":"tag-news","20":"tag-schlagzeilen","21":"tag-schleswig-holstein","22":"tag-ueberblick","23":"tag-wetter"},"share_on_mastodon":{"url":"https:\/\/pubeurope.com\/@de\/115594481618205000","error":""},"_links":{"self":[{"href":"https:\/\/www.europesays.com\/de\/wp-json\/wp\/v2\/posts\/594662","targetHints":{"allow":["GET"]}}],"collection":[{"href":"https:\/\/www.europesays.com\/de\/wp-json\/wp\/v2\/posts"}],"about":[{"href":"https:\/\/www.europesays.com\/de\/wp-json\/wp\/v2\/types\/post"}],"author":[{"embeddable":true,"href":"https:\/\/www.europesays.com\/de\/wp-json\/wp\/v2\/users\/2"}],"replies":[{"embeddable":true,"href":"https:\/\/www.europesays.com\/de\/wp-json\/wp\/v2\/comments?post=594662"}],"version-history":[{"count":0,"href":"https:\/\/www.europesays.com\/de\/wp-json\/wp\/v2\/posts\/594662\/revisions"}],"wp:featuredmedia":[{"embeddable":true,"href":"https:\/\/www.europesays.com\/de\/wp-json\/wp\/v2\/media\/516514"}],"wp:attachment":[{"href":"https:\/\/www.europesays.com\/de\/wp-json\/wp\/v2\/media?parent=594662"}],"wp:term":[{"taxonomy":"category","embeddable":true,"href":"https:\/\/www.europesays.com\/de\/wp-json\/wp\/v2\/categories?post=594662"},{"taxonomy":"post_tag","embeddable":true,"href":"https:\/\/www.europesays.com\/de\/wp-json\/wp\/v2\/tags?post=594662"}],"curies":[{"name":"wp","href":"https:\/\/api.w.org\/{rel}","templated":true}]}}