{"id":594666,"date":"2025-11-22T17:18:24","date_gmt":"2025-11-22T17:18:24","guid":{"rendered":"https:\/\/www.europesays.com\/de\/594666\/"},"modified":"2025-11-22T17:18:24","modified_gmt":"2025-11-22T17:18:24","slug":"koenigshaus-spendet-2000-euro-fuer-demenzfreundliches-schiefbahn","status":"publish","type":"post","link":"https:\/\/www.europesays.com\/de\/594666\/","title":{"rendered":"K\u00f6nigshaus spendet 2000 Euro f\u00fcr demenzfreundliches Schiefbahn"},"content":{"rendered":"<p class=\"text_ohne_einzug richtext text-em-55 !leading-serif mx-6 desktop:mx-0\">Eine beeindruckende Geste der Solidarit\u00e4t zeigte das Niederheider K\u00f6nigshaus der St. Johannes Bruderschaft 1924 anl\u00e4sslich seines Sch\u00fctzenfestes 2025.<\/p>\n<p class=\"text_ohne_einzug richtext text-em-55 !leading-serif mx-6 desktop:mx-0\">Das K\u00f6nigshaus 2025, bestehend aus K\u00f6nigin Conny Schaps, den Ministerinnen Diana Kurbitz und Carmen Helten sowie K\u00f6nigsoffizierin Bettina Kr\u00f6ppel, hat auf pers\u00f6nliche Geschenke und Blumen verzichtet. Stattdessen hatten sie in den Einladungen und der Festschrift um Spenden f\u00fcr einen guten Zweck gebeten. Die beachtliche Summe von 2.000 Euro kam dabei zusammen und wurde nun an das \u201eBundesf\u00f6rderprojekt Demenzfreundliches Schiefbahn mit Marte Meo\u201c \u00fcbergeben.<\/p>\n<p class=\"text_ohne_einzug richtext text-em-55 !leading-serif mx-6 desktop:mx-0\">Die Scheck\u00fcbergabe fand im Hubertusstift in Schiefbahn statt, wo der Leiter Christoph Venedey und Manfred Hendricks die Spende dankend entgegennahmen. Christoph Venedey und Manfred Hendricks betonten die besondere Wertsch\u00e4tzung f\u00fcr das Engagement der St. Johannes Bruderschaft: \u201eEs ist beeindruckend, dass das K\u00f6nigshaus 2025 anstelle von Blumen und Pr\u00e4senten um eine Spende f\u00fcr unser Bundesf\u00f6rderprojekt bittet.\u201c<\/p>\n<p class=\"text_ohne_einzug richtext text-em-55 !leading-serif mx-6 desktop:mx-0\">Die finanzielle Unterst\u00fctzung sei f\u00fcr das Projekt von unsch\u00e4tzbarem Wert, da sie die Finanzierung von laufenden und zuk\u00fcnftigen Veranstaltungen, Schulungen und Aktionen mit den Netzwerkpartnern erm\u00f6gliche. Das Projekt hat es sich zum Ziel gesetzt, das Thema Demenz st\u00e4rker in den Fokus der Gesellschaft zu r\u00fccken und eine nachhaltige Unterst\u00fctzungs- und Hilfsstruktur f\u00fcr Betroffene zu schaffen.<\/p>\n<p class=\"text_ohne_einzug richtext text-em-55 !leading-serif mx-6 desktop:mx-0\">Das Niederheider K\u00f6nigshaus hat mit seiner Aktion nicht nur eine beachtliche Summe gesammelt, sondern auch ein starkes Zeichen f\u00fcr b\u00fcrgerschaftliches Engagement und soziale Verantwortung gesetzt. Ihr vorbildlicher Einsatz wird dazu beitragen, das wichtige Projekt \u201eDemenzfreundliches Schiefbahn\u201c weiter voranzutreiben und Betroffenen in der Region eine bessere Unterst\u00fctzung zukommen zu lassen.<\/p>\n","protected":false},"excerpt":{"rendered":"Eine beeindruckende Geste der Solidarit\u00e4t zeigte das Niederheider K\u00f6nigshaus der St. Johannes Bruderschaft 1924 anl\u00e4sslich seines Sch\u00fctzenfestes 2025.&hellip;\n","protected":false},"author":2,"featured_media":594667,"comment_status":"","ping_status":"","sticky":false,"template":"","format":"standard","meta":{"footnotes":""},"categories":[1849],"tags":[3364,29,548,663,3934,30,13,4455,14,15,1209,12],"class_list":{"0":"post-594666","1":"post","2":"type-post","3":"status-publish","4":"format-standard","5":"has-post-thumbnail","7":"category-moenchengladbach","8":"tag-de","9":"tag-deutschland","10":"tag-eu","11":"tag-europa","12":"tag-europe","13":"tag-germany","14":"tag-headlines","15":"tag-moenchengladbach","16":"tag-nachrichten","17":"tag-news","18":"tag-nordrhein-westfalen","19":"tag-schlagzeilen"},"share_on_mastodon":{"url":"https:\/\/pubeurope.com\/@de\/115594494198708935","error":""},"_links":{"self":[{"href":"https:\/\/www.europesays.com\/de\/wp-json\/wp\/v2\/posts\/594666","targetHints":{"allow":["GET"]}}],"collection":[{"href":"https:\/\/www.europesays.com\/de\/wp-json\/wp\/v2\/posts"}],"about":[{"href":"https:\/\/www.europesays.com\/de\/wp-json\/wp\/v2\/types\/post"}],"author":[{"embeddable":true,"href":"https:\/\/www.europesays.com\/de\/wp-json\/wp\/v2\/users\/2"}],"replies":[{"embeddable":true,"href":"https:\/\/www.europesays.com\/de\/wp-json\/wp\/v2\/comments?post=594666"}],"version-history":[{"count":0,"href":"https:\/\/www.europesays.com\/de\/wp-json\/wp\/v2\/posts\/594666\/revisions"}],"wp:featuredmedia":[{"embeddable":true,"href":"https:\/\/www.europesays.com\/de\/wp-json\/wp\/v2\/media\/594667"}],"wp:attachment":[{"href":"https:\/\/www.europesays.com\/de\/wp-json\/wp\/v2\/media?parent=594666"}],"wp:term":[{"taxonomy":"category","embeddable":true,"href":"https:\/\/www.europesays.com\/de\/wp-json\/wp\/v2\/categories?post=594666"},{"taxonomy":"post_tag","embeddable":true,"href":"https:\/\/www.europesays.com\/de\/wp-json\/wp\/v2\/tags?post=594666"}],"curies":[{"name":"wp","href":"https:\/\/api.w.org\/{rel}","templated":true}]}}