{"id":594951,"date":"2025-11-22T20:29:12","date_gmt":"2025-11-22T20:29:12","guid":{"rendered":"https:\/\/www.europesays.com\/de\/594951\/"},"modified":"2025-11-22T20:29:12","modified_gmt":"2025-11-22T20:29:12","slug":"verkehrsunfall-mit-zwei-verletzten-personen","status":"publish","type":"post","link":"https:\/\/www.europesays.com\/de\/594951\/","title":{"rendered":"Verkehrsunfall mit zwei verletzten Personen"},"content":{"rendered":"<p class=\"small date article__date\">Ver\u00f6ffentlicht:\u00a0Samstag, 22.11.2025 20:26<\/p>\n<p class=\"article__teaser flow-text abstract\">M\u00f6nchengladbach-Hardterbroich-Pesch, 21.11.2025, 18:10 Uhr, Erzbergerstra\u00dfe (ots) &#8211; <\/p>\n<p><img decoding=\"async\" alt=\"Unfall\" src=\"https:\/\/www.europesays.com\/de\/wp-content\/uploads\/2025\/11\/logo_presseth_unfall_neu.jpg&#038;crop=0x5x644x403&#038;resize=644x403&#038;dt=202511222100010.jpeg\" data-size=\"644x403\"\/><\/p>\n<p>Gegen 18:10 Uhr r\u00fcckte die Feuerwehr zu einem Verkehrsunfall zwischen zwei PKW auf der Erzbergerstra\u00dfe aus. Beim Eintreffen der ersten Rettungskr\u00e4fte hatten beide Fahrer die Fahrzeuge verlassen und waren von Passanten bereits erst versorgt worden. Der Rettungsdienst \u00fcbernahm die weitere Versorgung der Verletzten an der Unfallstelle. Nach einer Sichtung durch einen Notarzt, erfolgte der Transport zur weiteren Behandlung in umliegende Krankenh\u00e4user. Die Einsatzkr\u00e4fte streuten auslaufende Betriebsstoffe mit Bindemittel ab und unterst\u00fctzten die Polizei bei den Aufr\u00e4umarbeiten. F\u00fcr die Dauer des Einsatzes war die Erzberger Stra\u00dfe voll gesperrt.<\/p>\n<p>Im Einsatz waren der Hilfeleistungszug der Feuer- und Rettungswache I (Neuwerk), der R\u00fcstwagen aus dem Technik- und Logistikzentrum (Holt), zwei Rettungswagen, ein Notarzteinsatzfahrzeug sowie der F\u00fchrungsdienst der Berufsfeuerwehr.<\/p>\n<p>Einsatzleiter: Brandamtmann Stephan M\u00fcller<\/p>\n<p>R\u00fcckfragen bitte an:<\/p>\n<p>Stadt M\u00f6nchengladbach Fachbereich 37 &#8211; Feuerwehr F\u00fchrungs- und Lagezentrum Stockholtweg 132 41238 M\u00f6nchengladbach<\/p>\n<p>Telefon: 02166\/9989-0 Fax: 02166\/9989-37729 E-Mail: leitstelle.feuerwehr@moenchengladbach.de http:\/\/www.feuerwehr-mg.de\/<\/p>\n<p> Original-Content von: Feuerwehr M\u00f6nchengladbach, \u00fcbermittelt durch news aktuell<\/p>\n","protected":false},"excerpt":{"rendered":"Ver\u00f6ffentlicht:\u00a0Samstag, 22.11.2025 20:26 M\u00f6nchengladbach-Hardterbroich-Pesch, 21.11.2025, 18:10 Uhr, Erzbergerstra\u00dfe (ots) &#8211; Gegen 18:10 Uhr r\u00fcckte die Feuerwehr zu einem&hellip;\n","protected":false},"author":2,"featured_media":594952,"comment_status":"","ping_status":"","sticky":false,"template":"","format":"standard","meta":{"footnotes":""},"categories":[1849],"tags":[3364,29,548,663,3934,30,13,4455,14,15,1209,12925,12],"class_list":{"0":"post-594951","1":"post","2":"type-post","3":"status-publish","4":"format-standard","5":"has-post-thumbnail","7":"category-moenchengladbach","8":"tag-de","9":"tag-deutschland","10":"tag-eu","11":"tag-europa","12":"tag-europe","13":"tag-germany","14":"tag-headlines","15":"tag-moenchengladbach","16":"tag-nachrichten","17":"tag-news","18":"tag-nordrhein-westfalen","19":"tag-polizeimeldungen","20":"tag-schlagzeilen"},"share_on_mastodon":{"url":"https:\/\/pubeurope.com\/@de\/115595245711228365","error":""},"_links":{"self":[{"href":"https:\/\/www.europesays.com\/de\/wp-json\/wp\/v2\/posts\/594951","targetHints":{"allow":["GET"]}}],"collection":[{"href":"https:\/\/www.europesays.com\/de\/wp-json\/wp\/v2\/posts"}],"about":[{"href":"https:\/\/www.europesays.com\/de\/wp-json\/wp\/v2\/types\/post"}],"author":[{"embeddable":true,"href":"https:\/\/www.europesays.com\/de\/wp-json\/wp\/v2\/users\/2"}],"replies":[{"embeddable":true,"href":"https:\/\/www.europesays.com\/de\/wp-json\/wp\/v2\/comments?post=594951"}],"version-history":[{"count":0,"href":"https:\/\/www.europesays.com\/de\/wp-json\/wp\/v2\/posts\/594951\/revisions"}],"wp:featuredmedia":[{"embeddable":true,"href":"https:\/\/www.europesays.com\/de\/wp-json\/wp\/v2\/media\/594952"}],"wp:attachment":[{"href":"https:\/\/www.europesays.com\/de\/wp-json\/wp\/v2\/media?parent=594951"}],"wp:term":[{"taxonomy":"category","embeddable":true,"href":"https:\/\/www.europesays.com\/de\/wp-json\/wp\/v2\/categories?post=594951"},{"taxonomy":"post_tag","embeddable":true,"href":"https:\/\/www.europesays.com\/de\/wp-json\/wp\/v2\/tags?post=594951"}],"curies":[{"name":"wp","href":"https:\/\/api.w.org\/{rel}","templated":true}]}}