{"id":595414,"date":"2025-11-23T01:41:13","date_gmt":"2025-11-23T01:41:13","guid":{"rendered":"https:\/\/www.europesays.com\/de\/595414\/"},"modified":"2025-11-23T01:41:13","modified_gmt":"2025-11-23T01:41:13","slug":"28-punkte-plan-wohl-nur-aus-moskau-weitergereicht","status":"publish","type":"post","link":"https:\/\/www.europesays.com\/de\/595414\/","title":{"rendered":"28-Punkte-Plan wohl nur aus Moskau weitergereicht"},"content":{"rendered":"<p class=\"text-18 leading-17\">Senator King betonte, dass die Position der Ukraine geh\u00f6rt werden m\u00fcsse. &#8222;Jeder m\u00f6chte, dass dieser Krieg endet \u2013 aber wir wollen, dass er mit einem fairen und gerechten Frieden endet, der die territoriale Integrit\u00e4t und Souver\u00e4nit\u00e4t der Ukraine respektiert, Aggressionen nicht belohnt und zugleich angemessene Sicherheitsgarantien bietet, damit sich etwas wie im Jahr 2022 nicht wiederholt&#8220;.<\/p>\n<p class=\"text-18 leading-17\">Bislang war kolportiert worden, dass der 28-Punkte-Plan zur Beendigung des Krieges zwischen einer US-Delegation und russischen Vertretern in <a class=\"transition-colors duration-200 cursor-pointer text-inherit no-underline text-salemsfur md:hover:text-magenta md:hover:border-magenta md:focus:text-magenta border-current border-b border-solid break-words\" href=\"https:\/\/www.t-online.de\/themen\/moskau\/\" data-sctrack=\"BodyAnchor\" target=\"_blank\" rel=\"noopener\">Moskau<\/a> besprochen wurde. Federf\u00fchrend sei der US-Gesandte Steve Witkoff gewesen. Der vor wenigen Tagen bekannt gewordene Plan soll laut Medienberichten ein Ende des seit 2022 andauernden Krieges erm\u00f6glichen.<\/p>\n<p class=\"text-18 leading-17\">Der Entwurf sieht fast ausschlie\u00dflich ukrainische Zugest\u00e4ndnisse an Russland vor. Dazu geh\u00f6ren Gebietsabtretungen, einen R\u00fcckzug aus Teilen der Ostukraine, Beschr\u00e4nkungen f\u00fcr die Armee sowie einen Verzicht auf einen Nato-Beitritt. F\u00fcr die Ukraine k\u00e4me er einer Kapitulation gleich.<\/p>\n","protected":false},"excerpt":{"rendered":"Senator King betonte, dass die Position der Ukraine geh\u00f6rt werden m\u00fcsse. &#8222;Jeder m\u00f6chte, dass dieser Krieg endet \u2013&hellip;\n","protected":false},"author":2,"featured_media":595415,"comment_status":"","ping_status":"","sticky":false,"template":"","format":"standard","meta":{"footnotes":""},"categories":[3977],"tags":[1217,331,332,26198,142298,365,106,663,142296,13,409,142297,14,15,307,12,142299,317,312,4017,4018,4016,64,4019,4020,306],"class_list":{"0":"post-595414","1":"post","2":"type-post","3":"status-publish","4":"format-standard","5":"has-post-thumbnail","7":"category-usa","8":"tag-1217","9":"tag-aktuelle-nachrichten","10":"tag-aktuelle-news","11":"tag-alarm","12":"tag-angus-king","13":"tag-deal","14":"tag-donald-trump","15":"tag-europa","16":"tag-halifax","17":"tag-headlines","18":"tag-marco-rubio","19":"tag-mike-rounds","20":"tag-nachrichten","21":"tag-news","22":"tag-russland","23":"tag-schlagzeilen","24":"tag-south-dakota","25":"tag-ukraine","26":"tag-ukrainekrieg","27":"tag-united-states","28":"tag-united-states-of-america","29":"tag-us","30":"tag-usa","31":"tag-vereinigte-staaten","32":"tag-vereinigte-staaten-von-amerika","33":"tag-wladimir-putin"},"share_on_mastodon":{"url":"","error":""},"_links":{"self":[{"href":"https:\/\/www.europesays.com\/de\/wp-json\/wp\/v2\/posts\/595414","targetHints":{"allow":["GET"]}}],"collection":[{"href":"https:\/\/www.europesays.com\/de\/wp-json\/wp\/v2\/posts"}],"about":[{"href":"https:\/\/www.europesays.com\/de\/wp-json\/wp\/v2\/types\/post"}],"author":[{"embeddable":true,"href":"https:\/\/www.europesays.com\/de\/wp-json\/wp\/v2\/users\/2"}],"replies":[{"embeddable":true,"href":"https:\/\/www.europesays.com\/de\/wp-json\/wp\/v2\/comments?post=595414"}],"version-history":[{"count":0,"href":"https:\/\/www.europesays.com\/de\/wp-json\/wp\/v2\/posts\/595414\/revisions"}],"wp:featuredmedia":[{"embeddable":true,"href":"https:\/\/www.europesays.com\/de\/wp-json\/wp\/v2\/media\/595415"}],"wp:attachment":[{"href":"https:\/\/www.europesays.com\/de\/wp-json\/wp\/v2\/media?parent=595414"}],"wp:term":[{"taxonomy":"category","embeddable":true,"href":"https:\/\/www.europesays.com\/de\/wp-json\/wp\/v2\/categories?post=595414"},{"taxonomy":"post_tag","embeddable":true,"href":"https:\/\/www.europesays.com\/de\/wp-json\/wp\/v2\/tags?post=595414"}],"curies":[{"name":"wp","href":"https:\/\/api.w.org\/{rel}","templated":true}]}}