{"id":595521,"date":"2025-11-23T02:47:26","date_gmt":"2025-11-23T02:47:26","guid":{"rendered":"https:\/\/www.europesays.com\/de\/595521\/"},"modified":"2025-11-23T02:47:26","modified_gmt":"2025-11-23T02:47:26","slug":"ukraine-selenskyj-will-verteidigungsbranche-wegen-korruptionsverdachts-pruefen","status":"publish","type":"post","link":"https:\/\/www.europesays.com\/de\/595521\/","title":{"rendered":"Ukraine: Selenskyj will Verteidigungsbranche wegen Korruptionsverdachts pr\u00fcfen"},"content":{"rendered":"<p class=\"paragraph article__item\">Nach dem <a href=\"https:\/\/www.zeit.de\/politik\/ausland\/2025-11\/ukraine-korruption-wolodymyr-selenskyj-ruecktritte-minister\" class=\"\" target=\"_blank\" rel=\"noopener\">Korruptionsskandal im ukrainischen Energiesektor<\/a> sollen nun auch m\u00f6gliche Unregelm\u00e4\u00dfigkeiten in der Verteidigungsindustrie untersucht werden. Es werde eine &#8222;vollst\u00e4ndige \u00dcberpr\u00fcfung der staatlichen Verteidigungsunternehmen und der entsprechenden Vertr\u00e4ge&#8220; vorbereitet, schrieb <a href=\"https:\/\/www.zeit.de\/thema\/wolodymyr-selenskyj\" class=\"\" target=\"_blank\" rel=\"noopener\">Pr\u00e4sident Wolodymyr Selenskyj<\/a> in Onlinediensten. &#8222;Alle Erkenntnisse \u00fcber aufgedeckte Verst\u00f6\u00dfe werden an die Strafverfolgungs- und Antikorruptionsbeh\u00f6rden weitergeleitet.&#8220;\n<\/p>\n<p class=\"paragraph article__item\">Das ukrainische Antikorruptionsb\u00fcro (Nabu) hatte k\u00fcrzlich bekannt gegeben, ein &#8222;kriminelles System&#8220; aufgedeckt zu haben, das zur Veruntreuung von 100 Millionen Dollar (etwa 86 Millionen Euro) gef\u00fchrt habe. Der ukrainische Justizminister und die Energieministerin <a href=\"https:\/\/www.zeit.de\/politik\/ausland\/2025-11\/ukraine-korruption-wolodymyr-selenskyj-ruecktritte-minister\" class=\"\" target=\"_blank\" rel=\"noopener\">verloren wegen des Skandals ihre Posten<\/a>. Bei den Ermittlungen waren auch Unregelm\u00e4\u00dfigkeiten in Vertr\u00e4gen zum Schutz des ukrainischen Stromnetzes aufgedeckt worden.\n<\/p>\n<p class=\"paragraph article__item\">Im Mittelpunkt der Aff\u00e4re steht ein Vertrauter Selenskyjs, Timur Minditsch. Ihn beschuldigen Ermittler der weitverzweigten <a class=\"rtr-entity\" href=\"https:\/\/www.zeit.de\/thema\/korruption\" target=\"_blank\" rel=\"noopener\">Korruption<\/a>. Minditsch wurde wie der ebenso beschuldigte Ex-Vize-Regierungschef Oleksij Tschernyschow zur Fahndung ausgeschrieben.\n<\/p>\n<p class=\"paragraph article__item\">Selenskyj versprach, den Korruptionsskandal aufzukl\u00e4ren,\u00a0und belegte die beiden Hauptverd\u00e4chtigen mit Sanktionen. Ihre Verm\u00f6genswerte sind in der <a class=\"rtr-entity\" href=\"https:\/\/www.zeit.de\/politik\/ausland\/ukraine-krieg-news-liveblog\" target=\"_blank\" rel=\"noopener\">Ukraine<\/a> blockiert. Das betrifft auch das von Selenskyj vor seiner Amtszeit gegr\u00fcndete Filmstudio Kwartal 95, an dem Minditsch 50 Prozent h\u00e4lt. Der damalige Schauspieler Selenskyj hatte seine Anteile 2019 vor dem Start des Wahlkampfes mutma\u00dflich Minditsch \u00fcbertragen.<\/p>\n","protected":false},"excerpt":{"rendered":"Nach dem Korruptionsskandal im ukrainischen Energiesektor sollen nun auch m\u00f6gliche Unregelm\u00e4\u00dfigkeiten in der Verteidigungsindustrie untersucht werden. Es werde&hellip;\n","protected":false},"author":2,"featured_media":595522,"comment_status":"","ping_status":"","sticky":false,"template":"","format":"standard","meta":{"footnotes":""},"categories":[5],"tags":[142369,13,324,137474,138979,1435,14,15,16,12,10,8,9,11,12155,317,109924,54931,142368,107],"class_list":{"0":"post-595521","1":"post","2":"type-post","3":"status-publish","4":"format-standard","5":"has-post-thumbnail","7":"category-nachrichten","8":"tag-energiesektor","9":"tag-headlines","10":"tag-korruption","11":"tag-korruptionsskandal","12":"tag-korruptionsverdacht","13":"tag-krieg-in-der-ukraine","14":"tag-nachrichten","15":"tag-news","16":"tag-politik","17":"tag-schlagzeilen","18":"tag-top-news","19":"tag-top-meldungen","20":"tag-topmeldungen","21":"tag-topnews","22":"tag-ueberpruefung","23":"tag-ukraine","24":"tag-unregelmaessigkeit","25":"tag-verteidigungsindustrie","26":"tag-verteidigungsunternehmen","27":"tag-wolodymyr-selenskyj"},"share_on_mastodon":{"url":"https:\/\/pubeurope.com\/@de\/115596731809913499","error":""},"_links":{"self":[{"href":"https:\/\/www.europesays.com\/de\/wp-json\/wp\/v2\/posts\/595521","targetHints":{"allow":["GET"]}}],"collection":[{"href":"https:\/\/www.europesays.com\/de\/wp-json\/wp\/v2\/posts"}],"about":[{"href":"https:\/\/www.europesays.com\/de\/wp-json\/wp\/v2\/types\/post"}],"author":[{"embeddable":true,"href":"https:\/\/www.europesays.com\/de\/wp-json\/wp\/v2\/users\/2"}],"replies":[{"embeddable":true,"href":"https:\/\/www.europesays.com\/de\/wp-json\/wp\/v2\/comments?post=595521"}],"version-history":[{"count":0,"href":"https:\/\/www.europesays.com\/de\/wp-json\/wp\/v2\/posts\/595521\/revisions"}],"wp:featuredmedia":[{"embeddable":true,"href":"https:\/\/www.europesays.com\/de\/wp-json\/wp\/v2\/media\/595522"}],"wp:attachment":[{"href":"https:\/\/www.europesays.com\/de\/wp-json\/wp\/v2\/media?parent=595521"}],"wp:term":[{"taxonomy":"category","embeddable":true,"href":"https:\/\/www.europesays.com\/de\/wp-json\/wp\/v2\/categories?post=595521"},{"taxonomy":"post_tag","embeddable":true,"href":"https:\/\/www.europesays.com\/de\/wp-json\/wp\/v2\/tags?post=595521"}],"curies":[{"name":"wp","href":"https:\/\/api.w.org\/{rel}","templated":true}]}}