{"id":595761,"date":"2025-11-23T05:29:11","date_gmt":"2025-11-23T05:29:11","guid":{"rendered":"https:\/\/www.europesays.com\/de\/595761\/"},"modified":"2025-11-23T05:29:11","modified_gmt":"2025-11-23T05:29:11","slug":"begehrte-spitzenlagen-mieten-im-frankfurter-bankenviertel-steigen-auf-rekordniveau-wirtschaft","status":"publish","type":"post","link":"https:\/\/www.europesays.com\/de\/595761\/","title":{"rendered":"Begehrte Spitzenlagen: Mieten im Frankfurter Bankenviertel steigen auf Rekordniveau &#8211; Wirtschaft"},"content":{"rendered":"<p>&#8222;Im Finanzviertel sehen wir rasante Mietpreisanstiege&#8220;, sagt Suat Kurt, Niederlassungsleiter beim Gro\u00dfmakler Jones Lang LaSalle (JLL) in Frankfurt. &#8222;Lagen die Spitzenmieten zu Beginn dieses Jahres bei knapp \u00fcber 52 Euro je Quadratmeter, werden nun in neuen Vertr\u00e4gen schon einige Euro mehr abgerufen. Bei einzelnen Abschl\u00fcssen sehen wir H\u00f6chstmieten von 60 Euro und dar\u00fcber.&#8220; Bezahlt w\u00fcrden sie von Banken, Kanzleien und Beratungsfirmen, die aus Metropolen wie London und Paris noch weit h\u00f6here Mieten gewohnt seien.\u00a0<\/p>\n","protected":false},"excerpt":{"rendered":"&#8222;Im Finanzviertel sehen wir rasante Mietpreisanstiege&#8220;, sagt Suat Kurt, Niederlassungsleiter beim Gro\u00dfmakler Jones Lang LaSalle (JLL) in Frankfurt.&hellip;\n","protected":false},"author":2,"featured_media":595762,"comment_status":"","ping_status":"","sticky":false,"template":"","format":"standard","meta":{"footnotes":""},"categories":[1829],"tags":[1140,2294,26767,29,1721,2050,2051,30,2052,5331],"class_list":{"0":"post-595761","1":"post","2":"type-post","3":"status-publish","4":"format-standard","5":"has-post-thumbnail","7":"category-frankfurt-am-main","8":"tag-arbeit","9":"tag-bank","10":"tag-bueros","11":"tag-deutschland","12":"tag-finanzen","13":"tag-frankfurt","14":"tag-frankfurt-am-main","15":"tag-germany","16":"tag-hessen","17":"tag-immobilien"},"share_on_mastodon":{"url":"https:\/\/pubeurope.com\/@de\/115597368684018373","error":""},"_links":{"self":[{"href":"https:\/\/www.europesays.com\/de\/wp-json\/wp\/v2\/posts\/595761","targetHints":{"allow":["GET"]}}],"collection":[{"href":"https:\/\/www.europesays.com\/de\/wp-json\/wp\/v2\/posts"}],"about":[{"href":"https:\/\/www.europesays.com\/de\/wp-json\/wp\/v2\/types\/post"}],"author":[{"embeddable":true,"href":"https:\/\/www.europesays.com\/de\/wp-json\/wp\/v2\/users\/2"}],"replies":[{"embeddable":true,"href":"https:\/\/www.europesays.com\/de\/wp-json\/wp\/v2\/comments?post=595761"}],"version-history":[{"count":0,"href":"https:\/\/www.europesays.com\/de\/wp-json\/wp\/v2\/posts\/595761\/revisions"}],"wp:featuredmedia":[{"embeddable":true,"href":"https:\/\/www.europesays.com\/de\/wp-json\/wp\/v2\/media\/595762"}],"wp:attachment":[{"href":"https:\/\/www.europesays.com\/de\/wp-json\/wp\/v2\/media?parent=595761"}],"wp:term":[{"taxonomy":"category","embeddable":true,"href":"https:\/\/www.europesays.com\/de\/wp-json\/wp\/v2\/categories?post=595761"},{"taxonomy":"post_tag","embeddable":true,"href":"https:\/\/www.europesays.com\/de\/wp-json\/wp\/v2\/tags?post=595761"}],"curies":[{"name":"wp","href":"https:\/\/api.w.org\/{rel}","templated":true}]}}