{"id":595788,"date":"2025-11-23T05:43:17","date_gmt":"2025-11-23T05:43:17","guid":{"rendered":"https:\/\/www.europesays.com\/de\/595788\/"},"modified":"2025-11-23T05:43:17","modified_gmt":"2025-11-23T05:43:17","slug":"schumacher-managerin-enthuellt-neue-erpressungs-details-2","status":"publish","type":"post","link":"https:\/\/www.europesays.com\/de\/595788\/","title":{"rendered":"Schumacher-Managerin enth\u00fcllt neue Erpressungs-Details"},"content":{"rendered":"<ol class=\"id-DonaldBreadcrumb lp_west_breadcrumb id-DonaldBreadcrumb--default\" data-k5a-pos=\"west_breadcrumb\">\n<li class=\"id-Breadcrumb-item\"><a href=\"https:\/\/www.merkur.de\/\" class=\"id-Breadcrumb-link\" data-id-ec=\"{\" shn=\"\" textlink=\"\" data-k5a-pos=\"1_startseite\" rel=\"nofollow noopener\" target=\"_blank\">Startseite<\/a><\/li>\n<li class=\"id-Breadcrumb-item\"><a href=\"https:\/\/www.merkur.de\/sport\/\" class=\"id-Breadcrumb-link\" data-id-ec=\"{\" shn=\"\" textlink=\"\" data-k5a-pos=\"2_sport\" rel=\"nofollow noopener\" target=\"_blank\">Sport<\/a><\/li>\n<li class=\"id-Breadcrumb-item\"><a href=\"https:\/\/www.merkur.de\/sport\/mehr-sport\/\" class=\"id-Breadcrumb-link\" data-id-ec=\"{\" shn=\"\" textlink=\"\" sport=\"\" data-k5a-pos=\"3_mehrSport\" rel=\"nofollow noopener\" target=\"_blank\">Mehr Sport<\/a><\/li>\n<\/ol>\n<p class=\"id-Story-timestamp id-Story-timestamp--default\">Stand: 23.11.2025, 04:54 Uhr<\/p>\n<p class=\"id-Story-authors id-Story-authors--default\">Von: <a class=\"id-Story-authors-link lp_west_author\" href=\"https:\/\/www.merkur.de\/autor\/simon-mones-i0omwoy7l.html\" title=\"Zur Autorenseite von Simon Mones\" data-id-ec=\"{\" shn=\"\" author-link=\"\" mones=\"\" data-k5a-pos=\"west_author\" rel=\"nofollow noopener\" target=\"_blank\">Simon Mones<\/a><\/p>\n<p class=\"id-Story-interactionBar id-Story-interactionBar--default\">DruckenTeilen<\/p>\n<p class=\"id-StoryElement-leadText\">In Wuppertal l\u00e4uft der Berufungsprozess gegen die Schumacher-Erpresser. Dessen Managerin war als Zeugin geladen \u2013 und \u00fcberraschte mit ihrer Aussage.<\/p>\n<p class=\"id-StoryElement-paragraph\">Wuppertal \u2013 Die versuchte Erpressung der Familie des mehrfachen <a href=\"https:\/\/www.merkur.de\/thema\/formel-1-org27026\/\" target=\"_blank\" class=\"id-import-Link\" data-id-ec=\"{&quot;sht&quot;:&quot;Container&quot;,&quot;shn&quot;:&quot;Story&quot;,&quot;p&quot;:{&quot;containerType&quot;:&quot;Paragraph&quot;,&quot;displayType&quot;:&quot;Paragraph InlineLink&quot;,&quot;type&quot;:&quot;INLINE_LINK&quot;,&quot;value&quot;:&quot;Formel-1&quot;,&quot;variant&quot;:&quot;standardLink&quot;,&quot;sponsored&quot;:false,&quot;linkHref&quot;:&quot;https:\/\/www.merkur.de\/thema\/formel-1-org27026\/&quot;,&quot;storyElementPosition&quot;:8,&quot;storyElementCount&quot;:21}}\" rel=\"nofollow noopener\">Formel-1<\/a>-Weltmeisters Michael Schumacher sorgte vor einigen Jahren f\u00fcr gro\u00dfes Aufsehen. In Wuppertal l\u00e4uft derzeit der Berufungsprozess gegen die M\u00e4nner, die f\u00fcr sensible Aufnahmen des 56-J\u00e4hrigen 15 Millionen Euro gefordert haben sollen. Doch offenbar war es nicht das erste Mal, dass private Aufnahmen des Rekordweltmeisters nach dem Ski-Unfall ungewollt an die \u00d6ffentlichkeit gelangten.<\/p>\n<p><img decoding=\"async\" class=\"id-RatioPlaceholder-element wv_story_el_image\" src=\"https:\/\/www.europesays.com\/de\/wp-content\/uploads\/2025\/11\/40552272-michael-schumacher-und-sabine-kehm-2g07pnPIHzBG.jpg\" loading=\"lazy\"   height=\"619\" width=\"1100\" alt=\"Michael Schumacher und Sabine Kehm\"\/>Sabine Kehm hat vor dem Landgericht Wuppertal im Berufungsprozess um die Schumacher-Erpressung ausgesagt. (Montage) \u00a9\u00a0Imago\/MiS\/Eibner<\/p>\n<p class=\"id-StoryElement-paragraph\">Im Rahmen des <a href=\"https:\/\/www.merkur.de\/sport\/mehr-sport\/neuer-erpressungs-wirbel-um-michael-schumacher-und-seine-familie-zr-94027637.html\" class=\"id-import-Link\" data-id-ec=\"{&quot;sht&quot;:&quot;Container&quot;,&quot;shn&quot;:&quot;Story&quot;,&quot;p&quot;:{&quot;containerType&quot;:&quot;Paragraph&quot;,&quot;displayType&quot;:&quot;Paragraph InlineLink&quot;,&quot;type&quot;:&quot;INLINE_LINK&quot;,&quot;value&quot;:&quot;Berufungsprozesses vor dem Wuppertaler Landgericht&quot;,&quot;variant&quot;:&quot;standardLink&quot;,&quot;sponsored&quot;:false,&quot;linkHref&quot;:&quot;https:\/\/www.merkur.de\/sport\/mehr-sport\/neuer-erpressungs-wirbel-um-michael-schumacher-und-seine-familie-zr-94027637.html&quot;,&quot;storyElementPosition&quot;:11,&quot;storyElementCount&quot;:21}}\" rel=\"nofollow noopener\" target=\"_blank\">Berufungsprozesses vor dem Wuppertaler Landgericht<\/a> enth\u00fcllte die langj\u00e4hrige Managerin von Michael Schumacher, Sabine Kehm, am Freitag (23. November) brisante Details. Demnach soll es bereits im Jahr 2014 einen Erpressungsversuch gegen die Familie des Formel-1-Rekordweltmeisters gegeben haben.<\/p>\n<p>Kehm hatte schon bei erster Erpressung die Krankenschwester von Michael Schumacher in Verdacht<\/p>\n<p class=\"id-StoryElement-paragraph\">Sie habe demnach bereits \u201evor einigen Jahren\u201c von einem Anwalt aus Konstanz kontaktiert worden, weil dieser \u201evon einem Mandanten\u201c Bilder des schwer kranken Formel-1-Rekordweltmeister erhalten hatte. Dabei habe es sich um Abz\u00fcge gehandelt, wie die Schumacher-Managerin vor Gericht erkl\u00e4rte. \u201eDas kam nicht zur Anzeige, es gab keine Forderungen. Aber es waren ganz klar Fotos, die Michael in einer Pflegesituation zeigen\u201c, so Kehm.<\/p>\n<p class=\"id-StoryElement-paragraph\">\u201eSchon damals hatte ich die Krankenschwestern im Verdacht\u201c, so die Managerin weiter. Und die soll auch im aktuellen Erpressungsfall eine Rolle gespielt haben \u2013 zumindest hatte sie laut Kehm ein gutes Verh\u00e4ltnis zum angeklagten Sicherheitsmann.  Beide hatten auch Zugang zu einem \u201ePflegecomputer\u201c mit Fotos von Michael Schumacher.<\/p>\n<p>Kartbahn, Formel-1-Rekord-Weltmeister und Ski-Unfall \u2013 die Trag\u00f6die um Michael Schumacher<img decoding=\"async\" class=\"id-RatioPlaceholder-element wv_story_el_interstitialImage\" src=\"https:\/\/www.europesays.com\/de\/wp-content\/uploads\/2025\/11\/38982708-michael-schumacher-kartbahn-1V2Xuchwmyfe.jpg\" loading=\"lazy\"   height=\"2092\" width=\"3150\" alt=\"Michael Schumacher 2 v li macht Scherze mit der befreundeten Familie Piedade v li Guido Marc\"\/><a href=\"https:\/\/www.merkur.de\/sport\/mehr-sport\/die-karriere-von-michael-schumacher-in-bildern-zr-93844676.html\" class=\"id-StoryElement-intestitialLink-link\" data-id-ec=\"{\" shn=\"\" ansehen=\"\" data-k5a-pos=\"west_story_16_photoGalleryLink\" title=\"Zur Fotostrecke: Kartbahn, Formel-1-Rekord-Weltmeister und Ski-Unfall &#x2013; die Trag&#xF6;die um Michael Schumacher\" rel=\"nofollow noopener\" target=\"_blank\">Fotostrecke ansehen<\/a><\/p>\n<p class=\"id-StoryElement-paragraph\">Angeklagt ist die Krankenschwester jedoch nicht, sondern sollte lediglich als Zeugin geh\u00f6rt werden. Dazu wird es jedoch nicht kommen. Die Frau lie\u00df sich per Attest aus der Schweiz entschuldigen. Dort hatte sie auch gegen ihre Entlassung geklagt, die Kehm mit der schlechten Arbeit der Krankenschwester erkl\u00e4rte. Zudem l\u00e4uft ein <a href=\"https:\/\/www.merkur.de\/sport\/mehr-sport\/soll-pflegerin-von-papa-michael-auf-schumacher-anwesen-vergewaltigt-haben-mick-freund-zr-93987384.html\" class=\"id-import-Link\" data-id-ec=\"{&quot;sht&quot;:&quot;Container&quot;,&quot;shn&quot;:&quot;Story&quot;,&quot;p&quot;:{&quot;containerType&quot;:&quot;Paragraph&quot;,&quot;displayType&quot;:&quot;Paragraph InlineLink&quot;,&quot;type&quot;:&quot;INLINE_LINK&quot;,&quot;value&quot;:&quot;Verfahren gegen einen ehemaligen Freund von Mick Schumacher, der die Frau vergewaltigt haben soll&quot;,&quot;variant&quot;:&quot;standardLink&quot;,&quot;sponsored&quot;:false,&quot;linkHref&quot;:&quot;https:\/\/www.merkur.de\/sport\/mehr-sport\/soll-pflegerin-von-papa-michael-auf-schumacher-anwesen-vergewaltigt-haben-mick-freund-zr-93987384.html&quot;,&quot;storyElementPosition&quot;:18,&quot;storyElementCount&quot;:21}}\" rel=\"nofollow noopener\" target=\"_blank\">Verfahren gegen einen ehemaligen Freund von Mick Schumacher, der die Frau vergewaltigt haben soll<\/a>.<\/p>\n<p class=\"id-StoryElement-paragraph\">Die wiederholten Erpressungsversuche haben sp\u00fcrbare Folgen f\u00fcr die Familie Schumacher. Kehm beschrieb die Situation als belastend: \u201eIch finde es extrem perfide, dass man das Leid so ausnutzen will.\u201c Die Vorf\u00e4lle h\u00e4tten dazu gef\u00fchrt, dass die Familie gegen\u00fcber Mitarbeitern vorsichtiger geworden sei und mehr Abstand halte. <\/p>\n<p class=\"id-StoryElement-paragraph\">Zudem w\u00fcrden \u201egewisse Medien\u201c nun wieder verst\u00e4rkt Fotografen an das Familien-Anwesen schicken, was die Privatsph\u00e4re weiter beeintr\u00e4chtige. Die Urteile im Berufungsprozess gegen die Schumacher-Erpresser werden f\u00fcr Anfang Dezember erwartet. Der <a href=\"https:\/\/www.merkur.de\/sport\/mehr-sport\/erpressungs-fall-der-schumacher-familie-richter-findet-deutliche-worte-zr-94042978.html\" class=\"id-import-Link\" data-id-ec=\"{&quot;sht&quot;:&quot;Container&quot;,&quot;shn&quot;:&quot;Story&quot;,&quot;p&quot;:{&quot;containerType&quot;:&quot;Paragraph&quot;,&quot;displayType&quot;:&quot;Paragraph InlineLink&quot;,&quot;type&quot;:&quot;INLINE_LINK&quot;,&quot;value&quot;:&quot;Richter machte aber schon deutlich, nicht gro&#xDF; vom Strafma&#xDF; des Amtsgerichts abweichen zu wollen&quot;,&quot;variant&quot;:&quot;standardLink&quot;,&quot;sponsored&quot;:false,&quot;linkHref&quot;:&quot;https:\/\/www.merkur.de\/sport\/mehr-sport\/erpressungs-fall-der-schumacher-familie-richter-findet-deutliche-worte-zr-94042978.html&quot;,&quot;storyElementPosition&quot;:21,&quot;storyElementCount&quot;:21}}\" rel=\"nofollow noopener\" target=\"_blank\">Richter machte aber schon deutlich, nicht gro\u00df vom Strafma\u00df des Amtsgerichts abweichen zu wollen<\/a>. (smo)<\/p>\n","protected":false},"excerpt":{"rendered":"Startseite Sport Mehr Sport Stand: 23.11.2025, 04:54 Uhr Von: Simon Mones DruckenTeilen In Wuppertal l\u00e4uft der Berufungsprozess gegen&hellip;\n","protected":false},"author":2,"featured_media":593810,"comment_status":"","ping_status":"","sticky":false,"template":"","format":"standard","meta":{"footnotes":""},"categories":[1776],"tags":[1801,29,214,30,1802,215],"class_list":{"0":"post-595788","1":"post","2":"type-post","3":"status-publish","4":"format-standard","5":"has-post-thumbnail","7":"category-prominente","8":"tag-celebrities","9":"tag-deutschland","10":"tag-entertainment","11":"tag-germany","12":"tag-prominente","13":"tag-unterhaltung"},"share_on_mastodon":{"url":"https:\/\/pubeurope.com\/@de\/115597425077471938","error":""},"_links":{"self":[{"href":"https:\/\/www.europesays.com\/de\/wp-json\/wp\/v2\/posts\/595788","targetHints":{"allow":["GET"]}}],"collection":[{"href":"https:\/\/www.europesays.com\/de\/wp-json\/wp\/v2\/posts"}],"about":[{"href":"https:\/\/www.europesays.com\/de\/wp-json\/wp\/v2\/types\/post"}],"author":[{"embeddable":true,"href":"https:\/\/www.europesays.com\/de\/wp-json\/wp\/v2\/users\/2"}],"replies":[{"embeddable":true,"href":"https:\/\/www.europesays.com\/de\/wp-json\/wp\/v2\/comments?post=595788"}],"version-history":[{"count":0,"href":"https:\/\/www.europesays.com\/de\/wp-json\/wp\/v2\/posts\/595788\/revisions"}],"wp:featuredmedia":[{"embeddable":true,"href":"https:\/\/www.europesays.com\/de\/wp-json\/wp\/v2\/media\/593810"}],"wp:attachment":[{"href":"https:\/\/www.europesays.com\/de\/wp-json\/wp\/v2\/media?parent=595788"}],"wp:term":[{"taxonomy":"category","embeddable":true,"href":"https:\/\/www.europesays.com\/de\/wp-json\/wp\/v2\/categories?post=595788"},{"taxonomy":"post_tag","embeddable":true,"href":"https:\/\/www.europesays.com\/de\/wp-json\/wp\/v2\/tags?post=595788"}],"curies":[{"name":"wp","href":"https:\/\/api.w.org\/{rel}","templated":true}]}}