{"id":595882,"date":"2025-11-23T06:43:13","date_gmt":"2025-11-23T06:43:13","guid":{"rendered":"https:\/\/www.europesays.com\/de\/595882\/"},"modified":"2025-11-23T06:43:13","modified_gmt":"2025-11-23T06:43:13","slug":"alle-infos-zum-weihnachtsmarkt-2025-in-bremen","status":"publish","type":"post","link":"https:\/\/www.europesays.com\/de\/595882\/","title":{"rendered":"Alle Infos zum Weihnachtsmarkt 2025 in Bremen"},"content":{"rendered":"<ul>\n<li>Der Bremer Weihnachtsmarkt und der Schlachtezauber finden vom 24. November bis zum 23. Dezember in der Innenstadt statt und ziehen zahlreiche Besucher an.<\/li>\n<li>Direkt bei den M\u00e4rkten gibt es keine Parkm\u00f6glichkeiten; Besucher k\u00f6nnen verschiedene Parkh\u00e4user in der Innenstadt oder Park &amp; Ride-Angebote nutzen.<\/li>\n<li>F\u00fcr die Anreise aus dem Umland stehen Z\u00fcge, Stra\u00dfenbahnen und Busse zur Verf\u00fcgung; auf einzelnen Bahnstrecken kann es zu Fahrplan\u00e4nderungen kommen.<\/li>\n<\/ul>\n<p>            Mehr anzeigen<br \/>\n            Weniger anzeigen<\/p>\n<p>Inhaltsverzeichnis<\/p>\n<p>Von Montag, 24. November, bis zum 23. Dezember locken der Bremer <a href=\"https:\/\/www.weser-kurier.de\/thema\/weihnachtsmarkt-q57607\/\" target=\"_blank\" rel=\"noopener\">Weihnachtsmarkt<\/a> und der Schlachtezauber wieder unz\u00e4hlige Menschen in die Innenstadt \u2013 sei es f\u00fcr einen Gl\u00fchwein mit Freunden, Geschenkeshopping oder einfach ein gem\u00fctlicher Bummel durch die weihnachtliche Budenstadt. Wir geben Tipps zur Anreise.<\/p>\n<p>Wie komme ich mit dem Auto zu den Weihnachtsm\u00e4rkten und wo kann ich parken?<\/p>\n<p>Sowohl der Weihnachtsmarkt rund um den Dom als auch der Markt an der Schlachte sind nicht direkt mit dem Auto zu erreichen. Dort gibt es in unmittelbarer N\u00e4he zudem keine Parkm\u00f6glichkeiten. Diese bestehen aber in einem der Parkh\u00e4user in der Innenstadt:<\/p>\n<p>\n    Parkhaus Pressehaus, Langenstra\u00dfe 31, 28195 Bremen<br \/>\n    <br \/>Parkhaus Mitte, Pelzerstra\u00dfe 40, 28195 Bremen<br \/>\n    <br \/>Parkhaus Katharinenklosterhof, Katharinenstra\u00dfe 16, 28195 Bremen<br \/>\n    <br \/>Parkhaus Am Dom, Wilhadistra\u00dfe 1, 28195 Bremen<br \/>\n    <br \/>Parkhaus Violenstra\u00dfe, Wilhadistra\u00dfe 1, 28195 Bremen<br \/>\n    <br \/>Parkhaus Am Brill, Ansgaritorstra\u00dfe 16-120, 28195 Bremen\n<\/p>\n<p>Eine Alternative k\u00f6nnte zudem Park &amp; Ride sein. Wer sich aus dem S\u00fcden Bremen n\u00e4hert, kann am Parkhaus Hinterm Sielhof f\u00fcndig werden. Es bietet 500 Stellpl\u00e4tze und ist direkt an die Stra\u00dfenbahnlinie 4 angebunden, die geradewegs zur Haltestelle &#8222;Domsheide&#8220; f\u00e4hrt. Bei der Anfahrt aus Bremerhaven\/Bremen-Nord bietet sich das Parkhaus Bahnhof Bremen-Burg an. Dort finden 170 Fahrzeuge Platz und es befindet sich in unmittelbarer N\u00e4he zum Bahnhof Bremen-Burg und den Buslinien 660 und N7 in die Innenstadt. Aus Richtung Bremerhaven steht zudem der Parkplatz Use Akschen mit 126 Stellpl\u00e4tzen zur Verf\u00fcgung. Von dort gibt es eine direkte Anbindung in die Innenstadt mit der Stra\u00dfenbahnlinie 3. F\u00fcr Besucher aus Richtung <a href=\"https:\/\/www.weser-kurier.de\/thema\/oldenburg-q2936\/\" target=\"_blank\" rel=\"noopener\">Oldenburg<\/a>\/Delmenhorst (Bundesstra\u00dfe 75) bietet sich der Parkplatz Norderl\u00e4nderstra\u00dfe an. Dort stehen 243 Stellpl\u00e4tze zur Verf\u00fcgung und die Innenstadt ist mit den Stra\u00dfenbahnlinien 1 und 8 schnell erreichbar.<\/p>\n<\/p>\n<p>Wo kann ich mein Fahrrad abstellen?<\/p>\n<p>Wer mit dem Fahrrad kommt, findet rund um beide M\u00e4rkte M\u00f6glichkeiten, um es abzustellen. Alternativ bieten sich auch noch das Fahrradparkhaus Am Dom oder die Fahrradstation im Parkhaus Mitte an der Pelzerstra\u00dfe an.<\/p>\n<p>Wie komme ich aus dem Umland zum Weihnachtsmarkt?<\/p>\n<p>\n    Aus dem Umland und aus Bremen-Nord kommen Besucherinnen und Besucher auch mit dem Zug nach Bremen. Aus Bremen-Nord f\u00e4hrt die Linie RS 1 der Nordwestbahn von Farge zum Hauptbahnhof. Au\u00dferdem bringt die RS 2 Weihnachtsmarktg\u00e4nger aus Richtung Bremerhaven in die Hansestadt. Auf dieser Strecke sollte man beachten, dass es bis Ende November sowie an einzelnen Tagen im Dezember zu Fahrplan\u00e4nderungen und Schienenersatzverkehr mit Bussen kommen kann. Aus Richtung Oldenburg besteht die M\u00f6glichkeit, mit der RS 30 nach Bremen zu fahren. Allerdings kann es auch auf dieser Strecke wegen der Probleme an der Huntebr\u00fccke zu Einschr\u00e4nkungen und Zugausf\u00e4llen kommen. N\u00e4here Informationen gibt es online auf der Internetseite der Nordwestbahn unter <a href=\"https:\/\/www.nordwestbahn.de\/de\/regio-s-bahn\" target=\"_blank\" rel=\"noopener\">www.nordwestbahn.de<\/a>.\n<\/p>\n<p>Dar\u00fcber hinaus fahren auch Z\u00fcge der Deutschen Bahn in Richtung Bremen: Der RE 9 aus Richtung Osnabr\u00fcck und Bremerhaven sowie der RE 8 aus Richtung Hannover. Ebenso f\u00e4hrt der Metronom aus Richtung Hamburg den Bremer Hauptbahnhof an.<\/p>\n<p>Weitere Weihnachtsm\u00e4rkte in der Umgebung<\/p>\n<p>Im Bremer Umland finden dieses Jahr zahlreiche Weihnachtsm\u00e4rkte statt. Alles, was Sie f\u00fcr einen Besuch vor Ort wissen m\u00fcssen, erfahren Sie hier:<\/p>\n<p>                    Welche Parkh\u00e4user stehen in der N\u00e4he des Bremer Weihnachtsmarktes zur Verf\u00fcgung und wie sind sie erreichbar?<\/p>\n<p>In unmittelbarer N\u00e4he des Bremer Weihnachtsmarktes in der Innenstadt stehen keine Parkm\u00f6glichkeiten direkt an den M\u00e4rkten zur Verf\u00fcgung; stattdessen k\u00f6nnen Besucher die Parkh\u00e4user in der Innenstadt nutzen. Eine Anreise mit dem Auto sollte am besten \u00fcber eines dieser Parkh\u00e4user erfolgen, von denen aus der Weihnachtsmarkt sowie der Schlachte-Zauber fu\u00dfl\u00e4ufig erreichbar sind. Zudem werden Park &amp; Ride-Parkpl\u00e4tze wie \u201eHinterm Sielhof\u201c (Anbindung mit Stra\u00dfenbahnlinie 4 zur Domsheide), \u201eBahnhof Bremen-Burg\u201c (Buslinien 660 und N7), \u201eUse Akschen\u201c (Stra\u00dfenbahnlinie 3) und \u201eNorderl\u00e4nderstra\u00dfe\u201c (Stra\u00dfenbahnlinien 1 und 8) empfohlen, um bequem mit \u00f6ffentlichen Verkehrsmitteln in die Innenstadt zu gelangen.<\/p>\n<p>Quellen<\/p>\n<p>                    Welche Bahnlinien und Z\u00fcge bieten Verbindungen aus dem Bremer Umland zum Weihnachtsmarkt und wo gibt es Einschr\u00e4nkungen?<\/p>\n<p>Aus dem Bremer Umland bringen insbesondere die Regionalbahnlinien der Nordwestbahn (u.a. Regio-S-Bahn Bremen\/Niedersachsen) sowie Z\u00fcge des Metronom sowie Regionalbusse, wie die Linien 630 und 670 aus Richtung Zeven, Tarmstedt, Grasberg, Lilienthal und Worpswede, Fahrg\u00e4ste zum Bremer Weihnachtsmarkt. Aufgrund von hohem Krankenstand beim Metronom und regional begrenztem Fahrpersonal k\u00f6nnen kurzfristig Zug- und Busausf\u00e4lle auftreten, insbesondere bei Metronom-Z\u00fcgen und im Regionalbusverkehr, wodurch Fahrplan\u00e4nderungen und Einschr\u00e4nkungen m\u00f6glich sind. Fahrg\u00e4sten wird geraten, sich vor Fahrtantritt \u00fcber aktuelle Verbindungen, Sonder- und Ersatzfahrpl\u00e4ne auf den Webseiten der Verkehrsunternehmen (DB, Nordwestbahn, Metronom, VBN) zu informieren.<\/p>\n<p>Quellen<\/p>\n<p>                    Wie gestaltet sich die Anreise mit alternativen Verkehrsmitteln wie Fahrrad oder Park &amp; Ride f\u00fcr Besucher des Weihnachtsmarktes in Bremen?<\/p>\n<p>F\u00fcr Besucher des Weihnachtsmarktes in Bremen wird die Nutzung alternativer Verkehrsmittel wie Park &amp; Ride empfohlen, da direkt am Veranstaltungsort keine Parkpl\u00e4tze zur Verf\u00fcgung stehen; der Parkplatz P4 an der Universit\u00e4tsallee kann kostenfrei genutzt werden, von dort aus bringt die BSAG mit zus\u00e4tzlichen Fahrten die Besucher zum Markt (Artikel 1). Das spezielle Park-and-Ride-Ticket kostet 4,55 Euro f\u00fcr eine Hin- und R\u00fcckfahrt und kann \u00fcber die BSAG-Automaten erworben werden (Artikel 1). F\u00fcr die Anreise mit dem Fahrrad existieren in Bremen verschiedene Abstellm\u00f6glichkeiten wie klassische Fahrradb\u00fcgel, deren Ausbau und Modernisierung diskutiert werden, um die Bedingungen f\u00fcr Fahrradnutzer weiter zu verbessern (Artikel 3).<\/p>\n<p>Quellen<\/p>\n<p>                Diese Fragen und Antworten wurden mit KI basierend auf unseren Artikeln erstellt.<br \/>\n                <a class=\"more-btn\" href=\"https:\/\/www.weser-kurier.de\/generative-ki\/\" target=\"_blank\" rel=\"noopener\"><br \/>\n                    \u2192 Mehr Infos<br \/>\n                <\/a><\/p>\n<p>                        <a href=\"https:\/\/www.weser-kurier.de\/\" id=\"home\" class=\"button primary-primary font-size-15_1 m-0a customEvent\" data-layer-event-name=\"customEvent\" data-layer-trigger=\"click\" data-layer-category=\"artikelscoring\" data-layer-action=\"startseite_button\" data-layer-label=\"doc83bbgn0uu5c1lj69dg58\" data-layer-value=\"https:\/\/www.weser-kurier.de\/bremen\/1\" target=\"_blank\" rel=\"noopener\">Zur Startseite<\/a><\/p>\n","protected":false},"excerpt":{"rendered":"Der Bremer Weihnachtsmarkt und der Schlachtezauber finden vom 24. November bis zum 23. Dezember in der Innenstadt statt&hellip;\n","protected":false},"author":2,"featured_media":595883,"comment_status":"","ping_status":"","sticky":false,"template":"","format":"standard","meta":{"footnotes":""},"categories":[1824],"tags":[2420,3364,29,30],"class_list":{"0":"post-595882","1":"post","2":"type-post","3":"status-publish","4":"format-standard","5":"has-post-thumbnail","7":"category-bremen","8":"tag-bremen","9":"tag-de","10":"tag-deutschland","11":"tag-germany"},"share_on_mastodon":{"url":"https:\/\/pubeurope.com\/@de\/115597659626673634","error":""},"_links":{"self":[{"href":"https:\/\/www.europesays.com\/de\/wp-json\/wp\/v2\/posts\/595882","targetHints":{"allow":["GET"]}}],"collection":[{"href":"https:\/\/www.europesays.com\/de\/wp-json\/wp\/v2\/posts"}],"about":[{"href":"https:\/\/www.europesays.com\/de\/wp-json\/wp\/v2\/types\/post"}],"author":[{"embeddable":true,"href":"https:\/\/www.europesays.com\/de\/wp-json\/wp\/v2\/users\/2"}],"replies":[{"embeddable":true,"href":"https:\/\/www.europesays.com\/de\/wp-json\/wp\/v2\/comments?post=595882"}],"version-history":[{"count":0,"href":"https:\/\/www.europesays.com\/de\/wp-json\/wp\/v2\/posts\/595882\/revisions"}],"wp:featuredmedia":[{"embeddable":true,"href":"https:\/\/www.europesays.com\/de\/wp-json\/wp\/v2\/media\/595883"}],"wp:attachment":[{"href":"https:\/\/www.europesays.com\/de\/wp-json\/wp\/v2\/media?parent=595882"}],"wp:term":[{"taxonomy":"category","embeddable":true,"href":"https:\/\/www.europesays.com\/de\/wp-json\/wp\/v2\/categories?post=595882"},{"taxonomy":"post_tag","embeddable":true,"href":"https:\/\/www.europesays.com\/de\/wp-json\/wp\/v2\/tags?post=595882"}],"curies":[{"name":"wp","href":"https:\/\/api.w.org\/{rel}","templated":true}]}}