{"id":595917,"date":"2025-11-23T07:06:26","date_gmt":"2025-11-23T07:06:26","guid":{"rendered":"https:\/\/www.europesays.com\/de\/595917\/"},"modified":"2025-11-23T07:06:26","modified_gmt":"2025-11-23T07:06:26","slug":"afghanen-in-pakistan-verzoegerung-durch-rechtswidrige-aufnahmewiderrufe","status":"publish","type":"post","link":"https:\/\/www.europesays.com\/de\/595917\/","title":{"rendered":"Afghanen in Pakistan: Verz\u00f6gerung durch rechtswidrige Aufnahmewiderrufe"},"content":{"rendered":"<ol class=\"id-DonaldBreadcrumb lp_west_breadcrumb id-DonaldBreadcrumb--default\" data-k5a-pos=\"west_breadcrumb\">\n<li class=\"id-Breadcrumb-item\"><a href=\"https:\/\/www.fr.de\/\" class=\"id-Breadcrumb-link\" data-id-ec=\"{\" shn=\"\" textlink=\"\" data-k5a-pos=\"1_startseite\" target=\"_blank\" rel=\"noopener\">Startseite<\/a><\/li>\n<li class=\"id-Breadcrumb-item\"><a href=\"https:\/\/www.fr.de\/politik\/\" class=\"id-Breadcrumb-link\" data-id-ec=\"{\" shn=\"\" textlink=\"\" data-k5a-pos=\"2_politik\" target=\"_blank\" rel=\"noopener\">Politik<\/a><\/li>\n<\/ol>\n<p class=\"id-Story-timestamp id-Story-timestamp--default\">Stand: 23.11.2025, 04:51 Uhr<\/p>\n<p class=\"id-Story-authors id-Story-authors--default\">Von: <a class=\"id-Story-authors-link lp_west_author\" href=\"https:\/\/www.fr.de\/autor\/katja-thorwarth-1kpso4q4u.html\" title=\"Zur Autorenseite von Katja Thorwarth\" data-id-ec=\"{\" shn=\"\" author-link=\"\" thorwarth=\"\" data-k5a-pos=\"west_author\" target=\"_blank\" rel=\"noopener\">Katja Thorwarth<\/a><\/p>\n<p class=\"id-Story-interactionBar id-Story-interactionBar--default\">DruckenTeilen<\/p>\n<p class=\"id-StoryElement-leadText\">Die lange Wartezeit in Pakistan endet f\u00fcr einige Afghan:innen. Andere f\u00fcrchten eine Abschiebung.\u00a0Welche Rolle spielt das Innenministerium?<\/p>\n<p class=\"id-StoryElement-paragraph\">Berlin\/Islamabad \u2013 <a href=\"https:\/\/www.fr.de\/politik\/nach-gerichtsentscheid-landen-14-afghanen-in-deutschland-zr-94014856.html\" class=\"id-import-Link\" data-id-ec=\"{&quot;sht&quot;:&quot;Container&quot;,&quot;shn&quot;:&quot;Story&quot;,&quot;p&quot;:{&quot;containerType&quot;:&quot;Paragraph&quot;,&quot;displayType&quot;:&quot;Paragraph InlineLink&quot;,&quot;type&quot;:&quot;INLINE_LINK&quot;,&quot;value&quot;:&quot;Erneut klagten Menschen aus Afghanistan&quot;,&quot;variant&quot;:&quot;standardLink&quot;,&quot;sponsored&quot;:false,&quot;linkHref&quot;:&quot;https:\/\/www.fr.de\/politik\/nach-gerichtsentscheid-landen-14-afghanen-in-deutschland-zr-94014856.html&quot;,&quot;storyElementPosition&quot;:8,&quot;storyElementCount&quot;:23}}\" target=\"_blank\" rel=\"noopener\">Erneut klagten Menschen aus Afghanistan<\/a> erfolgreich auf Visa-Erteilung: Zum sechsten Mal seit Beginn der schwarz-roten Regierung um Kanzler <a href=\"https:\/\/www.fr.de\/politik\/friedrich-merz-per33648\/\" class=\"id-import-Link\" title=\"Friedrich Merz\" data-id-ec=\"{&quot;sht&quot;:&quot;Container&quot;,&quot;shn&quot;:&quot;Story&quot;,&quot;p&quot;:{&quot;containerType&quot;:&quot;Paragraph&quot;,&quot;displayType&quot;:&quot;Paragraph InlineLink&quot;,&quot;type&quot;:&quot;INLINE_LINK&quot;,&quot;value&quot;:&quot;Friedrich Merz&quot;,&quot;variant&quot;:&quot;standardLink&quot;,&quot;sponsored&quot;:false,&quot;linkHref&quot;:&quot;https:\/\/www.fr.de\/politik\/friedrich-merz-per33648\/&quot;,&quot;storyElementPosition&quot;:8,&quot;storyElementCount&quot;:23}}\" target=\"_blank\" rel=\"noopener\">Friedrich Merz<\/a> (<a href=\"https:\/\/www.fr.de\/politik\/cdu-org26591\/\" class=\"id-import-Link\" title=\"CDU\" data-id-ec=\"{&quot;sht&quot;:&quot;Container&quot;,&quot;shn&quot;:&quot;Story&quot;,&quot;p&quot;:{&quot;containerType&quot;:&quot;Paragraph&quot;,&quot;displayType&quot;:&quot;Paragraph InlineLink&quot;,&quot;type&quot;:&quot;INLINE_LINK&quot;,&quot;value&quot;:&quot;CDU&quot;,&quot;variant&quot;:&quot;standardLink&quot;,&quot;sponsored&quot;:false,&quot;linkHref&quot;:&quot;https:\/\/www.fr.de\/politik\/cdu-org26591\/&quot;,&quot;storyElementPosition&quot;:8,&quot;storyElementCount&quot;:23}}\" target=\"_blank\" rel=\"noopener\">CDU<\/a>) konnten in der pakistanischen Hauptstadt Islamabad ausharrende Afghan:innen mit Aufnahmezusage nach Deutschland einreisen: Eine Sprecherin des Bundesinnenministeriums sprach am Donnerstagabend (20. November) von 52 Personen, die in Berlin und Hannover landeten.\u00a0<\/p>\n<p><img decoding=\"async\" class=\"id-RatioPlaceholder-element wv_story_el_image\" src=\"https:\/\/www.europesays.com\/de\/wp-content\/uploads\/2025\/11\/40544545-afghanische-familien-warten-am-flughafen-in-islamabad-auf-ihre-ausreise-nach-deutschland-Qm.jpeg\" loading=\"lazy\"   height=\"678\" width=\"1100\" alt=\"Afghanische Familien warten am Flughafen in Islamabad auf ihre Ausreise nach Deutschland.\"\/>Afghanische Familien warten am Flughafen in Islamabad auf ihre Ausreise nach Deutschland. \u00a9\u00a0Nabila Lalee\/dpa<\/p>\n<p class=\"id-StoryElement-paragraph\">Alexander Dobrindts (<a href=\"https:\/\/www.merkur.de\/politik\/csu-org26650\/\" class=\"id-import-Link id-pageApi-Link--externalDomain\" title=\"CSU\" data-id-ec=\"{&quot;sht&quot;:&quot;Container&quot;,&quot;shn&quot;:&quot;Story&quot;,&quot;p&quot;:{&quot;containerType&quot;:&quot;Paragraph&quot;,&quot;displayType&quot;:&quot;Paragraph InlineLink&quot;,&quot;type&quot;:&quot;INLINE_LINK&quot;,&quot;value&quot;:&quot;CSU&quot;,&quot;variant&quot;:&quot;standardLink&quot;,&quot;sponsored&quot;:false,&quot;linkHref&quot;:&quot;https:\/\/www.merkur.de\/politik\/csu-org26650\/&quot;,&quot;storyElementPosition&quot;:11,&quot;storyElementCount&quot;:23}}\" target=\"_blank\" rel=\"noopener\">CSU<\/a>) Innenministerium gew\u00e4hrt nur noch solchen Menschen Visa, die den juristischen Weg erfolgreich durchschritten haben \u2013 trotz eines ehemaligen Aufnahmeversprechens f\u00fcr diejenigen, die vor der \u00dcbernahme Afghanistans durch die radikalislamitische <a href=\"https:\/\/www.fr.de\/politik\/taliban-afghanistan-anfuehrer-regierung-krieg-mudschaheddin-islamisten-90923873.html\" class=\"id-import-Link\" data-id-ec=\"{&quot;sht&quot;:&quot;Container&quot;,&quot;shn&quot;:&quot;Story&quot;,&quot;p&quot;:{&quot;containerType&quot;:&quot;Paragraph&quot;,&quot;displayType&quot;:&quot;Paragraph InlineLink&quot;,&quot;type&quot;:&quot;INLINE_LINK&quot;,&quot;value&quot;:&quot;Taliban&quot;,&quot;variant&quot;:&quot;standardLink&quot;,&quot;sponsored&quot;:false,&quot;linkHref&quot;:&quot;https:\/\/www.fr.de\/politik\/taliban-afghanistan-anfuehrer-regierung-krieg-mudschaheddin-islamisten-90923873.html&quot;,&quot;storyElementPosition&quot;:11,&quot;storyElementCount&quot;:23}}\" target=\"_blank\" rel=\"noopener\">Taliban<\/a> f\u00fcr Deutschland gearbeitet oder sich <a href=\"https:\/\/www.fr.de\/politik\/wie-eine-frau-in-afghanistan-unter-den-taliban-leidet-93993098.html\" class=\"id-import-Link\" data-id-ec=\"{&quot;sht&quot;:&quot;Container&quot;,&quot;shn&quot;:&quot;Story&quot;,&quot;p&quot;:{&quot;containerType&quot;:&quot;Paragraph&quot;,&quot;displayType&quot;:&quot;Paragraph InlineLink&quot;,&quot;type&quot;:&quot;INLINE_LINK&quot;,&quot;value&quot;:&quot;f&#xFC;r eine Demokratisierung des Landes eingesetzt&quot;,&quot;variant&quot;:&quot;standardLink&quot;,&quot;sponsored&quot;:false,&quot;linkHref&quot;:&quot;https:\/\/www.fr.de\/politik\/wie-eine-frau-in-afghanistan-unter-den-taliban-leidet-93993098.html&quot;,&quot;storyElementPosition&quot;:11,&quot;storyElementCount&quot;:23}}\" target=\"_blank\" rel=\"noopener\">f\u00fcr eine Demokratisierung des Landes eingesetzt<\/a> hatten. Wie die Initiative Kabul Luftbr\u00fccke aktuell berichtet, seien mehr als 150 Klagen auf Visa-Erteilung am Verwaltungsgericht Berlin anh\u00e4ngig und t\u00e4glich w\u00fcrden weitere Klagen eingereicht.<\/p>\n<p>Nach erfolgreicher Klage durch Afghaninnen: BAMF entzieht Aufnahmezusage<\/p>\n<p class=\"id-StoryElement-paragraph\"><a href=\"https:\/\/www.fr.de\/politik\/experte-warnt-vor-dobrindts-plaenen-zu-afghanistan-abschiebungen-zr-93985657.html\" class=\"id-import-Link\" data-id-ec=\"{&quot;sht&quot;:&quot;Container&quot;,&quot;shn&quot;:&quot;Story&quot;,&quot;p&quot;:{&quot;containerType&quot;:&quot;Paragraph&quot;,&quot;displayType&quot;:&quot;Paragraph InlineLink&quot;,&quot;type&quot;:&quot;INLINE_LINK&quot;,&quot;value&quot;:&quot;Die Gerichte entscheiden meist zugunsten der Betroffenen&quot;,&quot;variant&quot;:&quot;standardLink&quot;,&quot;sponsored&quot;:false,&quot;linkHref&quot;:&quot;https:\/\/www.fr.de\/politik\/experte-warnt-vor-dobrindts-plaenen-zu-afghanistan-abschiebungen-zr-93985657.html&quot;,&quot;storyElementPosition&quot;:14,&quot;storyElementCount&quot;:23}}\" target=\"_blank\" rel=\"noopener\">Die Gerichte entscheiden meist zugunsten der Betroffenen<\/a>: Mehr als 50 Verfahren gingen zugunsten der Antragsteller aus; \u00fcber 30 positive Beschl\u00fcsse wurden in zweiter Instanz vom Oberverwaltungsgericht Berlin-Brandenburg best\u00e4tigt. Trotz dieser eindeutigen Rechtsprechung und der Androhung von Zwangsgeld gegen\u00fcber der Bundesregierung durch die Justiz scheint sich Schwarz-Rot nicht an deutsche Aufnahmezusagen gebunden zu f\u00fchlen. Der Trick ist immer der gleiche: Hat jemand erfolgreich geklagt, wird h\u00e4ufig die erteilte Aufnahmezusage durch das BAMF entzogen. Die ist aber die Grundlage f\u00fcr ein Visum.<\/p>\n<p class=\"id-StoryElement-paragraph\">Wie die Luftbr\u00fccke Kabul dokumentiert, w\u00fcrden auch diese <a href=\"https:\/\/www.fr.de\/politik\/afghanische-gefaehrdete-anwaeltin-zeigt-innenminister-dobrindt-an-93983108.html\" class=\"id-import-Link\" data-id-ec=\"{&quot;sht&quot;:&quot;Container&quot;,&quot;shn&quot;:&quot;Story&quot;,&quot;p&quot;:{&quot;containerType&quot;:&quot;Paragraph&quot;,&quot;displayType&quot;:&quot;Paragraph InlineLink&quot;,&quot;type&quot;:&quot;INLINE_LINK&quot;,&quot;value&quot;:&quot;Widerrufsversuche des Innenministeriums als rechtswidrig&quot;,&quot;variant&quot;:&quot;standardLink&quot;,&quot;sponsored&quot;:false,&quot;linkHref&quot;:&quot;https:\/\/www.fr.de\/politik\/afghanische-gefaehrdete-anwaeltin-zeigt-innenminister-dobrindt-an-93983108.html&quot;,&quot;storyElementPosition&quot;:15,&quot;storyElementCount&quot;:23}}\" target=\"_blank\" rel=\"noopener\">Widerrufsversuche des Innenministeriums als rechtswidrig<\/a> eingestuft. Dies zeigten Klagen gegen das Vorgehen, welches von zust\u00e4ndigen Verwaltungsgerichten, etwa dem Verwaltungsgericht Ansbach und zweitinstanzlich dem Bayerischen Verwaltungsgerichtshof, als \u201erechtswidrig\u201c zur\u00fcckgewiesen w\u00fcrde. F\u00fcr die Betroffenen, meist Familien, ist das ein schwacher Trost: Sie bekommen zwar recht, die Aufnahmezusagen behalten ihre G\u00fcltigkeit. Die Einreise nach Deutschland wird aber um Wochen verz\u00f6gert, weshalb sie der Gefahr der Abschiebung durch pakistanische Beh\u00f6rden ausgesetzt sind.<\/p>\n<p>Unterdr\u00fcckung in Afghanistan: Frauen und M\u00e4dchen leiden unter dem Taliban-Regime <img decoding=\"async\" class=\"id-RatioPlaceholder-element wv_story_el_interstitialImage\" src=\"https:\/\/www.europesays.com\/de\/wp-content\/uploads\/2025\/11\/40081726-frauen-in-afghanistan-2qSinEP4htfe.jpg\" loading=\"lazy\"   height=\"2025\" width=\"3037\" alt=\"Frauen in Afghanistan\"\/><a href=\"https:\/\/www.fr.de\/politik\/taliban-regime-unterdrueckung-in-afghanistan-frauen-und-maedchen-besonders-betroffen-zr-93989412.html\" class=\"id-StoryElement-intestitialLink-link\" data-id-ec=\"{\" shn=\"\" ansehen=\"\" data-k5a-pos=\"west_story_16_photoGalleryLink\" title=\"Zur Fotostrecke: Unterdr&#xFC;ckung in Afghanistan: Frauen und M&#xE4;dchen leiden unter dem Taliban-Regime \" target=\"_blank\" rel=\"noopener\">Fotostrecke ansehen<\/a>Blamage f\u00fcr Dobrindt: Geldangebot an Afghan:innen findet kaum Resonanz<\/p>\n<p class=\"id-StoryElement-paragraph\">Dass die Bundesregierung alles daran setzt, die Menschen aus Afghanistan nicht aufzunehmen, zeigt <a href=\"https:\/\/www.fr.de\/politik\/geld-statt-einreise-fast-alle-afghanen-lehnen-dobrindt-angebot-ab-zr-94045410.html\" class=\"id-import-Link\" data-id-ec=\"{&quot;sht&quot;:&quot;Container&quot;,&quot;shn&quot;:&quot;Story&quot;,&quot;p&quot;:{&quot;containerType&quot;:&quot;Paragraph&quot;,&quot;displayType&quot;:&quot;Paragraph InlineLink&quot;,&quot;type&quot;:&quot;INLINE_LINK&quot;,&quot;value&quot;:&quot;der j&#xFC;ngste Coup von Dobrindt&quot;,&quot;variant&quot;:&quot;standardLink&quot;,&quot;sponsored&quot;:false,&quot;linkHref&quot;:&quot;https:\/\/www.fr.de\/politik\/geld-statt-einreise-fast-alle-afghanen-lehnen-dobrindt-angebot-ab-zr-94045410.html&quot;,&quot;storyElementPosition&quot;:19,&quot;storyElementCount&quot;:23}}\" target=\"_blank\" rel=\"noopener\">der j\u00fcngste Coup von Dobrindt<\/a>: Um die 700 Menschen erhielten eine E-Mail mit dem Angebot von Geld- und Sachleistungen, sollten diese nach Afghanistan zur\u00fcckkehren. Nach Ablauf der zweiw\u00f6chigen Frist am Abend des 17. November nahmen lediglich zehn Familien (62 Menschen) das Angebot an, was einer Annahmequote von unter 10 Prozent entspricht.<\/p>\n<p class=\"id-StoryElement-paragraph\">Warum sich trotz <a href=\"https:\/\/www.fr.de\/politik\/afghanistan-aufnahmeprogramme-merz-regierung-setzt-familien-pistole-auf-die-brust-zr-94021880.html\" class=\"id-import-Link\" data-id-ec=\"{&quot;sht&quot;:&quot;Container&quot;,&quot;shn&quot;:&quot;Story&quot;,&quot;p&quot;:{&quot;containerType&quot;:&quot;Paragraph&quot;,&quot;displayType&quot;:&quot;Paragraph InlineLink&quot;,&quot;type&quot;:&quot;INLINE_LINK&quot;,&quot;value&quot;:&quot;Gefahr f&#xFC;r Leib und Leben&quot;,&quot;variant&quot;:&quot;standardLink&quot;,&quot;sponsored&quot;:false,&quot;linkHref&quot;:&quot;https:\/\/www.fr.de\/politik\/afghanistan-aufnahmeprogramme-merz-regierung-setzt-familien-pistole-auf-die-brust-zr-94021880.html&quot;,&quot;storyElementPosition&quot;:21,&quot;storyElementCount&quot;:23}}\" target=\"_blank\" rel=\"noopener\">Gefahr f\u00fcr Leib und Leben<\/a> Familien entschlossen haben, das Geld anzunehmen, d\u00fcrfte am Zeitdruck liegen: Pakistan hat l\u00e4ngst angek\u00fcndigt, <a href=\"https:\/\/www.fr.de\/politik\/afghanische-gefaehrdete-kaempfen-in-deutschland-um-aufnahmezusagen-94047960.html\" class=\"id-import-Link\" data-id-ec=\"{&quot;sht&quot;:&quot;Container&quot;,&quot;shn&quot;:&quot;Story&quot;,&quot;p&quot;:{&quot;containerType&quot;:&quot;Paragraph&quot;,&quot;displayType&quot;:&quot;Paragraph InlineLink&quot;,&quot;type&quot;:&quot;INLINE_LINK&quot;,&quot;value&quot;:&quot;ab 2026 auch Afghan:innen mit Aufnahmezusage&quot;,&quot;variant&quot;:&quot;standardLink&quot;,&quot;sponsored&quot;:false,&quot;linkHref&quot;:&quot;https:\/\/www.fr.de\/politik\/afghanische-gefaehrdete-kaempfen-in-deutschland-um-aufnahmezusagen-94047960.html&quot;,&quot;storyElementPosition&quot;:21,&quot;storyElementCount&quot;:23}}\" target=\"_blank\" rel=\"noopener\">ab 2026 auch Afghan:innen mit Aufnahmezusage<\/a> abzuschieben. Diese Familien sehen offenbar keine Chance mehr auf eine Einreise nach Deutschland. Andererseits zeigt die Zahl auch, wie gro\u00df die Angst der Menschen vor den Taliban sein muss, dass sie trotz der Methoden des Bundesinnenministeriums die Hoffnung nicht g\u00e4nzlich aufgegeben haben, die rettenden Visa zu erhalten.<\/p>\n<p>Auszug des Briefs an die Bundesregierung nach der Geld-Offerte<\/p>\n<p class=\"id-StoryElement-factBox-paragraph\">Wir alle haben eine offizielle Aufnahmezusage der deutschen Regierung und warten seit Monaten und seit Jahren unter Ihrem Schutz in Pakistan und in Kabul auf unsere Evakuierung. Wir lernen gerade schmerzhaft, dass die neue <a href=\"https:\/\/www.fr.de\/politik\/geld-statt-zuflucht-fuer-afghanen-als-wuerde-man-ihnen-geld-fuer-ihr-grab-zahlen-zr-94043218.html\" class=\"id-import-Link\" data-id-ec=\"{&quot;sht&quot;:&quot;Container&quot;,&quot;shn&quot;:&quot;Story&quot;,&quot;p&quot;:{&quot;containerType&quot;:&quot;FactBox&quot;,&quot;displayType&quot;:&quot;FactBox InlineLink&quot;,&quot;type&quot;:&quot;INLINE_LINK&quot;,&quot;value&quot;:&quot;Bundesregierung Deutschlands mit immer neuen Wegen versucht&quot;,&quot;variant&quot;:&quot;standardLink&quot;,&quot;sponsored&quot;:false,&quot;linkHref&quot;:&quot;https:\/\/www.fr.de\/politik\/geld-statt-zuflucht-fuer-afghanen-als-wuerde-man-ihnen-geld-fuer-ihr-grab-zahlen-zr-94043218.html&quot;,&quot;storyElementPosition&quot;:22,&quot;storyElementCount&quot;:23}}\" target=\"_blank\" rel=\"noopener\">Bundesregierung Deutschlands mit immer neuen Wegen versucht<\/a>, den versprochenen Prozess zu beenden \u2013 ungeachtet der Tatsache, dass dadurch unser Leben in akute Gefahr von Tod und Gewalt ger\u00e4t. (&#8230;)<\/p>\n<p class=\"id-StoryElement-factBox-paragraph\">Mit diesem Schreiben m\u00f6chten wir jetzt darauf aufmerksam machen, dass das Bundesinnenministerium der Bundesrepublik Deutschland vielen von uns ein Angebot unterbreitet hat, das f\u00fcr uns zutiefst unverst\u00e4ndlich und verletzend ist: Wir werden darin indirekt aufgefordert, gegen eine finanzielle Entsch\u00e4digung auf unseren lebenswichtigen Schutz zu verzichten. Ein solches Angebot gibt uns das Gef\u00fchl, dass unser Leben und das unserer Familien nur eine Summe von Euros bedeutet. <\/p>\n<p class=\"id-StoryElement-factBox-paragraph\">Wir sind vor Bedrohung und Tod geflohen und haben bei Ihnen Schutz gesucht. Vor dem Krieg und der Taliban waren wir in unserer Heimat Menschen mit Aufgaben, mit Verantwortung, mit W\u00fcrde. Wir sind nicht vor Armut geflohen, sondern vor Gewalt und Tod. (&#8230;) Wir haben uns nicht wegen Geld in Ihren Schutz begeben \u2013 wir wollten und mussten der Taliban-Herrschaft entkommen, um zu \u00fcberleben. (&#8230;) <\/p>\n<p class=\"id-StoryElement-factBox-paragraph\">Jetzt, nach Erhalt dieser Briefe, verbringen wir Tage und N\u00e4chte in Tr\u00e4nen. Wir sind Menschen und wir brauchen etwas ganz anderes als dieses Geld. Viele von uns haben mit Deutschland zusammengearbeitet und wertvolle Lebensjahre an Ihrer Seite verbracht. Wir waren wichtige Verb\u00fcndete, Kameraden, Mitstreiter und Freunde. Deutschland steht f\u00fcr uns symbolisch f\u00fcr Menschlichkeit, Worttreue und f\u00fcr Aufrichtigkeit. Es trifft tief unsere Herzen, wenn jemand uns mit Geld dazu bewegen will, dass wir unsere Sicherheit verkaufen \u2013 und einige von uns auch ihr Leben. (&#8230;) Wir k\u00f6nnen nicht zur\u00fcck nach Afghanistan. Diese R\u00fcckkehr w\u00fcrde f\u00fcr viele von uns brutal und gewaltsam enden.<\/p>\n<p class=\"id-StoryElement-factBox-paragraph\"><strong>Unterzeichnende: <\/strong>Menschen mit Aufnahmeberechtigung gem\u00e4\u00df \u00a722 Aufenthaltsgesetz der Bundesrepublik Deutschland, derzeit in Kabul und in Pakistan, darunter u.a. Menschenrechtsaktivistinnen und -aktivisten, Journalistinnen und Journalisten, Richterinnen und Richter.<\/p>\n<p class=\"id-StoryElement-paragraph\">(Quellen: Kabul Luftbr\u00fccke, dpa, eigene Recherche) (ktho)<\/p>\n","protected":false},"excerpt":{"rendered":"Startseite Politik Stand: 23.11.2025, 04:51 Uhr Von: Katja Thorwarth DruckenTeilen Die lange Wartezeit in Pakistan endet f\u00fcr einige&hellip;\n","protected":false},"author":2,"featured_media":592235,"comment_status":"","ping_status":"","sticky":false,"template":"","format":"standard","meta":{"footnotes":""},"categories":[1816],"tags":[1960,1958,1959,1957,1956,1890,29,30],"class_list":{"0":"post-595917","1":"post","2":"type-post","3":"status-publish","4":"format-standard","5":"has-post-thumbnail","7":"category-brandenburg","8":"tag-aktuelle-nachrichten-aus-berlin-und-brandenburg","9":"tag-aktuelle-nachrichten-aus-brandenburg","10":"tag-aktuelle-news-aus-berlin-und-brandenburg","11":"tag-aktuelle-news-aus-brandenburg","12":"tag-berlin-und-brandenburg","13":"tag-brandenburg","14":"tag-deutschland","15":"tag-germany"},"share_on_mastodon":{"url":"https:\/\/pubeurope.com\/@de\/115597751042419046","error":""},"_links":{"self":[{"href":"https:\/\/www.europesays.com\/de\/wp-json\/wp\/v2\/posts\/595917","targetHints":{"allow":["GET"]}}],"collection":[{"href":"https:\/\/www.europesays.com\/de\/wp-json\/wp\/v2\/posts"}],"about":[{"href":"https:\/\/www.europesays.com\/de\/wp-json\/wp\/v2\/types\/post"}],"author":[{"embeddable":true,"href":"https:\/\/www.europesays.com\/de\/wp-json\/wp\/v2\/users\/2"}],"replies":[{"embeddable":true,"href":"https:\/\/www.europesays.com\/de\/wp-json\/wp\/v2\/comments?post=595917"}],"version-history":[{"count":0,"href":"https:\/\/www.europesays.com\/de\/wp-json\/wp\/v2\/posts\/595917\/revisions"}],"wp:featuredmedia":[{"embeddable":true,"href":"https:\/\/www.europesays.com\/de\/wp-json\/wp\/v2\/media\/592235"}],"wp:attachment":[{"href":"https:\/\/www.europesays.com\/de\/wp-json\/wp\/v2\/media?parent=595917"}],"wp:term":[{"taxonomy":"category","embeddable":true,"href":"https:\/\/www.europesays.com\/de\/wp-json\/wp\/v2\/categories?post=595917"},{"taxonomy":"post_tag","embeddable":true,"href":"https:\/\/www.europesays.com\/de\/wp-json\/wp\/v2\/tags?post=595917"}],"curies":[{"name":"wp","href":"https:\/\/api.w.org\/{rel}","templated":true}]}}