{"id":596112,"date":"2025-11-23T09:07:20","date_gmt":"2025-11-23T09:07:20","guid":{"rendered":"https:\/\/www.europesays.com\/de\/596112\/"},"modified":"2025-11-23T09:07:20","modified_gmt":"2025-11-23T09:07:20","slug":"obdachlose-rat-stimmt-fuer-containerloesung-waldsee-altrip","status":"publish","type":"post","link":"https:\/\/www.europesays.com\/de\/596112\/","title":{"rendered":"Obdachlose: Rat stimmt f\u00fcr Containerl\u00f6sung &#8211; Waldsee\/Altrip"},"content":{"rendered":"<p><b>Die Verbandsgemeinde Rheinauen muss Notunterk\u00fcnfte f\u00fcr Obdachlose vorhalten. Um diese Aufgabe zu erf\u00fcllen, werden jetzt in Altrip drei Container errichtet.<\/b><\/p>\n<p> jemand seine Wohnung verliert und aus eigener Kraft keine neue Bleibe findet, gilt er als obdachlos. \u00dcber eine Million Menschen waren nach Information der Bundesarbeitsgemeinschaft Wohnungslosenhilfe in Deutschland im vergangenen Jahr obdachlos. 56.000 von<\/p>\n<p class=\"\">Bitte loggen Sie sich ein um den Artikel im Klartext zu sehen.<\/p>\n<p class=\"\">henin nlbeet fua dre  asD ndis die Mc,nsehen edi  hnornmmeaweg ndr,eew arbe nru ide piStez des srbsEgei e.inabbdl nI dre<\/p>\n<p class=\"\">Vbgieeenredsdmna nuaieRnhe sind ieztedr 91 rPosenen lsa Oahesbcold  aertndru ehzn cteDues,h ierv usa enrenad   ierv sua Aifrka und eein esonPr uas oaisVerde.nr<\/p>\n","protected":false},"excerpt":{"rendered":"Die Verbandsgemeinde Rheinauen muss Notunterk\u00fcnfte f\u00fcr Obdachlose vorhalten. Um diese Aufgabe zu erf\u00fcllen, werden jetzt in Altrip drei&hellip;\n","protected":false},"author":2,"featured_media":596113,"comment_status":"","ping_status":"","sticky":false,"template":"","format":"standard","meta":{"footnotes":""},"categories":[1845],"tags":[6027,16302,45352,1634,142484,41576,3364,29,548,663,3934,30,13,4060,2096,14,29201,15,142486,12,184,45355,45360,45353,142485,45362],"class_list":{"0":"post-596112","1":"post","2":"type-post","3":"status-publish","4":"format-standard","5":"has-post-thumbnail","7":"category-mannheim","8":"tag-ordnungsamt","9":"tag-afrika","10":"tag-altrip","11":"tag-baden-wuerttemberg","12":"tag-bundesarbeitsgemeinschaft-wohnungslosenhilfe","13":"tag-containerloesung","14":"tag-de","15":"tag-deutschland","16":"tag-eu","17":"tag-europa","18":"tag-europe","19":"tag-germany","20":"tag-headlines","21":"tag-lokal","22":"tag-mannheim","23":"tag-nachrichten","24":"tag-neuhofen","25":"tag-news","26":"tag-otterstadt","27":"tag-schlagzeilen","28":"tag-spd","29":"tag-verbandsgemeinde","30":"tag-verbandsgemeinde-rheinauen","31":"tag-volker-mansky","32":"tag-vorderasien","33":"tag-waldsee"},"share_on_mastodon":{"url":"https:\/\/pubeurope.com\/@de\/115598225869224559","error":""},"_links":{"self":[{"href":"https:\/\/www.europesays.com\/de\/wp-json\/wp\/v2\/posts\/596112","targetHints":{"allow":["GET"]}}],"collection":[{"href":"https:\/\/www.europesays.com\/de\/wp-json\/wp\/v2\/posts"}],"about":[{"href":"https:\/\/www.europesays.com\/de\/wp-json\/wp\/v2\/types\/post"}],"author":[{"embeddable":true,"href":"https:\/\/www.europesays.com\/de\/wp-json\/wp\/v2\/users\/2"}],"replies":[{"embeddable":true,"href":"https:\/\/www.europesays.com\/de\/wp-json\/wp\/v2\/comments?post=596112"}],"version-history":[{"count":0,"href":"https:\/\/www.europesays.com\/de\/wp-json\/wp\/v2\/posts\/596112\/revisions"}],"wp:featuredmedia":[{"embeddable":true,"href":"https:\/\/www.europesays.com\/de\/wp-json\/wp\/v2\/media\/596113"}],"wp:attachment":[{"href":"https:\/\/www.europesays.com\/de\/wp-json\/wp\/v2\/media?parent=596112"}],"wp:term":[{"taxonomy":"category","embeddable":true,"href":"https:\/\/www.europesays.com\/de\/wp-json\/wp\/v2\/categories?post=596112"},{"taxonomy":"post_tag","embeddable":true,"href":"https:\/\/www.europesays.com\/de\/wp-json\/wp\/v2\/tags?post=596112"}],"curies":[{"name":"wp","href":"https:\/\/api.w.org\/{rel}","templated":true}]}}