{"id":596186,"date":"2025-11-23T09:53:22","date_gmt":"2025-11-23T09:53:22","guid":{"rendered":"https:\/\/www.europesays.com\/de\/596186\/"},"modified":"2025-11-23T09:53:22","modified_gmt":"2025-11-23T09:53:22","slug":"feuer-im-gaesteblock-nach-auswaertssieg-in-koeln","status":"publish","type":"post","link":"https:\/\/www.europesays.com\/de\/596186\/","title":{"rendered":"Feuer im G\u00e4steblock nach Ausw\u00e4rtssieg in K\u00f6ln"},"content":{"rendered":"<p>Ultras z\u00fcnden Banner an <\/p>\n<p>Feuer im Frankfurter Fanblock nach Ausw\u00e4rtssieg in K\u00f6ln<\/p>\n<p>23.11.2025 &#8211; 09:13 UhrLesedauer: 1 Min.<\/p>\n<p><a href=\"#focus-0\" class=\"transition-colors duration-200 block text-current relative\" data-sctrack=\"FocusGalleryImage.Reference\"><img fetchpriority=\"high\" data-testid=\"Opener.Image\" style=\"--lqipURL:url('https:\/\/images.t-online.de\/2025\/11\/SPzaNjqviPAN\/0x107:2048x1152\/fit-in\/150x0\/filters:blur(25)\/im-frankfurter-fanblock-brennt-ein-feuer.jpg')\"   loading=\"eager\" src=\"https:\/\/www.europesays.com\/de\/wp-content\/uploads\/2025\/11\/im-frankfurter-fanblock-brennt-ein-feuer.jpg\" alt=\"1. FC K\u00f6ln - Eintracht Frankfurt\" title=\"1. FC K\u00f6ln - Eintracht Frankfurt\" width=\"2048\" height=\"1152\" class=\"bg-[url:var(--lqipURL)] bg-cover bg-center flex h-full w-full max-w-full\" decoding=\"async\"\/><img style=\"--width:32;--height:32\" loading=\"lazy\" src=\"https:\/\/frankfurt.t-online.de\/s\/paper\/_next\/static\/media\/zoom-in.f7dae02f.svg\" alt=\"Vergr\u00f6\u00dfern des Bildes\" title=\"Vergr\u00f6\u00dfern des Bildes\" class=\"block h-[calc(var(--height)_\/_16_*_1rem)] w-[calc(var(--width)_\/_16_*_1rem)] max-w-none absolute bottom-8 right-8 rounded-4 bg-snow p-8\" decoding=\"async\"\/><\/a><\/p>\n<p>Feuer im G\u00e4steblock der Eintracht: Ursache f\u00fcr den Brand soll ein angez\u00fcndetes Banner gewesen sein. (Quelle: Federico Gambarini\/dpa\/dpa-bilder)<\/p>\n<p class=\"font-bold text-18 leading-17\">Nach dem Spiel zwischen dem 1. FC K\u00f6ln und Eintracht Frankfurt brennt es im G\u00e4steblock. Kurz zuvor kommt es zu einem Notarzt-Einsatz.<\/p>\n<p class=\"text-18 leading-17\">Im Fanblock von <a class=\"transition-colors duration-200 cursor-pointer text-inherit no-underline text-salemsfur md:hover:text-magenta md:hover:border-magenta md:focus:text-magenta border-current border-b border-solid break-words\" href=\"https:\/\/www.t-online.de\/themen\/eintracht-frankfurt\/\" data-sctrack=\"BodyAnchor\" rel=\"nofollow noopener\" target=\"_blank\">Eintracht Frankfurt<\/a> ist nach dem 4:3-Sieg im Bundesligaspiel beim <a class=\"transition-colors duration-200 cursor-pointer text-inherit no-underline text-salemsfur md:hover:text-magenta md:hover:border-magenta md:focus:text-magenta border-current border-b border-solid break-words\" href=\"https:\/\/www.t-online.de\/themen\/1-fc-koeln\/\" data-sctrack=\"BodyAnchor\" rel=\"nofollow noopener\" target=\"_blank\">1. FC K\u00f6ln<\/a> am Samstag ein Feuer ausgebrochen. Minuten nach dem Abpfiff brannte es in den unteren Reihen des G\u00e4steblocks. Dunkle Rauchschwaden zogen durch das K\u00f6lner Stadion.<\/p>\n<p class=\"text-18 leading-17\">Ursache f\u00fcr den Brand soll ein angez\u00fcndetes Banner gewesen sein, das die Ultras der Eintracht verbrannten. W\u00e4hrend der Partie hatten Fans beider Mannschaften zudem mehrfach Pyrotechnik gez\u00fcndet. Kurz nach Beginn der zweiten Halbzeit unterbrach Schiedsrichter Florian Badst\u00fcbner die Begegnung kurzzeitig, nachdem aus dem G\u00e4steblock B\u00f6ller und Feuerwerksk\u00f6rper auf den Platz geworfen wurden.<\/p>\n<p class=\"text-18 leading-17\">Der Bundesliga-Spieltag stand im Zeichen der Fan-Proteste gegen neue Sicherheitsma\u00dfnahmen der Politik. In zahlreichen Partien der 1. und <a class=\"transition-colors duration-200 cursor-pointer text-inherit no-underline text-salemsfur md:hover:text-magenta md:hover:border-magenta md:focus:text-magenta border-current border-b border-solid break-words\" href=\"https:\/\/www.t-online.de\/sport\/fussball\/2-bundesliga\/\" data-sctrack=\"BodyAnchor\" rel=\"nofollow noopener\" target=\"_blank\">2. Bundesliga<\/a> \u2013 auch in <a target=\"_blank\" class=\"transition-colors duration-200 cursor-pointer text-inherit no-underline text-salemsfur md:hover:text-magenta md:hover:border-magenta md:focus:text-magenta border-current border-b border-solid break-words\" href=\"https:\/\/koeln.t-online.de\/region\/koeln\/\" data-sctrack=\"BodyAnchor\" rel=\"nofollow noopener\">K\u00f6ln<\/a> \u2013 verzichteten Anh\u00e4nger f\u00fcr die ersten zw\u00f6lf Minuten auf Unterst\u00fctzung und schwiegen aus Protest.<\/p>\n<p class=\"text-18 leading-17\">Kurz vor Spielende gab es im Frankfurter Block einen Notarzt-Einsatz, der nicht mit dem Feuer zusammenhing. Erste Berichte des TV-Senders Sky, ein Fan sei aus dem Ober- in den Unterrang gest\u00fcrzt, <a target=\"_blank\" class=\"transition-colors duration-200 cursor-pointer text-inherit no-underline text-salemsfur md:hover:text-magenta md:hover:border-magenta md:focus:text-magenta border-current border-b border-solid break-words\" href=\"https:\/\/koeln.t-online.de\/region\/koeln\/id_101012630\/1-fc-koeln-gegen-eintracht-frankfurt-fan-aus-oberrang-gestuerzt-.html\" data-sctrack=\"BodyAnchor\" rel=\"nofollow noopener\">korrigierte der 1. FC K\u00f6ln im Nachgang<\/a>. Medizinische Details oder weitere Hintergr\u00fcnde zu dem Notfall gab der Verein aber nicht bekannt.<\/p>\n","protected":false},"excerpt":{"rendered":"Ultras z\u00fcnden Banner an Feuer im Frankfurter Fanblock nach Ausw\u00e4rtssieg in K\u00f6ln 23.11.2025 &#8211; 09:13 UhrLesedauer: 1 Min.&hellip;\n","protected":false},"author":2,"featured_media":596187,"comment_status":"","ping_status":"","sticky":false,"template":"","format":"standard","meta":{"footnotes":"","_share_on_mastodon":"0"},"categories":[1829],"tags":[722,17161,29,460,142498,2050,2051,95569,30,2052],"class_list":["post-596186","post","type-post","status-publish","format-standard","has-post-thumbnail","category-frankfurt-am-main","tag-722","tag-17161","tag-deutschland","tag-eintracht-frankfurt","tag-fanblock","tag-frankfurt","tag-frankfurt-am-main","tag-gaesteblock","tag-germany","tag-hessen"],"share_on_mastodon":{"url":"https:\/\/pubeurope.com\/@de\/115598407109505074","error":""},"_links":{"self":[{"href":"https:\/\/www.europesays.com\/de\/wp-json\/wp\/v2\/posts\/596186","targetHints":{"allow":["GET"]}}],"collection":[{"href":"https:\/\/www.europesays.com\/de\/wp-json\/wp\/v2\/posts"}],"about":[{"href":"https:\/\/www.europesays.com\/de\/wp-json\/wp\/v2\/types\/post"}],"author":[{"embeddable":true,"href":"https:\/\/www.europesays.com\/de\/wp-json\/wp\/v2\/users\/2"}],"replies":[{"embeddable":true,"href":"https:\/\/www.europesays.com\/de\/wp-json\/wp\/v2\/comments?post=596186"}],"version-history":[{"count":0,"href":"https:\/\/www.europesays.com\/de\/wp-json\/wp\/v2\/posts\/596186\/revisions"}],"wp:featuredmedia":[{"embeddable":true,"href":"https:\/\/www.europesays.com\/de\/wp-json\/wp\/v2\/media\/596187"}],"wp:attachment":[{"href":"https:\/\/www.europesays.com\/de\/wp-json\/wp\/v2\/media?parent=596186"}],"wp:term":[{"taxonomy":"category","embeddable":true,"href":"https:\/\/www.europesays.com\/de\/wp-json\/wp\/v2\/categories?post=596186"},{"taxonomy":"post_tag","embeddable":true,"href":"https:\/\/www.europesays.com\/de\/wp-json\/wp\/v2\/tags?post=596186"}],"curies":[{"name":"wp","href":"https:\/\/api.w.org\/{rel}","templated":true}]}}