{"id":596621,"date":"2025-11-23T14:20:21","date_gmt":"2025-11-23T14:20:21","guid":{"rendered":"https:\/\/www.europesays.com\/de\/596621\/"},"modified":"2025-11-23T14:20:21","modified_gmt":"2025-11-23T14:20:21","slug":"glaettegefahr-im-raum-stuttgart-wetterdienst-warnt-am-sonntag-wird-es-glatt-auf-den-strassen","status":"publish","type":"post","link":"https:\/\/www.europesays.com\/de\/596621\/","title":{"rendered":"Gl\u00e4ttegefahr im Raum Stuttgart: Wetterdienst warnt: Am Sonntag wird es glatt auf den Stra\u00dfen"},"content":{"rendered":"<p>\t\t\t\t\t\t\t\t\t\t\t\t\t\t\t\t\t\t\t\t\t\t\t\t\t\t\t\t      \t\t            \t\t             \t\t\t\t   \t\t\t\t\t   <img decoding=\"async\" id=\"article-image\" fetchpriority=\"high\" alt=\"Gl\u00e4ttegefahr im Raum Stuttgart: Wetterdienst warnt: Am Sonntag wird es glatt auf den Stra\u00dfen\" title=\"Gl\u00e4ttegefahr im Raum Stuttgart: Wetterdienst warnt: Am Sonntag wird es glatt auf den Stra\u00dfen\" src=\"https:\/\/www.europesays.com\/de\/wp-content\/uploads\/2025\/11\/media.media.0dbfd16c-669f-4085-bfec-10dbe9ecd123.16x9_700.jpg\" data-linkto=\"https:\/\/www.stuttgarter-nachrichten.de\/javascript:void(0);\"\/>\t\t\t\t\t\t\t\t\t\t\t\t\t\t\t\t\t\t\t\t\t\t\t\tAm Sonntagabend wird es glatt auf den Stra\u00dfen im Raum Stuttgart. (Symbolbild)\u00a0Foto: Stefan Puchner\/dpa\/Stefan Puchner\t\t\t<\/p>\n<p>Am Sonntagnachmittag setzt im Raum Stuttgart Schneefall ein, der sich schnell in Regen verwandelt. Der Wetterdienst warnt vor glatten Stra\u00dfen. Ein \u00dcberblick.<\/p>\n<p>Autofahrer aufgepasst: Im Raum <a href=\"https:\/\/www.stuttgarter-nachrichten.de\/thema\/Stuttgart\" title=\"Stuttgart\" class=\"art_thema\" rel=\"nofollow noopener\" target=\"_blank\">Stuttgart<\/a> kommt es am Sonntagnachmittag und -abend \u00f6rtlich zu Stra\u00dfengl\u00e4tte. <\/p>\n<p>Wie ein Sprecher des Deutschen Wetterdienstes auf Nachfrage unserer Redaktion berichtet, zeigte sich der Sonntag am Morgen noch niederschlagsfrei aber mit deutlichen Minusgraden sehr kalt. Dies werde sich allerdings im Laufe des Nachmittags \u00e4ndern.<\/p>\n<p>Gegen 16 Uhr nimmt die Bew\u00f6lkung \u00fcber Stuttgart zu und es kommt zu Schneef\u00e4llen, die sich dann aber schnell in Schneeregen und dann in Regen verwandeln. Wenn dieser Niederschlag dann auf den gefrorenen Boden trifft, kann es zu glatten Stra\u00dfen f\u00fchren. Der Wetterdienst warnt in diesem Zusammenhang Fu\u00dfg\u00e4nger und Autofahrer \u2013 vor allem was die Neben- und Seitenstra\u00dfen in der Region betrifft. <\/p>\n<p>In der Nacht zum Montag ist der Spuk vorbei <\/p>\n<p>In der Nacht zum Montag ist der Spuk dann aber schon wieder vorbei, die Temperaturen befinden sich dann im einstelligen Plus-Bereich.<\/p>\n<p>Die neue Woche beginnt grau mit dichten Wolken, zeitweise kann es regnen. In der Nacht auf Dienstag bleibt der Himmel meist bedeckt. Regional fallen Regen oder Graupel. Die Temperaturen bewegen sich zwischen 0 und 4 Grad.<\/p>\n","protected":false},"excerpt":{"rendered":"Am Sonntagabend wird es glatt auf den Stra\u00dfen im Raum Stuttgart. (Symbolbild)\u00a0Foto: Stefan Puchner\/dpa\/Stefan Puchner Am Sonntagnachmittag setzt&hellip;\n","protected":false},"author":2,"featured_media":596622,"comment_status":"","ping_status":"","sticky":false,"template":"","format":"standard","meta":{"footnotes":""},"categories":[1830],"tags":[1634,3364,950,29,4906,142625,30,16406,140599,1441,5329],"class_list":{"0":"post-596621","1":"post","2":"type-post","3":"status-publish","4":"format-standard","5":"has-post-thumbnail","7":"category-stuttgart","8":"tag-baden-wuerttemberg","9":"tag-de","10":"tag-deutscher-wetterdienst","11":"tag-deutschland","12":"tag-dwd","13":"tag-eisglaette","14":"tag-germany","15":"tag-schnee","16":"tag-strassenglaette","17":"tag-stuttgart","18":"tag-video"},"share_on_mastodon":{"url":"https:\/\/pubeurope.com\/@de\/115599457378310521","error":""},"_links":{"self":[{"href":"https:\/\/www.europesays.com\/de\/wp-json\/wp\/v2\/posts\/596621","targetHints":{"allow":["GET"]}}],"collection":[{"href":"https:\/\/www.europesays.com\/de\/wp-json\/wp\/v2\/posts"}],"about":[{"href":"https:\/\/www.europesays.com\/de\/wp-json\/wp\/v2\/types\/post"}],"author":[{"embeddable":true,"href":"https:\/\/www.europesays.com\/de\/wp-json\/wp\/v2\/users\/2"}],"replies":[{"embeddable":true,"href":"https:\/\/www.europesays.com\/de\/wp-json\/wp\/v2\/comments?post=596621"}],"version-history":[{"count":0,"href":"https:\/\/www.europesays.com\/de\/wp-json\/wp\/v2\/posts\/596621\/revisions"}],"wp:featuredmedia":[{"embeddable":true,"href":"https:\/\/www.europesays.com\/de\/wp-json\/wp\/v2\/media\/596622"}],"wp:attachment":[{"href":"https:\/\/www.europesays.com\/de\/wp-json\/wp\/v2\/media?parent=596621"}],"wp:term":[{"taxonomy":"category","embeddable":true,"href":"https:\/\/www.europesays.com\/de\/wp-json\/wp\/v2\/categories?post=596621"},{"taxonomy":"post_tag","embeddable":true,"href":"https:\/\/www.europesays.com\/de\/wp-json\/wp\/v2\/tags?post=596621"}],"curies":[{"name":"wp","href":"https:\/\/api.w.org\/{rel}","templated":true}]}}