{"id":596666,"date":"2025-11-23T14:46:23","date_gmt":"2025-11-23T14:46:23","guid":{"rendered":"https:\/\/www.europesays.com\/de\/596666\/"},"modified":"2025-11-23T14:46:23","modified_gmt":"2025-11-23T14:46:23","slug":"neuer-3er-x5-neue-klasse-facelifts","status":"publish","type":"post","link":"https:\/\/www.europesays.com\/de\/596666\/","title":{"rendered":"Neuer 3er X5, neue Klasse, Facelifts"},"content":{"rendered":"<p>Die Neuheiten f\u00fcr 2026 <\/p>\n<p>BMW setzt auf radikale Ver\u00e4nderungen<\/p>\n<p>Aktualisiert am 23.11.2025 &#8211; 13:17 UhrLesedauer: 3 Min.<\/p>\n<p><a href=\"#focus-0\" class=\"transition-colors duration-200 block text-current relative\" data-sctrack=\"FocusGalleryImage.Reference\"><img fetchpriority=\"high\" data-testid=\"Opener.Image\" style=\"--lqipURL:url('https:\/\/images.t-online.de\/2025\/09\/NcIO4lI-dqRA\/646x573:2707x1523\/fit-in\/150x0\/filters:blur(25)\/neues-bmw-logo-die-weiss-blauen-segmente-grenzen-nun-direkt-an-den-schwarzen-ring-die-chromraender-sind-verschwunden-das-emblem-wirkt-flacher-klarer-und-moderner.jpg')\"   loading=\"eager\" src=\"https:\/\/www.europesays.com\/de\/wp-content\/uploads\/2025\/11\/neues-bmw-logo-die-weiss-blauen-segmente-grenzen-nun-direkt-an-den-schwarzen-ring-die-chromraender-s.jpeg\" alt=\"Neues BMW-Logo: Die wei\u00df-blauen Segmente grenzen nun direkt an den schwarzen Ring, die Chromr\u00e4nder sind verschwunden. Das Emblem wirkt flacher, klarer und moderner.\" title=\"Neues BMW-Logo: Die wei\u00df-blauen Segmente grenzen nun direkt an den schwarzen Ring, die Chromr\u00e4nder sind verschwunden. Das Emblem wirkt flacher, klarer und moderner.\" width=\"2707\" height=\"1523\" class=\"bg-[url:var(--lqipURL)] bg-cover bg-center flex h-full w-full max-w-full\" decoding=\"async\"\/><img style=\"--width:32;--height:32\" loading=\"lazy\" src=\"https:\/\/www.t-online.de\/s\/paper\/_next\/static\/media\/zoom-in.f7dae02f.svg\" alt=\"Vergr\u00f6\u00dfern des Bildes\" title=\"Vergr\u00f6\u00dfern des Bildes\" class=\"block h-[calc(var(--height)_\/_16_*_1rem)] w-[calc(var(--width)_\/_16_*_1rem)] max-w-none absolute bottom-8 right-8 rounded-4 bg-snow p-8\" decoding=\"async\"\/><\/a><\/p>\n<p>BMW: Die Bayern planen f\u00fcr das kommende Jahr eine Modelloffensive. (Quelle: Fabian Kirchbauer)<\/p>\n<p class=\"font-bold text-18 leading-17\"><strong class=\"font-bold\">BMW startet seine Modelloffensive mit neuer Technik, neuem Design und gleich mehreren komplett \u00fcberarbeiteten Baureihen. Was 2026 bringt \u2013 und was danach folgt.<\/strong><\/p>\n<p class=\"text-18 leading-17\">BMW-Vorstandschef Oliver Zipse hat es bereits angek\u00fcndigt: Ab 2026 beginnt f\u00fcr den M\u00fcnchener Autobauer eine neue \u00c4ra. In zwei Jahren will der Konzern \u00fcber 40 neue oder \u00fcberarbeitete Modelle vorstellen, vom kleinen SUV bis zur Sportlimousine. Der Startschuss f\u00e4llt mit dem <a class=\"transition-colors duration-200 cursor-pointer text-inherit no-underline text-salemsfur md:hover:text-magenta md:hover:border-magenta md:focus:text-magenta border-current border-b border-solid break-words\" href=\"https:\/\/www.t-online.de\/themen\/bmw\/\" data-sctrack=\"BodyAnchor\" target=\"_blank\" rel=\"noopener\">BMW<\/a> iX3, dem ersten Vertreter der sogenannten &#8222;Neuen Klasse&#8220;.<\/p>\n<p class=\"text-18 leading-17\">Mit der &#8222;Neuen Klasse&#8220; verfolgt BMW keinen Modellnamen, sondern eine technische und gestalterische Neuausrichtung. Herzst\u00fcck ist eine neue Elektroplattform mit 800-Volt-Technik, zonaler Steuerungsarchitektur (&#8222;Superbrains&#8220;) und dem Infotainmentsystem iDrive X mit Panoramic Display. Auch die Designsprache wurde \u00fcberarbeitet und ist klarer gezeichnet.<\/p>\n<p class=\"text-18 leading-17\">Nicht alle Modelle basieren auf der neuen Plattform. Viele \u00fcbernehmen zentrale Technik- und Designbausteine, bleiben aber auf bestehenden Architekturen. So will BMW eine m\u00f6glichst breite Modelloffensive \u00fcber alle Segmente hinweg realisieren, vom Einstiegsmodell bis zum elektrischen M3.<\/p>\n<p class=\"text-18 leading-17\">Gleichzeitig zeigen sich die Bayern wirtschaftlich vergleichsweise stabil. Zwar leidet auch BMW unter Absatzproblemen, vor allem in <a class=\"transition-colors duration-200 cursor-pointer text-inherit no-underline text-salemsfur md:hover:text-magenta md:hover:border-magenta md:focus:text-magenta border-current border-b border-solid break-words\" href=\"https:\/\/www.t-online.de\/themen\/china\/\" data-sctrack=\"BodyAnchor\" target=\"_blank\" rel=\"noopener\">China<\/a> und durch gestiegene Z\u00f6lle, doch im dritten Quartal 2025 konnte der Konzern seinen Gewinn im Vergleich zum Vorjahr deutlich steigern \u2013 wenn auch ausgehend von einem schwachen Niveau. Branchenexperten sehen BMW aktuell besser aufgestellt als viele Konkurrenten. Diese Modelle bringt BMW 2026:<\/p>\n<p>Video | Mit diesem Auto will BMW wieder richtig durchstarten<\/p>\n<p><img style=\"--width:32;--height:32\" loading=\"lazy\" src=\"https:\/\/www.t-online.de\/s\/paper\/_next\/static\/media\/loading-indicator-video.1f35d8de.svg\" alt=\"Video l\u00e4dt\" title=\"Video l\u00e4dt\" class=\"block h-[calc(var(--height)_\/_16_*_1rem)] w-[calc(var(--width)_\/_16_*_1rem)] max-w-none undefined\" decoding=\"async\"\/>Player wird geladenQuelle: t-online<\/p>\n<p class=\"text-18 leading-17\">Der <a class=\"transition-colors duration-200 cursor-pointer text-inherit no-underline text-salemsfur md:hover:text-magenta md:hover:border-magenta md:focus:text-magenta border-current border-b border-solid break-words\" href=\"https:\/\/www.t-online.de\/mobilitaet\/aktuelles\/id_100897398\/bmw-ix3-neues-elektro-suv-startet-mit-revolution-in-der-neuen-klasse-.html\" data-sctrack=\"BodyAnchor\" target=\"_blank\" rel=\"noopener\">iX3 ist das erste Serienmodell auf Basis der &#8222;Neuen Klasse&#8220;<\/a> und wurde im Herbst 2025 vorgestellt. Der vollelektrische Mittelklasse-SUV bietet bis zu 805 Kilometer Reichweite, l\u00e4dt mit bis zu 400 kW und startet im M\u00e4rz 2026 ab rund 60.000 Euro. Im Innenraum kommt erstmals das neue iDrive X mit Panoramic Display zum Einsatz.<\/p>\n<p class=\"text-18 leading-17\">Auch eine Coup\u00e9version des iX3 mit flacherem Heck scheint in den Startl\u00f6chern zu stehen, entsprechende Erlk\u00f6nigbilder lassen zumindest darauf schlie\u00dfen. Es wird spekuliert, dass die Premiere ebenfalls 2026 sein k\u00f6nnte.<\/p>\n<p class=\"text-18 leading-17\">Die n\u00e4chste Generation des 3er wird zum Jahresende 2026 erwartet. Sie \u00fcbernimmt zentrale Elemente der &#8222;Neuen Klasse&#8220;, darunter das neue Infotainmentsystem, bietet aber weiterhin eine breite Palette an Verbrennermotoren: Benziner, Diesel, Mildhybride und Plug-in-Hybride.<\/p>\n","protected":false},"excerpt":{"rendered":"Die Neuheiten f\u00fcr 2026 BMW setzt auf radikale Ver\u00e4nderungen Aktualisiert am 23.11.2025 &#8211; 13:17 UhrLesedauer: 3 Min. BMW:&hellip;\n","protected":false},"author":2,"featured_media":596667,"comment_status":"","ping_status":"","sticky":false,"template":"","format":"standard","meta":{"footnotes":""},"categories":[134],"tags":[522,38711,513,374,175,227,170,169,29,30,851,171,174,377,135897,114695,173,172],"class_list":{"0":"post-596666","1":"post","2":"type-post","3":"status-publish","4":"format-standard","5":"has-post-thumbnail","7":"category-unternehmen-maerkte","8":"tag-522","9":"tag-absatzprobleme","10":"tag-auto","11":"tag-bmw","12":"tag-business","13":"tag-china","14":"tag-companies","15":"tag-companies-markets","16":"tag-deutschland","17":"tag-germany","18":"tag-herbst","19":"tag-markets","20":"tag-maerkte","21":"tag-mercedes-benz","22":"tag-modelloffensive","23":"tag-oliver-zipse","24":"tag-unternehmen","25":"tag-unternehmen-maerkte"},"share_on_mastodon":{"url":"https:\/\/pubeurope.com\/@de\/115599560618700701","error":""},"_links":{"self":[{"href":"https:\/\/www.europesays.com\/de\/wp-json\/wp\/v2\/posts\/596666","targetHints":{"allow":["GET"]}}],"collection":[{"href":"https:\/\/www.europesays.com\/de\/wp-json\/wp\/v2\/posts"}],"about":[{"href":"https:\/\/www.europesays.com\/de\/wp-json\/wp\/v2\/types\/post"}],"author":[{"embeddable":true,"href":"https:\/\/www.europesays.com\/de\/wp-json\/wp\/v2\/users\/2"}],"replies":[{"embeddable":true,"href":"https:\/\/www.europesays.com\/de\/wp-json\/wp\/v2\/comments?post=596666"}],"version-history":[{"count":0,"href":"https:\/\/www.europesays.com\/de\/wp-json\/wp\/v2\/posts\/596666\/revisions"}],"wp:featuredmedia":[{"embeddable":true,"href":"https:\/\/www.europesays.com\/de\/wp-json\/wp\/v2\/media\/596667"}],"wp:attachment":[{"href":"https:\/\/www.europesays.com\/de\/wp-json\/wp\/v2\/media?parent=596666"}],"wp:term":[{"taxonomy":"category","embeddable":true,"href":"https:\/\/www.europesays.com\/de\/wp-json\/wp\/v2\/categories?post=596666"},{"taxonomy":"post_tag","embeddable":true,"href":"https:\/\/www.europesays.com\/de\/wp-json\/wp\/v2\/tags?post=596666"}],"curies":[{"name":"wp","href":"https:\/\/api.w.org\/{rel}","templated":true}]}}