{"id":596710,"date":"2025-11-23T15:10:25","date_gmt":"2025-11-23T15:10:25","guid":{"rendered":"https:\/\/www.europesays.com\/de\/596710\/"},"modified":"2025-11-23T15:10:25","modified_gmt":"2025-11-23T15:10:25","slug":"schon-drei-fehlschuesse-elfer-schwaeche-bedroht-bochum-sport","status":"publish","type":"post","link":"https:\/\/www.europesays.com\/de\/596710\/","title":{"rendered":"Schon drei Fehlsch\u00fcsse: Elfer-Schw\u00e4che bedroht Bochum | Sport"},"content":{"rendered":"<p>Die erste Pflichtspiel-Pleite unter Neu-Trainer Uwe R\u00f6sler (57) war umso \u00e4rgerlicher, weil absolut vermeidbar. Die Schl\u00fcsselszene f\u00fcr das Heim-1:2 gegen Dresden in der 75. Minute, als die dickste Chance zum Ausgleich viel zu l\u00e4ssig vergeben wurde&#8230;<\/p>\n<p><b>Schon drei Fehlsch\u00fcsse. Elfer-Schw\u00e4che bedroht Bochum!<\/b><\/p>\n<p>Nach Foul von Dynamo-Keeper Lennart Grill (26) an VfL-Joker Philipp Hofmann (32) zeigte Schiedsrichter Lars Erbst (31\/Gerlingen) sofort auf den Punkt. Youngster Francis Onyeka (18), in den Wochen zuvor stets einer der Besten beim Pottclub, legte sich den Ball zurecht. T\u00e4nzelte aufreizend l\u00e4ssig beim Anlauf, schickte Grill zwar in die falsche Ecke, schob die Kugel dann aber flach am linken Pfosten vorbei&#8230;<\/p>\n<p><img decoding=\"async\" width=\"992\" height=\"558\" alt=\"Der Frust war bei Francis Onyeka nach seinem versemmelten Elfmeter gegen Dresden gro\u00df\" src=\"https:\/\/www.europesays.com\/de\/wp-content\/uploads\/2025\/11\/39ffca6de4d4396a60f57600fa61b480,e8d33209\"   class=\"landscape\" loading=\"lazy\"\/><\/p>\n<p class=\"fig__caption__text\">Der Frust war bei Francis Onyeka nach seinem versemmelten Elfmeter gegen Dresden gro\u00df<\/p>\n<p>Foto: Gerd Scheewel<\/p>\n<p><b>Fakt ist: H\u00e4tte der Strafsto\u00df gesessen, w\u00e4re das Momentum klar aufseiten der Hausherren \u2013 und im Schlussspurt mit Unterst\u00fctzung der Fans \u2013 sogar noch mehr als nur ein Punkt drin gewesen. Glaubte auch R\u00f6sler, der Onyeka aber keinen Vorwurf machen wollte: \u201eEr hat Verantwortung \u00fcbernommen \u2013 das ist positiv. Trotzdem d\u00fcrfen wir auf diese Weise nicht noch h\u00e4ufiger wichtiger Z\u00e4hler liegen lassen.\u201c<\/b><\/p>\n<p>Denn die \u201eFahrkarte\u201c gegen Dynamo war bereits der dritte versemmelte Strafsto\u00df von bislang f\u00fcnf in dieser Saison. So hatten vor ihm auch schon Kapit\u00e4n Matus Bero (30) in der ersten Pokalrunde beim BFC Dynamo Berlin (3:1 n.V.) \u2013 da noch ohne Folgen \u2013 sowie Abwehr-Routinier Kevin Vogt (34) beim 1:2 auf Schalke nicht verwandeln k\u00f6nnen.<\/p>\n<p><b>Bedeutet: Bei gr\u00f6\u00dferer Treffsicherheit w\u00e4ren zumindest die beiden Liga-Niederlagen vermeidbar gewesen und der VfL st\u00fcnde aktuell mit zwei Punkten mehr im Zweitliga-Mittelfeld. Anstatt weiter im Abstiegskampf rumzud\u00fcmpeln&#8230;<\/b><\/p>\n<p><img decoding=\"async\" width=\"992\" height=\"558\" alt=\"VfL-Trainer Uwe R\u00f6sler (r.), der wegen Meckerns von Schiri Lars Erbst (l.) auch noch die Gelbe Karte sah, nahm die Niederlage gegen Dresden auch mit auf seine Kappe\" src=\"https:\/\/www.europesays.com\/de\/wp-content\/uploads\/2025\/11\/92ba99b981feca217ca63862be87e1c3,597fffcc\"   class=\"landscape\" loading=\"lazy\"\/><\/p>\n<p class=\"fig__caption__text\">VfL-Trainer Uwe R\u00f6sler (r.), der wegen Meckerns von Schiri Lars Erbst (l.) auch noch die Gelbe Karte sah, nahm die Niederlage gegen Dresden auch mit auf seine Kappe<\/p>\n<p>Foto: Gerd Scheewel<\/p>\n<p>Doch R\u00f6sler suchte die Schuld f\u00fcr das Versagen gegen den Vorletzten Dresden auch bei sich. Gestand selbstkritisch: \u201eVielleicht h\u00e4tte ich statt der jungen Spieler, die w\u00e4hrend der Woche mit ihren Nationalmannschaften unterwegs waren, fr\u00fcher auf die Erfahrenen gesetzt. Mit ihrer Einwechslung haben wir die Partie nach der Pause und 0:2-R\u00fcckstand besser in den Griff bekommen. Aber auch ich lerne trotz meines Alters noch immer dazu&#8230;\u201c<\/p>\n","protected":false},"excerpt":{"rendered":"Die erste Pflichtspiel-Pleite unter Neu-Trainer Uwe R\u00f6sler (57) war umso \u00e4rgerlicher, weil absolut vermeidbar. Die Schl\u00fcsselszene f\u00fcr das&hellip;\n","protected":false},"author":2,"featured_media":596711,"comment_status":"","ping_status":"","sticky":false,"template":"","format":"standard","meta":{"footnotes":""},"categories":[1839],"tags":[7507,3364,29,481,5085,3766,30,35338,89456,91498,1209,119671,3856,7656,819,7657,45,8173,784],"class_list":{"0":"post-596710","1":"post","2":"type-post","3":"status-publish","4":"format-standard","5":"has-post-thumbnail","7":"category-bochum","8":"tag-bochum","9":"tag-de","10":"tag-deutschland","11":"tag-dfb","12":"tag-dfl","13":"tag-dynamo-dresden","14":"tag-germany","15":"tag-hofmann-philipp","16":"tag-holtmann-gerrit","17":"tag-horn-timo","18":"tag-nordrhein-westfalen","19":"tag-roesler-uwe","20":"tag-ruhrgebiet","21":"tag-schuth-joachim","22":"tag-sport-leuchtturm-essen","23":"tag-sport-bild","24":"tag-texttospeech","25":"tag-vfl-bochum","26":"tag-zweite-bundesliga"},"share_on_mastodon":{"url":"https:\/\/pubeurope.com\/@de\/115599654633072978","error":""},"_links":{"self":[{"href":"https:\/\/www.europesays.com\/de\/wp-json\/wp\/v2\/posts\/596710","targetHints":{"allow":["GET"]}}],"collection":[{"href":"https:\/\/www.europesays.com\/de\/wp-json\/wp\/v2\/posts"}],"about":[{"href":"https:\/\/www.europesays.com\/de\/wp-json\/wp\/v2\/types\/post"}],"author":[{"embeddable":true,"href":"https:\/\/www.europesays.com\/de\/wp-json\/wp\/v2\/users\/2"}],"replies":[{"embeddable":true,"href":"https:\/\/www.europesays.com\/de\/wp-json\/wp\/v2\/comments?post=596710"}],"version-history":[{"count":0,"href":"https:\/\/www.europesays.com\/de\/wp-json\/wp\/v2\/posts\/596710\/revisions"}],"wp:featuredmedia":[{"embeddable":true,"href":"https:\/\/www.europesays.com\/de\/wp-json\/wp\/v2\/media\/596711"}],"wp:attachment":[{"href":"https:\/\/www.europesays.com\/de\/wp-json\/wp\/v2\/media?parent=596710"}],"wp:term":[{"taxonomy":"category","embeddable":true,"href":"https:\/\/www.europesays.com\/de\/wp-json\/wp\/v2\/categories?post=596710"},{"taxonomy":"post_tag","embeddable":true,"href":"https:\/\/www.europesays.com\/de\/wp-json\/wp\/v2\/tags?post=596710"}],"curies":[{"name":"wp","href":"https:\/\/api.w.org\/{rel}","templated":true}]}}