{"id":596810,"date":"2025-11-23T16:07:29","date_gmt":"2025-11-23T16:07:29","guid":{"rendered":"https:\/\/www.europesays.com\/de\/596810\/"},"modified":"2025-11-23T16:07:29","modified_gmt":"2025-11-23T16:07:29","slug":"tag-der-offenen-tuer-im-checkpoint-fuer-sexuelle-gesundheit","status":"publish","type":"post","link":"https:\/\/www.europesays.com\/de\/596810\/","title":{"rendered":"Tag der offenen T\u00fcr im Checkpoint f\u00fcr sexuelle Gesundheit"},"content":{"rendered":"<p>\n            <strong>Olpe\/Kreis Olpe. Die AIDS-Hilfe Kreis Olpe l\u00e4dt am Sonntag, 30. November, zum Tag der offenen T\u00fcr in den Checkpoint f\u00fcr sexuelle Gesundheit an der Westf\u00e4lischen Stra\u00dfe 88 in Olpe ein. Zwischen 11 und 16 Uhr haben Besucherinnen und Besucher die M\u00f6glichkeit, die Arbeit der Einrichtung kennenzulernen und sich \u00fcber Themen rund um sexuelle Gesundheit zu informieren.<\/strong>\n        <\/p>\n<p>                    <a href=\"mailto:?&amp;subject=Gelesen bei LokalPlus%3A Tag der offenen T\u00fcr im Checkpoint f\u00fcr sexuelle Gesundheit&amp;body=%0A%0ATag der offenen T\u00fcr im Checkpoint f\u00fcr sexuelle Gesundheit%0A%0Ahttp%3A%2F%2Fwww.lokalplus.nrw%2Fkreis-olpe%2Ftag-der-offenen-tuer-im-checkpoint-fuer-sexuelle-gesundheit-98598%0A%0A\" class=\"share-link\" data-statistic-item=\"article\" data-id=\"69202ef5df4cab1f27c7575e\" title=\"E-Mail senden\"><\/p>\n<p>            <\/a><br \/>\n                    <a href=\"https:\/\/www.facebook.com\/sharer\/sharer.php?u=http%3A%2F%2Fwww.lokalplus.nrw%2Fkreis-olpe%2Ftag-der-offenen-tuer-im-checkpoint-fuer-sexuelle-gesundheit-98598\" class=\"share-link\" data-statistic-item=\"article\" data-id=\"69202ef5df4cab1f27c7575e\" target=\"_blank\" title=\"Bei Facebook teilen\" rel=\"nofollow noopener\"><\/p>\n<p>            <\/a><br \/>\n                    <a href=\"https:\/\/twitter.com\/home?status=http%3A%2F%2Fwww.lokalplus.nrw%2Fkreis-olpe%2Ftag-der-offenen-tuer-im-checkpoint-fuer-sexuelle-gesundheit-98598\" class=\"share-link\" data-statistic-item=\"article\" data-id=\"69202ef5df4cab1f27c7575e\" target=\"_blank\" title=\"Profil twittern\" rel=\"nofollow noopener\"><\/p>\n<p>            <\/a><br \/>\n                    <a href=\"https:\/\/www.xing.com\/spi\/shares\/new?url=http%3A%2F%2Fwww.lokalplus.nrw%2Fkreis-olpe%2Ftag-der-offenen-tuer-im-checkpoint-fuer-sexuelle-gesundheit-98598\" class=\"share-link\" data-statistic-item=\"article\" data-id=\"69202ef5df4cab1f27c7575e\" target=\"_blank\" title=\"Bei Xing teilen\" rel=\"nofollow noopener\"><\/p>\n<p>            <\/a><\/p>\n<p>        <img decoding=\"async\" src=\"https:\/\/www.lokalplus.nrw\/images\/bobs\/bob-hint.svg\" alt=\"\"\/><br \/>\n                    <img decoding=\"async\" src=\"https:\/\/www.europesays.com\/de\/wp-content\/uploads\/2025\/11\/90680-76683-g-581.webp.jpeg\"\/><\/p>\n<p>Der Termin findet bewusst rund um den Welt-AIDS-Tag am 1. Dezember statt. Er bietet die Gelegenheit, mit den Mitarbeitern ins Gespr\u00e4ch zu kommen, Einblicke in ihre t\u00e4gliche Arbeit zu erhalten und mehr \u00fcber moderne HIV-Pr\u00e4vention, solidarisches Miteinander und die Angebote des Checkpoints zu erfahren.<\/p>\n<p>        <img decoding=\"async\" src=\"https:\/\/www.lokalplus.nrw\/images\/bobs\/bob-hint.svg\" alt=\"\"\/><br \/>\n                    <img decoding=\"async\" src=\"https:\/\/www.europesays.com\/de\/wp-content\/uploads\/2025\/11\/84595-49442-g-836.jpg\"\/><img decoding=\"async\" src=\"https:\/\/www.europesays.com\/de\/wp-content\/uploads\/2025\/11\/16075-15714-g-593.jpg\"\/><img decoding=\"async\" src=\"https:\/\/www.europesays.com\/de\/wp-content\/uploads\/2025\/11\/31784-72107-g-794.jpg\"\/><img decoding=\"async\" src=\"https:\/\/www.europesays.com\/de\/wp-content\/uploads\/2025\/11\/92927-57339-g-972.jpg\"\/><img decoding=\"async\" src=\"https:\/\/www.europesays.com\/de\/wp-content\/uploads\/2025\/11\/43594-21808-g-937.jpg\"\/><\/p>\n<p>Eingeladen sind alle Menschen, die sich f\u00fcr sexuelle Gesundheit interessieren \u2013 unabh\u00e4ngig von Alter, Geschlecht, sexueller Orientierung oder Vorerfahrungen. Der Tag der offenen T\u00fcr steht ganz im Zeichen des langj\u00e4hrigen Engagements des Checkpoints.<\/p>\n<p>        <img decoding=\"async\" src=\"https:\/\/www.lokalplus.nrw\/images\/bobs\/bob-hint.svg\" alt=\"\"\/><br \/>\n                    <img decoding=\"async\" src=\"https:\/\/www.europesays.com\/de\/wp-content\/uploads\/2025\/11\/77395-78079-g-436.jpg\"\/><\/p>\n<p>                                                                                                            <script async src=\"https:\/\/platform.twitter.com\/widgets.js\" charset=\"utf-8\"><\/script><\/p>\n","protected":false},"excerpt":{"rendered":"Olpe\/Kreis Olpe. Die AIDS-Hilfe Kreis Olpe l\u00e4dt am Sonntag, 30. November, zum Tag der offenen T\u00fcr in den&hellip;\n","protected":false},"author":2,"featured_media":596811,"comment_status":"","ping_status":"","sticky":false,"template":"","format":"standard","meta":{"footnotes":""},"categories":[137],"tags":[29,30,141,232],"class_list":{"0":"post-596810","1":"post","2":"type-post","3":"status-publish","4":"format-standard","5":"has-post-thumbnail","7":"category-gesundheit","8":"tag-deutschland","9":"tag-germany","10":"tag-gesundheit","11":"tag-health"},"share_on_mastodon":{"url":"https:\/\/pubeurope.com\/@de\/115599879066464143","error":""},"_links":{"self":[{"href":"https:\/\/www.europesays.com\/de\/wp-json\/wp\/v2\/posts\/596810","targetHints":{"allow":["GET"]}}],"collection":[{"href":"https:\/\/www.europesays.com\/de\/wp-json\/wp\/v2\/posts"}],"about":[{"href":"https:\/\/www.europesays.com\/de\/wp-json\/wp\/v2\/types\/post"}],"author":[{"embeddable":true,"href":"https:\/\/www.europesays.com\/de\/wp-json\/wp\/v2\/users\/2"}],"replies":[{"embeddable":true,"href":"https:\/\/www.europesays.com\/de\/wp-json\/wp\/v2\/comments?post=596810"}],"version-history":[{"count":0,"href":"https:\/\/www.europesays.com\/de\/wp-json\/wp\/v2\/posts\/596810\/revisions"}],"wp:featuredmedia":[{"embeddable":true,"href":"https:\/\/www.europesays.com\/de\/wp-json\/wp\/v2\/media\/596811"}],"wp:attachment":[{"href":"https:\/\/www.europesays.com\/de\/wp-json\/wp\/v2\/media?parent=596810"}],"wp:term":[{"taxonomy":"category","embeddable":true,"href":"https:\/\/www.europesays.com\/de\/wp-json\/wp\/v2\/categories?post=596810"},{"taxonomy":"post_tag","embeddable":true,"href":"https:\/\/www.europesays.com\/de\/wp-json\/wp\/v2\/tags?post=596810"}],"curies":[{"name":"wp","href":"https:\/\/api.w.org\/{rel}","templated":true}]}}