{"id":596851,"date":"2025-11-23T16:34:23","date_gmt":"2025-11-23T16:34:23","guid":{"rendered":"https:\/\/www.europesays.com\/de\/596851\/"},"modified":"2025-11-23T16:34:23","modified_gmt":"2025-11-23T16:34:23","slug":"auch-terodde-staunt-ueber-schiri-pfiff","status":"publish","type":"post","link":"https:\/\/www.europesays.com\/de\/596851\/","title":{"rendered":"Auch Terodde staunt \u00fcber Schiri-Pfiff\u00a0"},"content":{"rendered":"<p>\t\tTor-Klau nach Schalker Ecke in M\u00fcnster?<br \/>\n\t\t\t\t\tAuch Terodde staunt \u00fcber Pfiff des Schiedsrichters<\/p>\n<p>\t\t\t\t<a class=\"article-author__name\" href=\"https:\/\/www.ruhrnachrichten.de\/author\/norbert-neubaum\/\" rel=\"author noopener\" target=\"_blank\">Norbert Neubaum<\/a><br \/>\n\t\tfreier Mitarbeiter<\/p>\n<p>    <a href=\"https:\/\/www.ruhrnachrichten.de\/wp-content\/uploads\/2025\/11\/23\/13\/630_0900_5373315_-1648x824.jpg\" target=\"_blank\" rel=\"noopener\"><\/p>\n<p>            <img loading=\"lazy\" decoding=\"async\" src=\"https:\/\/www.europesays.com\/de\/wp-content\/uploads\/2025\/11\/630_0900_5373314_-640x428.jpg\" width=\"640\" height=\"428\"  alt=\"\"\/><\/p>\n<p>    <\/a><br \/>\n    Preu\u00dfen-Keeper Johannes Schenk am Boden, der Ball im Tor &#8211; der Treffer nach dem Eckball von Finn Porath z\u00e4hlte aber nicht. Es soll ein Foulspiel von Mika Wallentowitz (Nr. 35) vorangegangen sein. \u00a9 KROEGER\/RHR-FOTO<\/p>\n<p class=\"article__teaser-text\">Wurde Schalke in M\u00fcnster ein Tor geklaut? Nach einem Eckball in der zweiten Minute sah es ganz nach der S04-F\u00fchrung aus. Aber es wurde anders entschieden.<\/p>\n<p>1 Min Lesezeit<\/p>\n<p>Ecke, Tor \u2013 danach sah es in der zweiten Minute beim Schalker Spiel in M\u00fcnster (0:0) aus. Einen Eckball von Finn Porath hatte Preu\u00dfen-Keeper Johannes Schenk nicht unter Kontrolle bekommen, der Ball landete im Tor. Aber Schiedsrichter Florian Lechner zeigte nicht zum Mittelkreis, sondern entschied: Kein Tor. Freisto\u00df f\u00fcr M\u00fcnster.<\/p>\n<p>\t\t<a href=\"https:\/\/www.ruhrnachrichten.de\/schalke-04\/schalke-talk-schwache-leistung-gegen-muenster-ohne-tor-in-ueberzahl-w1110188-2001884286\/\" rel=\"nofollow noopener\" aria-hidden=\"true\" tabindex=\"-1\" title=\"Schwache Leistung kein Beinbruch?! Der Schalke-Talk nach M\u00fcnster\" aria-label=\"Schwache Leistung kein Beinbruch?! Der Schalke-Talk nach M\u00fcnster\" target=\"_blank\"><\/p>\n<p>                <img decoding=\"async\" src=\"https:\/\/www.europesays.com\/de\/wp-content\/uploads\/2025\/11\/630_0900_5370343_-160x160.jpg\"  width=\"160\" height=\"160\" alt=\"Sprechen nach der Partie gegen M\u00fcnster \u00fcber das Spiel: Schalke-Reporter Ren\u00e9 Preu\u00df und Schalke-Experte Frank Leszinski.\" loading=\"lazy\"\/><\/p>\n<p>\t\t<\/a><\/p>\n<p>Lechner hatte offenbar ein Foulspiel an Schenk von Mika Wallentowitz gesehen, der sich beim Eckball unmittelbar vor dem Torh\u00fcter positioniert hatte. Das war aber auch schon alles, ein Foulspiel von Wallentowitz war auch bei n\u00e4herem Hinsehen nicht zu erkennen. Auch nicht f\u00fcr Simon Terodde. Der Zweitliga-Rekordsch\u00fctze, der Schalke 2022 wieder zur\u00fcck in die Erste Liga geschossen hatte und am Samstag als Sky-Experte aktiv war, urteilte: \u201eDa hat M\u00fcnster aber sehr viel Gl\u00fcck gehabt.\u201c<\/p>\n<p>\t\t<a href=\"https:\/\/www.ruhrnachrichten.de\/schalke-04\/schalke-news-muenster-nullnummer-unentschieden-muslic-ueberzahl-schenk-sylla-w1110187-2001884292\/\" rel=\"nofollow noopener\" aria-hidden=\"true\" tabindex=\"-1\" title=\"Schalke hat \u201ezu viel nachgedacht\u201c Das sagt Miron Muslic zum \u00dcberzahlspiel in M\u00fcnster\" aria-label=\"Schalke hat \u201ezu viel nachgedacht\u201c Das sagt Miron Muslic zum \u00dcberzahlspiel in M\u00fcnster\" target=\"_blank\"><\/p>\n<p>                <img decoding=\"async\" src=\"https:\/\/www.europesays.com\/de\/wp-content\/uploads\/2025\/11\/630_0900_5370474_-160x160.jpg\"  width=\"160\" height=\"160\" alt=\"22.11.2025, Fussball, 2. Bundesliga, Saison 2025\/2026, 13. Spieltag, Preu\u00dfen M\u00fcnster \u2013 FC Schalke 04, Trainer Miron Muslic (FC Schalke 04)\" loading=\"lazy\"\/><\/p>\n<p>\t\t<\/a><\/p>\n<p>Direkter Augenzeuge der Szene, die neben dem sp\u00e4teren Platzverweis von Johannes Schenk die am meisten diskutierte des Spiels war, war Ron Schallenberg. \u201eIch stand ganz in der N\u00e4he. Das war ein Tor\u201c, urteilte Schalkes Mittelfeldspieler, w\u00e4hrend Eckensch\u00fctze Finn Porath nur sah, dass Schenk den Ball hatte fallen lassen: \u201eEin Foul habe ich nicht gesehen.\u201c<\/p>\n<p>\u201eDas war ein klares Tor\u201c<\/p>\n<p>Schalkes Trainer Miron Muslic hatte sich direkt nach dem Eckball Informationen von seinem Staff eingeholt: \u201eDas, was mir alle auf der Bank gesagt haben, war: ,Das war ein klares Tor.\u2018 Aber der Schiedsrichter hat ein Foul gesehen. Aus, Schluss, vorbei.\u201c <\/p>\n","protected":false},"excerpt":{"rendered":"Tor-Klau nach Schalker Ecke in M\u00fcnster? Auch Terodde staunt \u00fcber Pfiff des Schiedsrichters Norbert Neubaum freier Mitarbeiter Preu\u00dfen-Keeper&hellip;\n","protected":false},"author":2,"featured_media":596852,"comment_status":"","ping_status":"","sticky":false,"template":"","format":"standard","meta":{"footnotes":""},"categories":[1843],"tags":[10470,3364,29,30,8970,1209,23396],"class_list":{"0":"post-596851","1":"post","2":"type-post","3":"status-publish","4":"format-standard","5":"has-post-thumbnail","7":"category-muenster","8":"tag-aufreger","9":"tag-de","10":"tag-deutschland","11":"tag-germany","12":"tag-muenster","13":"tag-nordrhein-westfalen","14":"tag-schalke"},"share_on_mastodon":{"url":"https:\/\/pubeurope.com\/@de\/115599985212843669","error":""},"_links":{"self":[{"href":"https:\/\/www.europesays.com\/de\/wp-json\/wp\/v2\/posts\/596851","targetHints":{"allow":["GET"]}}],"collection":[{"href":"https:\/\/www.europesays.com\/de\/wp-json\/wp\/v2\/posts"}],"about":[{"href":"https:\/\/www.europesays.com\/de\/wp-json\/wp\/v2\/types\/post"}],"author":[{"embeddable":true,"href":"https:\/\/www.europesays.com\/de\/wp-json\/wp\/v2\/users\/2"}],"replies":[{"embeddable":true,"href":"https:\/\/www.europesays.com\/de\/wp-json\/wp\/v2\/comments?post=596851"}],"version-history":[{"count":0,"href":"https:\/\/www.europesays.com\/de\/wp-json\/wp\/v2\/posts\/596851\/revisions"}],"wp:featuredmedia":[{"embeddable":true,"href":"https:\/\/www.europesays.com\/de\/wp-json\/wp\/v2\/media\/596852"}],"wp:attachment":[{"href":"https:\/\/www.europesays.com\/de\/wp-json\/wp\/v2\/media?parent=596851"}],"wp:term":[{"taxonomy":"category","embeddable":true,"href":"https:\/\/www.europesays.com\/de\/wp-json\/wp\/v2\/categories?post=596851"},{"taxonomy":"post_tag","embeddable":true,"href":"https:\/\/www.europesays.com\/de\/wp-json\/wp\/v2\/tags?post=596851"}],"curies":[{"name":"wp","href":"https:\/\/api.w.org\/{rel}","templated":true}]}}