{"id":596968,"date":"2025-11-23T17:55:54","date_gmt":"2025-11-23T17:55:54","guid":{"rendered":"https:\/\/www.europesays.com\/de\/596968\/"},"modified":"2025-11-23T17:55:54","modified_gmt":"2025-11-23T17:55:54","slug":"weihnachtsmarkt-in-halle-saale-oeffnet-am-25-november-2025-mit-93-staenden-beleuchtete-fassaden-stille-stunde-gema-freie-musik-du-bist-halle","status":"publish","type":"post","link":"https:\/\/www.europesays.com\/de\/596968\/","title":{"rendered":"Weihnachtsmarkt in Halle (Saale) \u00f6ffnet am 25. November 2025 mit 93 St\u00e4nden \u2013 beleuchtete Fassaden, stille Stunde, gema-freie Musik \u2013 Du bist Halle"},"content":{"rendered":"<p>Wenn am Dienstag, dem 25. November 2025, um 16.30 Uhr das Licht am gro\u00dfen Weihnachtsbaum auf dem halleschen Marktplatz angeknipst wird, beginnt f\u00fcr viele Hallenserinnen und Hallenser die sch\u00f6nste Zeit des Jahres. Der Duft von Gl\u00fchwein, gebrannten Mandeln und frischem Flammlachs zieht dann wieder durch die Innenstadt \u2013 der Weihnachtsmarkt \u00f6ffnet seine Tore. Oberb\u00fcrgermeister Dr. Alexander Vogt nennt ihn den \u201ekulturellen H\u00f6hepunkt des Jahres\u201c. In diesem Jahr soll der Markt nicht nur festlich, sondern auch besonders stimmungsvoll erstrahlen: Zum ersten Mal seit 15 Jahren wird der Ratshof wieder in Rot angestrahlt, und auch das benachbarte Stadthaus erh\u00e4lt eine Illumination. \u201eDamit wollen wir die dunklen Fassaden aufhellen\u201c, sagt OB Vogt. Das Spiel aus Licht und Farbe soll die Besucherinnen und Besucher schon von weitem in Weihnachtsstimmung versetzen.<\/p>\n<p><strong>93 St\u00e4nde \u2013 von Kunsthandwerk bis Kulinarik<br \/><\/strong>Mit 93 St\u00e4nden pr\u00e4sentiert sich der hallesche Weihnachtsmarkt wieder vielseitig. 32 St\u00e4nde mit Kunstgewerbe, 21 Imbissst\u00e4nde, 18 Getr\u00e4nkest\u00e4nde, 16 S\u00fc\u00dfwarenst\u00e4nde und 6 Fahrgesch\u00e4fte sorgen f\u00fcr ein ausgewogenes Angebot. Tradition trifft dabei auf Neues. Das Finnische Dorf kehrt zur\u00fcck und bringt nordisches Flair in die Saalestadt. Mit Feuerstellen, gem\u00fctlichen Sitzgelegenheiten und Spezialit\u00e4ten wie Flammlachs oder Rentierwurst bietet es ein St\u00fcck Lappland mitten in Halle. Zudem gibt es wieder zwei Vereinsh\u00fctten, in denen sich lokale Initiativen pr\u00e4sentieren k\u00f6nnen \u2013 eine Gelegenheit, die Vielfalt der Stadtgesellschaft zu erleben. Auch musikalisch wird auf Bew\u00e4hrtes gesetzt \u2013 aber gema-frei. \u201eEs ist durchaus m\u00f6glich, gema-freie Musik sehr weihnachtlich zu halten\u201c, sagt Tobias Teschner, Fachbereichsleiter Sicherheit. \u201eDas haben die Erfahrungen aus dem Vorjahr gezeigt.\u201c F\u00fcr die j\u00fcngsten Besucherinnen und Besucher gibt es t\u00e4glich um 15 Uhr die Weihnachtsmannsprechstunde an der Krippe. Und wer auf Lichterglanz steht, darf sich freuen: Nicht nur der Weihnachtsbaum, auch der Boulevard bekommt in diesem Jahr eine neue Beleuchtung. Ein besonderer Hingucker wird wieder der M\u00e4rchenwald an der Marktkirche, der mit seinen liebevoll gestalteten Figuren Familien in seinen Bann zieht.<\/p>\n<p><strong>Sicherheitskonzept mit neuen L\u00f6sungen<br \/><\/strong>Der Weihnachtsmarkt auf dem Marktplatz bringt naturgem\u00e4\u00df logistische Herausforderungen mit sich \u2013 vor allem f\u00fcr den Stra\u00dfenbahnverkehr. Fast alle Linien au\u00dfer zweien f\u00fchren \u00fcber den zentralen Platz. Um f\u00fcr Sicherheit zu sorgen, setzt die Stadt diesmal auf bauliche Schleusen an den Zufahrten \u2013 eine dauerhaftere und optisch ansprechendere L\u00f6sung als die Polizeifahrzeuge, die in den vergangenen Jahren als Zufahrtsschutz dienten. \u201eEs ist ein riesen Aufwand\u201c, sagt Tobias Teschner. \u201eWir haben uns lange Gedanken gemacht, wie wir den Zufahrtsschutz gew\u00e4hrleisten k\u00f6nnen.\u201c Auch die Erreichbarkeit f\u00fcr Polizei, Rettungsdienste, Feuerwehr und Lieferanten musste ber\u00fccksichtigt werden. Standardl\u00f6sungen gebe es hier nicht, betont Teschner. Vor Ort sind w\u00e4hrend der gesamten Veranstaltungszeit Polizei, Ordnungsamt und ein privater Sicherheitsdienst pr\u00e4sent. Oberb\u00fcrgermeister Vogt lobt das Konzept als \u201ehervorragend\u201c und hebt die gute Zusammenarbeit der beteiligten Akteure hervor.<\/p>\n<p><strong>Ein Publikumsmagnet \u00fcber die Stadtgrenzen hinaus<br \/><\/strong>Zwischen 4.000 und 6.000 Besucherinnen und Besuchern t\u00e4glich werden erwartet. \u201eNicht nur aus Halle, auch aus dem Umland\u201c, sagt OB Vogt. Viele G\u00e4ste kommen auch aus dem Raum Leipzig \u2013 auf der Suche nach einer Alternative, \u201edie nicht so gro\u00df ist, daf\u00fcr kuschelig und \u00fcberschaubar\u201c. \u201eUnser Weihnachtsmarkt ist gem\u00fctlich aufgebaut, l\u00e4dt zum Verweilen ein\u201c, erg\u00e4nzt Tobias Teschner. Damit positioniert sich der hallesche Markt bewusst als Gegenentwurf zu den \u00fcberlaufenen Gro\u00dfm\u00e4rkten. Er\u00f6ffnet wird das Fest am 25.11. traditionell mit Musik und prominenten G\u00e4sten: Der Stadtsingechor sowie die Theater, Oper und Orchester GmbH (TOOH) gestalten den musikalischen Rahmen auf den Ratshof-Treppen. Mit dabei sind B\u00e4ckermeister Stefan Kirn, Pfarrerin Simone Carstens-Kant von der Marktkirche und erstmals auch der Landrat des Kreises Mansfeld-S\u00fcdharz.<\/p>\n<p><strong>Weihnachtsm\u00e4rkte in ganz Halle \u2013 von Domplatz bis Oper<br \/><\/strong>Neben dem gro\u00dfen Markt am Marktplatz hat sich in den vergangenen Jahren ein ganzes Netz kleinerer Adventsm\u00e4rkte entwickelt, die jeweils ihren eigenen Charakter pflegen.<\/p>\n<p>Domplatz: H\u00fcttenzauber: Ein Ort der Gem\u00fctlichkeit ist der H\u00fcttenzauber am Domplatz, betrieben von Mary Gringer (\u201eBewaffel dich\u201c). \u201eSeit dem Sommer planen wir an der Ausgestaltung\u201c, erz\u00e4hlt sie. Ge\u00f6ffnet ist der Markt vom 25. November bis 23. Dezember, jeweils von 11 bis 22 Uhr. Nach einigen Umstrukturierungen konnte in diesem Jahr eine zweite \u201eLounge\u201c eingerichtet werden. Neben w\u00e4rmenden Feuerstellen gibt es dort ein Zelt mit Weihnachtsgeschenken und Andenken hallescher K\u00fcnstlerinnen und K\u00fcnstler sowie eine Fotowand f\u00fcr Erinnerungsbilder. F\u00fcr musikalische Unterhaltung sorgen die \u201eGl\u00fchwein Bloopers\u201c. Ein besonderes Highlight erwartet die Besucher am 20. Dezember, wenn die Band \u201eBienstich\u201c ein Spendenkonzert gibt. G\u00e4ste k\u00f6nnen ihre Weihnachtstassen als Spende auf die B\u00fchne stellen \u2013 der Pfandbetrag kommt einem gemeinn\u00fctzigen Zweck zugute. Auch f\u00fcr Kinder ist gesorgt: An allen Wochenenden wird Basteln angeboten, dienstags und donnerstags treten die beliebten Figuren Finni und Rudi mit einem H\u00f6rspiel auf.<\/p>\n<p>Hallmarkt: Winterzauber: Der Winterzauber auf dem Hallmarkt bietet klassische Weihnachtsmarkt-Attraktionen f\u00fcr die ganze Familie: Ein Kettenkarussell, die \u201eGaleria Mikolaja\u201c und das Riesenrad sind Publikumslieblinge. \u201eDarauf m\u00f6chte niemand verzichten\u201c, sagt Veranstalter Torsten Erlen. Hier kommen Nostalgie und Lichterglanz zusammen \u2013 ein Ort, an dem Kinderlachen und Weihnachtsmusik das Stadtbild pr\u00e4gen.<\/p>\n<p>Opernplatz: Frohe-Zukunft-Weihnachtsmarkt: Neu in diesem Jahr ist der \u201eFrohe Zukunft\u201c-Weihnachtsmarkt vor der Oper. \u201eWir finden, dieser Platz ist pr\u00e4destiniert daf\u00fcr\u201c, sagt Mark Lange vom Stadtmarketing. Der Markt war bislang am Kleinschmieden beheimatet, musste aber aufgrund von Bauarbeiten umziehen. Die Er\u00f6ffnung erfolgt am 24. November, ge\u00f6ffnet bleibt der Markt bis 28. Dezember. Neben kulinarischen Angeboten liegt der Fokus auf Kunsthandwerk und lokalen Produkten \u2013 ein ruhigerer Ort f\u00fcr alle, die abseits des Trubels flanieren m\u00f6chten.<\/p>\n<p><strong>Nachhaltigkeit und Mobilit\u00e4t<\/strong><br \/>Auch in puncto Nachhaltigkeit setzt die Stadt auf klare Leitlinien: Die Teilnehmerinnen und Teilnehmer des Weihnachtsmarktes sind angehalten, Mehrweggeschirr zu verwenden. F\u00fcr Besucherinnen und Besucher aus dem Umland spielt zudem die S-Bahn-Linie S11 ins Geiseltal und nach Querfurt eine Rolle. Diese soll in den Marketingma\u00dfnahmen prominent beworben werden. \u201eWir wollen ein bisschen Aufmerksamkeit machen und schmunzeln erregen\u201c, sagt Mark Lange. Zudem d\u00fcrfen sich Einkaufsfreudige auf verkaufsoffene Sonntage am 30. November und 14. Dezember freuen \u2013 jeweils von 13 bis 18 Uhr in der halleschen Altstadt.<\/p>\n<p>25.11.\u201323.12.2025<br \/>Mo.\u2013Do.: 10:00\u201321:00 Uhr<br \/>Fr. &amp; Sa.: 10:00\u201322:00 Uhr<br \/>So.: 11:00\u201321:00 Uhr<br \/>23.12.: 10:00\u201320:00 Uhr<\/p>\n<p><strong>Stille Stunde \u2013 Weniger Reiz. Mehr Inklusion.<\/strong><br \/>Mo.\u2013Sa., 10:00\u201311:00 Uhr | So., 11:00\u201312:00 Uhr<br \/>sowie am 08.12. ganzt\u00e4gig<\/p>\n<p><img loading=\"lazy\" decoding=\"async\" width=\"1200\" height=\"676\" src=\"https:\/\/www.europesays.com\/de\/wp-content\/uploads\/2025\/11\/IMG-20251107-WA0022-1200x676.jpg\" alt=\"\" class=\"wp-image-333418\"  \/><\/p>\n","protected":false},"excerpt":{"rendered":"Wenn am Dienstag, dem 25. November 2025, um 16.30 Uhr das Licht am gro\u00dfen Weihnachtsbaum auf dem halleschen&hellip;\n","protected":false},"author":2,"featured_media":596969,"comment_status":"","ping_status":"","sticky":false,"template":"","format":"standard","meta":{"footnotes":""},"categories":[1860],"tags":[3364,29,548,663,3934,30,4062,17332,13,14,15,17331,860,12],"class_list":{"0":"post-596968","1":"post","2":"type-post","3":"status-publish","4":"format-standard","5":"has-post-thumbnail","7":"category-halle-saale","8":"tag-de","9":"tag-deutschland","10":"tag-eu","11":"tag-europa","12":"tag-europe","13":"tag-germany","14":"tag-halle","15":"tag-halle-saale","16":"tag-headlines","17":"tag-nachrichten","18":"tag-news","19":"tag-saale","20":"tag-sachsen-anhalt","21":"tag-schlagzeilen"},"share_on_mastodon":{"url":"https:\/\/pubeurope.com\/@de\/115600306930681741","error":""},"_links":{"self":[{"href":"https:\/\/www.europesays.com\/de\/wp-json\/wp\/v2\/posts\/596968","targetHints":{"allow":["GET"]}}],"collection":[{"href":"https:\/\/www.europesays.com\/de\/wp-json\/wp\/v2\/posts"}],"about":[{"href":"https:\/\/www.europesays.com\/de\/wp-json\/wp\/v2\/types\/post"}],"author":[{"embeddable":true,"href":"https:\/\/www.europesays.com\/de\/wp-json\/wp\/v2\/users\/2"}],"replies":[{"embeddable":true,"href":"https:\/\/www.europesays.com\/de\/wp-json\/wp\/v2\/comments?post=596968"}],"version-history":[{"count":0,"href":"https:\/\/www.europesays.com\/de\/wp-json\/wp\/v2\/posts\/596968\/revisions"}],"wp:featuredmedia":[{"embeddable":true,"href":"https:\/\/www.europesays.com\/de\/wp-json\/wp\/v2\/media\/596969"}],"wp:attachment":[{"href":"https:\/\/www.europesays.com\/de\/wp-json\/wp\/v2\/media?parent=596968"}],"wp:term":[{"taxonomy":"category","embeddable":true,"href":"https:\/\/www.europesays.com\/de\/wp-json\/wp\/v2\/categories?post=596968"},{"taxonomy":"post_tag","embeddable":true,"href":"https:\/\/www.europesays.com\/de\/wp-json\/wp\/v2\/tags?post=596968"}],"curies":[{"name":"wp","href":"https:\/\/api.w.org\/{rel}","templated":true}]}}