{"id":597001,"date":"2025-11-23T18:14:15","date_gmt":"2025-11-23T18:14:15","guid":{"rendered":"https:\/\/www.europesays.com\/de\/597001\/"},"modified":"2025-11-23T18:14:15","modified_gmt":"2025-11-23T18:14:15","slug":"gedenken-an-wuppertaler-gewerkschaftsprozesse","status":"publish","type":"post","link":"https:\/\/www.europesays.com\/de\/597001\/","title":{"rendered":"Gedenken an Wuppertaler Gewerkschaftsprozesse"},"content":{"rendered":"<p class=\"text_ohne_einzug richtext text-em-55 !leading-serif mx-6 desktop:mx-0\">Es ist ein dunkles Kapitel in der Wuppertaler Geschichte: Im Bergischen Land k\u00e4mpfte die sozialistische Arbeiterbewegung Anfang der 1930er Jahre erbittert gegen die Nationalsozialisten. Doch die \u201erote Hochburg\u201c Wuppertal wurde 1933 auch zur Hochburg der NSDAP. Mitte 1933 formierte sich der Widerstand neu und die Gestapo reagierte: 1935 kam es zu Massenverhaftungen, in deren Verlauf zwischen 1200 und 1900 Frauen und M\u00e4nner in Wuppertal, Velbert, Solingen und Remscheid festgenommen wurden.<\/p>\n<p class=\"richtext text-em-55 !leading-serif mx-6 desktop:mx-0\">Am vergangenen Samstag haben zahlreiche Gewerkschafter in Wuppertal der M\u00e4nner und Frauen, die widerstanden und als aktive K\u00e4mpferinnen und K\u00e4mpfer der Arbeiterbewegung unter dem Unrecht gelitten haben, gedacht.<\/p>\n<p class=\"richtext text-em-55 !leading-serif mx-6 desktop:mx-0\">Die Massenverfahren des Oberlandesgerichts Hamm sowie des Volksgerichtshofs in Berlin, die in Wuppertal stattfanden, gingen als Wuppertaler Gewerkschaftsprozesse in die Geschichte ein. Nun j\u00e4hrt sich der Beginn des ersten Verfahrens der Prozess-Serie zum 90. Mal.<\/p>\n<p class=\"richtext text-em-55 !leading-serif mx-6 desktop:mx-0\">Markus Quantius, Vizepr\u00e4sident des Landgerichts Wuppertal, sagte bei der Gedenkveranstaltung: \u201eDie Gewerkschaftsprozesse zeigen, was passiert, wenn Gerichte den Kompass verlieren\u201c. Die damalige Justiz habe sich zum \u201eWerkzeug der Willk\u00fcr\u201c gemacht. Und aus diesen Prozessen lassen sich Lehren ziehen, die aktueller sind denn je. \u201eEs zeigt uns, dass das Recht verletzlich ist.\u201c Und das Recht zu sch\u00fctzen, sei auch eine Frage der Haltung: \u201eEs ist die Bereitschaft, das Recht zu sch\u00fctzen, auch wenn es unbequem wird, der Mut, im Gerichtssaal f\u00fcr die Grunds\u00e4tze einzustehen, die unseren Rechtsstaat tragen\u201c.<\/p>\n<p>\u201eDie Erinnerung als lebendige Mahnung f\u00fcr die Zukunft wahren\u201c      <\/p>\n<p class=\"text_ohne_einzug richtext text-em-55 !leading-serif mx-6 desktop:mx-0\">Auch Oberb\u00fcrgermeisterin Miriam Scherff war bei der Gedenkveranstaltung am Mahnmal zugegen. Das Mahnmal am Landgericht stammt von der K\u00fcnstlerin Ulle Hees und erinnert seit 1995 an die Wuppertaler Gewerkschaftsprozesse. Scherffs Dank gilt denen, \u201edie sich f\u00fcr die Aufarbeitung und Dokumentation unserer Geschichte einsetzen, um die Erinnerung als lebendige Mahnung f\u00fcr die Zukunft zu bewahren\u201c. Dabei hob sie die Arbeit des Wuppertaler Historikers Stephan Stracke hervor, der seine Doktorarbeit den Gewerkschaftsprozessen widmete.<\/p>\n<p class=\"richtext text-em-55 !leading-serif mx-6 desktop:mx-0\">Die Prozesse wurden durch das in den Niederlanden gegr\u00fcndete Wuppertal-Komitee \u00f6ffentlich gemacht. Diese internationale Solidarit\u00e4tskampagne konnte allerdings nicht verhindern, dass mehr als 600 Angeklagte wegen \u201eVorbereitung zum Hochverrat\u201c schuldig gesprochen wurden. Die meisten von ihnen mussten f\u00fcr mehrere Jahre ins Gef\u00e4ngnis oder ins Zuchthaus.<\/p>\n<p class=\"richtext text-em-55 !leading-serif mx-6 desktop:mx-0\">Ein Mitglied des Wuppertal-Komitees war Abraham M. Teitel, ein Ingenieur und begabter Schachspieler. Er wird verhaftet und kommt am 22. Oktober 1942 ins Konzentrationslager Mauthausen, wo er am darauffolgenden Tag ermordet wird. Sein j\u00fcngster Sohn, Robert F. Teitel, ist bei der Ermordung seines Vaters ein Jahr alt. Der heute 84-j\u00e4hrige Holocaust-\u00dcberlebende wurde in Amsterdam geboren, wuchs in den USA auf, studierte Informatik und lehrte an unterschiedlichen US-amerikanischen Universit\u00e4ten. \u201eAntisemitismus beginnt in der Schule mit Mobbing\u201c, sagte er. \u201eDie Denkweise von \u201eihr\u201c und \u201ewir\u201c setzt sich ins Erwachsenenalter fort und das ist etwas, das auch schon Schulkinder verstehen.\u201c<\/p>\n","protected":false},"excerpt":{"rendered":"Es ist ein dunkles Kapitel in der Wuppertaler Geschichte: Im Bergischen Land k\u00e4mpfte die sozialistische Arbeiterbewegung Anfang der&hellip;\n","protected":false},"author":2,"featured_media":597002,"comment_status":"","ping_status":"","sticky":false,"template":"","format":"standard","meta":{"footnotes":""},"categories":[1840],"tags":[72943,39732,3364,29,20475,30,2989,142733,57025,35157,1209,1269,505,142734,4418,6226],"class_list":{"0":"post-597001","1":"post","2":"type-post","3":"status-publish","4":"format-standard","5":"has-post-thumbnail","7":"category-wuppertal","8":"tag-72943","9":"tag-arbeiterbewegung","10":"tag-de","11":"tag-deutschland","12":"tag-erinnerung","13":"tag-germany","14":"tag-geschichte","15":"tag-gewerkschaftsprozesse","16":"tag-hochburg","17":"tag-mut","18":"tag-nordrhein-westfalen","19":"tag-prozess","20":"tag-prozesse","21":"tag-teitel","22":"tag-wuppertal","23":"tag-wuppertaler"},"share_on_mastodon":{"url":"https:\/\/pubeurope.com\/@de\/115600376854922055","error":""},"_links":{"self":[{"href":"https:\/\/www.europesays.com\/de\/wp-json\/wp\/v2\/posts\/597001","targetHints":{"allow":["GET"]}}],"collection":[{"href":"https:\/\/www.europesays.com\/de\/wp-json\/wp\/v2\/posts"}],"about":[{"href":"https:\/\/www.europesays.com\/de\/wp-json\/wp\/v2\/types\/post"}],"author":[{"embeddable":true,"href":"https:\/\/www.europesays.com\/de\/wp-json\/wp\/v2\/users\/2"}],"replies":[{"embeddable":true,"href":"https:\/\/www.europesays.com\/de\/wp-json\/wp\/v2\/comments?post=597001"}],"version-history":[{"count":0,"href":"https:\/\/www.europesays.com\/de\/wp-json\/wp\/v2\/posts\/597001\/revisions"}],"wp:featuredmedia":[{"embeddable":true,"href":"https:\/\/www.europesays.com\/de\/wp-json\/wp\/v2\/media\/597002"}],"wp:attachment":[{"href":"https:\/\/www.europesays.com\/de\/wp-json\/wp\/v2\/media?parent=597001"}],"wp:term":[{"taxonomy":"category","embeddable":true,"href":"https:\/\/www.europesays.com\/de\/wp-json\/wp\/v2\/categories?post=597001"},{"taxonomy":"post_tag","embeddable":true,"href":"https:\/\/www.europesays.com\/de\/wp-json\/wp\/v2\/tags?post=597001"}],"curies":[{"name":"wp","href":"https:\/\/api.w.org\/{rel}","templated":true}]}}