{"id":597112,"date":"2025-11-23T19:26:21","date_gmt":"2025-11-23T19:26:21","guid":{"rendered":"https:\/\/www.europesays.com\/de\/597112\/"},"modified":"2025-11-23T19:26:21","modified_gmt":"2025-11-23T19:26:21","slug":"ukraine-krieg-ukrainischer-drohnenangriff-auf-kraftwerk-bei-moskau","status":"publish","type":"post","link":"https:\/\/www.europesays.com\/de\/597112\/","title":{"rendered":"Ukraine-Krieg &#8211; Ukrainischer Drohnenangriff auf Kraftwerk bei Moskau"},"content":{"rendered":"<p>                    <img decoding=\"async\" loading=\"lazy\" class=\"internal-image\" title=\"Blaues Symbolbild mit dem Logo des Deutschlandfunks und dem Zusatz &quot;Die Nachrichten&quot;\" alt=\"Blaues Symbolbild mit dem Logo des Deutschlandfunks und dem Zusatz &quot;Die Nachrichten&quot;\" src=\"https:\/\/www.europesays.com\/de\/wp-content\/uploads\/2025\/04\/dlf-die-nachrichten-header-2000x1125px-jpg-104-1920x1080.jpg\" \/><\/p>\n<p>                  Zu dieser Meldung liegt uns bisher kein Bildmaterial vor. (Deutschlandfunk )<\/p>\n<p>Dabei brach ein Gro\u00dfbrand aus, wie die \u00f6rtlichen Beh\u00f6rden mitteilten. Bei Tausenden Menschen fiel demnach bei winterlichen Temperaturen die Heizung aus. Einige Drohnen seien zwar von der Luftabwehr abgeschossen worden, mehrere seien aber auf das Gel\u00e4nde des Kraftwerks Schatura eingeschlagen, das etwa 120 Kilometer \u00f6stlich von Moskau liegt.<\/p>\n<p>Auch die Ukraine wurde erneut von russischen Drohnen angegriffen. Nach Beh\u00f6rdenangaben gerieten in der Industriestadt Dnipro Wohnh\u00e4user in Brand. Mindestens 15 Menschen seien dabei verletzt worden. Auch in Saporischschja wurden laut Milit\u00e4rverwaltung zwei Wohnh\u00e4user getroffen und sechs Menschen verletzt. Insgesamt griff Russland mit 98 Drohnen an, wie die Luftstreitkr\u00e4fte mitteilten.<\/p>\n<p>Russland meldete zudem die Einnahme dreier weiterer Ortschaften im Osten der Ukraine. Die Angaben aus dem Kriegsgebiet lie\u00dfen sich zun\u00e4chst nicht unabh\u00e4ngig \u00fcberpr\u00fcfen.<\/p>\n<p>Diese Nachricht wurde am 23.11.2025 im Programm Deutschlandfunk gesendet.<\/p>\n","protected":false},"excerpt":{"rendered":"Zu dieser Meldung liegt uns bisher kein Bildmaterial vor. (Deutschlandfunk ) Dabei brach ein Gro\u00dfbrand aus, wie die&hellip;\n","protected":false},"author":2,"featured_media":27986,"comment_status":"","ping_status":"","sticky":false,"template":"","format":"standard","meta":{"footnotes":""},"categories":[3],"tags":[13,14,15,12,10,8,9,11,103,104],"class_list":{"0":"post-597112","1":"post","2":"type-post","3":"status-publish","4":"format-standard","5":"has-post-thumbnail","7":"category-welt","8":"tag-headlines","9":"tag-nachrichten","10":"tag-news","11":"tag-schlagzeilen","12":"tag-top-news","13":"tag-top-meldungen","14":"tag-topmeldungen","15":"tag-topnews","16":"tag-welt","17":"tag-world"},"share_on_mastodon":{"url":"https:\/\/pubeurope.com\/@de\/115600660229353427","error":""},"_links":{"self":[{"href":"https:\/\/www.europesays.com\/de\/wp-json\/wp\/v2\/posts\/597112","targetHints":{"allow":["GET"]}}],"collection":[{"href":"https:\/\/www.europesays.com\/de\/wp-json\/wp\/v2\/posts"}],"about":[{"href":"https:\/\/www.europesays.com\/de\/wp-json\/wp\/v2\/types\/post"}],"author":[{"embeddable":true,"href":"https:\/\/www.europesays.com\/de\/wp-json\/wp\/v2\/users\/2"}],"replies":[{"embeddable":true,"href":"https:\/\/www.europesays.com\/de\/wp-json\/wp\/v2\/comments?post=597112"}],"version-history":[{"count":0,"href":"https:\/\/www.europesays.com\/de\/wp-json\/wp\/v2\/posts\/597112\/revisions"}],"wp:featuredmedia":[{"embeddable":true,"href":"https:\/\/www.europesays.com\/de\/wp-json\/wp\/v2\/media\/27986"}],"wp:attachment":[{"href":"https:\/\/www.europesays.com\/de\/wp-json\/wp\/v2\/media?parent=597112"}],"wp:term":[{"taxonomy":"category","embeddable":true,"href":"https:\/\/www.europesays.com\/de\/wp-json\/wp\/v2\/categories?post=597112"},{"taxonomy":"post_tag","embeddable":true,"href":"https:\/\/www.europesays.com\/de\/wp-json\/wp\/v2\/tags?post=597112"}],"curies":[{"name":"wp","href":"https:\/\/api.w.org\/{rel}","templated":true}]}}