{"id":597130,"date":"2025-11-23T19:38:13","date_gmt":"2025-11-23T19:38:13","guid":{"rendered":"https:\/\/www.europesays.com\/de\/597130\/"},"modified":"2025-11-23T19:38:13","modified_gmt":"2025-11-23T19:38:13","slug":"augsburger-maerchenstrasse-zeigt-den-wunschvogel","status":"publish","type":"post","link":"https:\/\/www.europesays.com\/de\/597130\/","title":{"rendered":"Augsburger M\u00e4rchenstra\u00dfe zeigt den \u201eWunschvogel\u201c"},"content":{"rendered":"<p class=\"em_text\"><strong>Bereits seit siebzehn Jahren betreut die Regio Augsburg Tourismus die \u201eAugsburger M\u00e4rchenstra\u00dfe\u201c. In diesem Jahr zeigen zehn Schaufenster der Innenstadt Szenen aus dem M\u00e4rchen \u201eDer Wunschvogel oder der sch\u00f6nste aller W\u00fcnsche\u201c \u2013 mit Bildern und Motiven von Elisabeth Schachinger. <\/strong><\/p>\n<p>Die Geschichte der Augsburger M\u00e4rchenstra\u00dfe beginnt vor 57 Jahren, als sich das Augsburger Warenhaus Kr\u00f6ll &amp; Nill 1968 durch ein \u00e4hnliches Projekt in M\u00fcnchen inspirieren lie\u00df. Jahr f\u00fcr Jahr dekorierte das Kaufhaus dann seine Schaufenster in der Vorweihnachtszeit mit M\u00e4rchenfiguren und Szenen des Kunstmalers Otto Geis. Die Schlie\u00dfung des Warenhauses 2001 bedeutete vorerst das Ende der M\u00e4rchenfenster. Tourismusdirektor G\u00f6tz Beck entwickelte gemeinsam mit Ullrich Styra, ehemals Schauwerbeleiter bei Kr\u00f6ll &amp; Nill, die Idee der Augsburger M\u00e4rchenstra\u00dfe. Seit 2008 gestaltet nun Ullrich Styra \u2013 laut Beck der \u201eVater der Augsburger M\u00e4rchenstra\u00dfe\u201c \u2013 bewegte M\u00e4rchenbilder, die Jahr f\u00fcr Jahr mit neuem Motto in einigen Schaufenstern der Augsburger Innenstadt nicht nur bei Kindern f\u00fcr Begeisterung sorgen.<\/p>\n<p>2025 zeigt die Augsburger M\u00e4rchenstra\u00dfe ein M\u00e4rchen, das gleicherma\u00dfen Kinder wie Erwachsene anspricht. Es geht um das W\u00fcnschen: Lisa kann nachts nicht einschlafen und so z\u00e4hlt sie ihre W\u00fcnsche. Pl\u00f6tzlich sitzt ein Vogel an ihrem Fenster und erz\u00e4hlt vom sch\u00f6nsten aller W\u00fcnsche und gemeinsam machen sie sich auf eine zauberhafte Reise. <\/p>\n<p>Insgesamt neun Schaufenster plus die frei stehende M\u00e4rchenszene im Innenhof des Maximilianmuseums zeigen \u201eLisas spannende Abenteuer mit dem Wunschvogel\u201c. Ein Kinderr\u00e4tsel leitet mit Fragen von Fenster zu Fenster. Wer alle Fragen gel\u00f6st hat, darf auf einen Gewinn hoffen. Die Teilnahmekarten gibt es in der Tourist-Information am Rathausplatz, beim Startbild der \u201eM\u00e4rchenstra\u00dfe\u201c und beim Himmlischen Postamt auf dem Christkindlesmarkt. \u201eDie M\u00e4rchenstra\u00dfe bereichert den Christkindlesmarkt und erlaubt es, zauberhafte M\u00e4rchen neu zu erleben\u201c, so Wolfgang F\u00e4rber, Leiter des Marktamtes. F\u00fcr den Handel sei die M\u00e4rchenstra\u00dfe ein Faktor, der junge Familien mit Kindern Jahr f\u00fcr Jahr anziehen w\u00fcrde.<\/p>\n<p style=\"text-align:right;\">AZ<\/p>\n","protected":false},"excerpt":{"rendered":"Bereits seit siebzehn Jahren betreut die Regio Augsburg Tourismus die \u201eAugsburger M\u00e4rchenstra\u00dfe\u201c. In diesem Jahr zeigen zehn Schaufenster&hellip;\n","protected":false},"author":2,"featured_media":597131,"comment_status":"","ping_status":"","sticky":false,"template":"","format":"standard","meta":{"footnotes":""},"categories":[1846],"tags":[95402,680,772,142759,142758,3364,29,548,663,3934,30,13,14,15,12],"class_list":{"0":"post-597130","1":"post","2":"type-post","3":"status-publish","4":"format-standard","5":"has-post-thumbnail","7":"category-augsburg","8":"tag-advent","9":"tag-augsburg","10":"tag-bayern","11":"tag-christkindlesmarkt-augsburg","12":"tag-christkindlmaerkte","13":"tag-de","14":"tag-deutschland","15":"tag-eu","16":"tag-europa","17":"tag-europe","18":"tag-germany","19":"tag-headlines","20":"tag-nachrichten","21":"tag-news","22":"tag-schlagzeilen"},"share_on_mastodon":{"url":"https:\/\/pubeurope.com\/@de\/115600707020298136","error":""},"_links":{"self":[{"href":"https:\/\/www.europesays.com\/de\/wp-json\/wp\/v2\/posts\/597130","targetHints":{"allow":["GET"]}}],"collection":[{"href":"https:\/\/www.europesays.com\/de\/wp-json\/wp\/v2\/posts"}],"about":[{"href":"https:\/\/www.europesays.com\/de\/wp-json\/wp\/v2\/types\/post"}],"author":[{"embeddable":true,"href":"https:\/\/www.europesays.com\/de\/wp-json\/wp\/v2\/users\/2"}],"replies":[{"embeddable":true,"href":"https:\/\/www.europesays.com\/de\/wp-json\/wp\/v2\/comments?post=597130"}],"version-history":[{"count":0,"href":"https:\/\/www.europesays.com\/de\/wp-json\/wp\/v2\/posts\/597130\/revisions"}],"wp:featuredmedia":[{"embeddable":true,"href":"https:\/\/www.europesays.com\/de\/wp-json\/wp\/v2\/media\/597131"}],"wp:attachment":[{"href":"https:\/\/www.europesays.com\/de\/wp-json\/wp\/v2\/media?parent=597130"}],"wp:term":[{"taxonomy":"category","embeddable":true,"href":"https:\/\/www.europesays.com\/de\/wp-json\/wp\/v2\/categories?post=597130"},{"taxonomy":"post_tag","embeddable":true,"href":"https:\/\/www.europesays.com\/de\/wp-json\/wp\/v2\/tags?post=597130"}],"curies":[{"name":"wp","href":"https:\/\/api.w.org\/{rel}","templated":true}]}}