{"id":597156,"date":"2025-11-23T19:53:18","date_gmt":"2025-11-23T19:53:18","guid":{"rendered":"https:\/\/www.europesays.com\/de\/597156\/"},"modified":"2025-11-23T19:53:18","modified_gmt":"2025-11-23T19:53:18","slug":"ukraine-news-trump-wirft-selenskyj-undankbarkeit-vor-und-gibt-europa-mitschuld-am-krieg","status":"publish","type":"post","link":"https:\/\/www.europesays.com\/de\/597156\/","title":{"rendered":"Ukraine-News: Trump wirft Selenskyj Undankbarkeit vor und gibt Europa Mitschuld am Krieg"},"content":{"rendered":"<p>17:11 Uhr | Europ\u00e4ischer Entwurf: Ukrainische Truppenst\u00e4rke bei Frieden gedeckelt<\/p>\n<p class=\"text\">\nDer Nachrichtenagentur Reuters liegt ein europ\u00e4ischer Gegenvorschlag zum US-Friedensplan f\u00fcr die Ukraine vor. Demnach soll die ukrainische Armee in Friedenszeiten auf 800.000 Soldaten begrenzt werden. Ein Nato-Beitritt der Ukraine h\u00e4nge von einem Konsens der Mitglieder ab, der nicht bestehe, hei\u00dft es in dem Dokument. Die Allianz solle sich verpflichten, in Friedenszeiten keine Truppen unter ihrem Kommando dauerhaft in der Ukraine zu stationieren. Nato-Kampfjets sollen ihre St\u00fctzpunkte in Polen unterhalten. (Quelle: Reuters)\n<\/p>\n<p>17:08 Uhr | Kiew: Neuer Entwurf von US-Plan enth\u00e4lt viele &#8222;Priorit\u00e4ten&#8220; der Ukraine<\/p>\n<p class=\"text\">\nEin neuer Entwurf des US-Plans zur Beendigung des Ukraine-Kriegs enth\u00e4lt nach Angaben eines ukrainischen Unterh\u00e4ndlers viele &#8222;wichtige Priorit\u00e4ten&#8220; seines Landes. &#8222;Die aktuelle Fassung des Dokuments, die sich zwar noch in der Endphase des Genehmigungsprozesses befindet, spiegelt bereits die meisten der wichtigsten Priorit\u00e4ten der Ukraine wider&#8220;, erkl\u00e4rte der Chef des ukrainischen Sicherheitsrats, Rustem Umerow. Er \u00e4u\u00dferte sich nach mehreren Gespr\u00e4chsrunden in Genf, wo Vertreter der Ukraine, der USA und europ\u00e4ischer Staaten \u00fcber den von Washington vorgelegten 28-Punkte-Plan berieten. (Quelle: AFP)\n<\/p>\n<p>16:55 Uhr | <a name=\"Trump\">Trump<\/a> wirft Ukraine Undankbarbeit vor und gibt Europa Mitschuld am Krieg<\/p>\n<p class=\"text\">\nUS-Pr\u00e4sident Donald Trump hat der ukrainischen F\u00fchrung Undankbarkeit f\u00fcr die US-Hilfe im Krieg gegen Russland vorgeworfen und Europa eine Mitschuld am Fortbestehen des Kriegs in der Ukraine gegeben. <a href=\"https:\/\/truthsocial.com\/@realDonaldTrump\/posts\/115599428464496784\" title=\"Trump Trutzh Social\" data-ctrl-link=\"{&#039;id&#039;: &#039;15e560e9-f00b-42d4-95fb-fdef8e2ec7c9&#039;,&#039;type&#039;:&#039;external&#039;,&#039;window&#039;:{&#039;type&#039;:&#039;blank&#039;,&#039;config&#039;:{&#039;title&#039;:&#039;Trump Trutzh Social&#039;,&#039;top&#039;:&#039;0&#039;,&#039;left&#039;:&#039;0&#039;,&#039;width&#039;:&#039;0&#039;,&#039;height&#039;:&#039;0&#039;,&#039;status&#039;:&#039;0&#039;,&#039;menubar&#039;:&#039;0&#039;,&#039;location&#039;:&#039;0&#039;,&#039;scroll&#039;:&#039;0&#039;,&#039;toolbar&#039;:&#039;0&#039;,&#039;resizable&#039;:&#039;0&#039;}}}\" target=\"_blank\" rel=\"noopener\">Trump schrieb auf seinem Online-Sprachrohr Truth Social<\/a> in Gro\u00dfbuchstaben: &#8222;Die ukrainische &#8218;F\u00fchrung&#8216; hat null Dankbarkeit f\u00fcr unsere Bem\u00fchungen gezeigt, und Europa kauft weiterhin \u00d6l aus Russland.&#8220; Der US-Pr\u00e4sident betonte in dem Zusammenhang, dass die USA weiterhin massiv Waffen an die Nato lieferten, die diese an die Ukraine weitergebe.\n<\/p>\n<p class=\"text\">\nBereits in der Vergangenheit hatte Trump der Ukraine vorgeworfen, die Unterst\u00fctzung der Vereinigten Staaten nicht ausreichend anzuerkennen. So warf er dem ukrainischen Pr\u00e4sidenten Wolodymyr Selenskyj im Februar bei einem Treffen im Wei\u00dfen Haus ebenfalls Undankbarkeit vor. Vor laufenden Kameras wiesen Trump und sein Vize JD Vance den ukrainischen Staatschef zurecht. Das Gespr\u00e4ch endete in einem beispiellosen Eklat. (Quellen: Reuters, dpa, Truth Social)\n<\/p>\n<p>15:56 Uhr | Merz bringt eigenen Ukraine-Vorschlag ein<\/p>\n<p class=\"text\">\nBundeskanzler Friedrich Merz hat erkl\u00e4rt, dass er den Ukraine-Unterh\u00e4ndlern in Genf einen eigenen Vorschlag f\u00fcr die Verhandlungen \u00fcber eine Friedensl\u00f6sung vorgelegt hat. Der CDU-Chef sagte beim G20-Gipfel in Johannesburg, er habe unterhalb des umfassenden 28 Punkte-Vorschlags der USA einen eigenen Vorschlag gemacht. Details nannte der Kanzler nicht.\n<\/p>\n<p class=\"text\">\nMerz erkl\u00e4rte, er wolle seinen Vorschlag nicht im Detail darlegen. Dar\u00fcber werde in Genf beraten. Es gehe darum, &#8222;wenigstens einen ersten Schritt am Donnerstag zu tun&#8220;. An diesem Tag l\u00e4uft die Frist von US-Pr\u00e4sident Donald Trump an die Ukraine aus, den 28-Punkte-Plan der Amerikaner zu akzeptieren. &#8222;Wenn das alles, was da an 28 Punkten aufgez\u00e4hlt ist, zu viel ist f\u00fcr f\u00fcnf Tage, dann m\u00f6chte ich wenigstens den Versuch unternehmen, dass es einen Punkt gibt, \u00fcber den man sich verst\u00e4ndigt mit Russland, auf der ukrainischen Seite und mit Zustimmung der Amerikaner und mit Zustimmung der Europ\u00e4er&#8220;, erkl\u00e4rte Merz seinen Vorsto\u00df. (Quellen: Reuters, dpa)<\/p>\n","protected":false},"excerpt":{"rendered":"17:11 Uhr | Europ\u00e4ischer Entwurf: Ukrainische Truppenst\u00e4rke bei Frieden gedeckelt Der Nachrichtenagentur Reuters liegt ein europ\u00e4ischer Gegenvorschlag zum&hellip;\n","protected":false},"author":2,"featured_media":597157,"comment_status":"","ping_status":"","sticky":false,"template":"","format":"standard","meta":{"footnotes":""},"categories":[4012],"tags":[331,332,25709,13,4046,81,14,15,20200,307,859,860,12,110210,861,317,64,103],"class_list":{"0":"post-597156","1":"post","2":"type-post","3":"status-publish","4":"format-standard","5":"has-post-thumbnail","7":"category-ukraine","8":"tag-aktuelle-nachrichten","9":"tag-aktuelle-news","10":"tag-friedensplan","11":"tag-headlines","12":"tag-krieg","13":"tag-mdr","14":"tag-nachrichten","15":"tag-news","16":"tag-rubio","17":"tag-russland","18":"tag-sachsen","19":"tag-sachsen-anhalt","20":"tag-schlagzeilen","21":"tag-sicherheitsrat","22":"tag-thueringen","23":"tag-ukraine","24":"tag-usa","25":"tag-welt"},"share_on_mastodon":{"url":"https:\/\/pubeurope.com\/@de\/115600766182009148","error":""},"_links":{"self":[{"href":"https:\/\/www.europesays.com\/de\/wp-json\/wp\/v2\/posts\/597156","targetHints":{"allow":["GET"]}}],"collection":[{"href":"https:\/\/www.europesays.com\/de\/wp-json\/wp\/v2\/posts"}],"about":[{"href":"https:\/\/www.europesays.com\/de\/wp-json\/wp\/v2\/types\/post"}],"author":[{"embeddable":true,"href":"https:\/\/www.europesays.com\/de\/wp-json\/wp\/v2\/users\/2"}],"replies":[{"embeddable":true,"href":"https:\/\/www.europesays.com\/de\/wp-json\/wp\/v2\/comments?post=597156"}],"version-history":[{"count":0,"href":"https:\/\/www.europesays.com\/de\/wp-json\/wp\/v2\/posts\/597156\/revisions"}],"wp:featuredmedia":[{"embeddable":true,"href":"https:\/\/www.europesays.com\/de\/wp-json\/wp\/v2\/media\/597157"}],"wp:attachment":[{"href":"https:\/\/www.europesays.com\/de\/wp-json\/wp\/v2\/media?parent=597156"}],"wp:term":[{"taxonomy":"category","embeddable":true,"href":"https:\/\/www.europesays.com\/de\/wp-json\/wp\/v2\/categories?post=597156"},{"taxonomy":"post_tag","embeddable":true,"href":"https:\/\/www.europesays.com\/de\/wp-json\/wp\/v2\/tags?post=597156"}],"curies":[{"name":"wp","href":"https:\/\/api.w.org\/{rel}","templated":true}]}}